{"id":37608,"date":"2022-12-31T13:06:01","date_gmt":"2022-12-31T16:06:01","guid":{"rendered":"https:\/\/temucotelevision.cl\/web\/?p=37608"},"modified":"2022-12-31T13:06:02","modified_gmt":"2022-12-31T16:06:02","slug":"bomberos-de-pucon-forman-la-4ta-compania-que-estara-al-servicio-de-los-vecinos-de-caburgua","status":"publish","type":"post","link":"https:\/\/temucotelevision.cl\/web\/2022\/12\/31\/bomberos-de-pucon-forman-la-4ta-compania-que-estara-al-servicio-de-los-vecinos-de-caburgua\/","title":{"rendered":"Bomberos de Puc\u00f3n forman la 4ta Compa\u00f1\u00eda que estar\u00e1 al servicio de los vecinos de Caburgua"},"content":{"rendered":"<div class=\"pvc_clear\"><\/div><p id=\"pvc_stats_37608\" class=\"pvc_stats total_only  \" data-element-id=\"37608\" style=\"\"><i class=\"pvc-stats-icon large\" aria-hidden=\"true\"><svg aria-hidden=\"true\" focusable=\"false\" data-prefix=\"far\" data-icon=\"chart-bar\" role=\"img\" xmlns=\"http:\/\/www.w3.org\/2000\/svg\" viewBox=\"0 0 512 512\" class=\"svg-inline--fa fa-chart-bar fa-w-16 fa-2x\"><path fill=\"currentColor\" d=\"M396.8 352h22.4c6.4 0 12.8-6.4 12.8-12.8V108.8c0-6.4-6.4-12.8-12.8-12.8h-22.4c-6.4 0-12.8 6.4-12.8 12.8v230.4c0 6.4 6.4 12.8 12.8 12.8zm-192 0h22.4c6.4 0 12.8-6.4 12.8-12.8V140.8c0-6.4-6.4-12.8-12.8-12.8h-22.4c-6.4 0-12.8 6.4-12.8 12.8v198.4c0 6.4 6.4 12.8 12.8 12.8zm96 0h22.4c6.4 0 12.8-6.4 12.8-12.8V204.8c0-6.4-6.4-12.8-12.8-12.8h-22.4c-6.4 0-12.8 6.4-12.8 12.8v134.4c0 6.4 6.4 12.8 12.8 12.8zM496 400H48V80c0-8.84-7.16-16-16-16H16C7.16 64 0 71.16 0 80v336c0 17.67 14.33 32 32 32h464c8.84 0 16-7.16 16-16v-16c0-8.84-7.16-16-16-16zm-387.2-48h22.4c6.4 0 12.8-6.4 12.8-12.8v-70.4c0-6.4-6.4-12.8-12.8-12.8h-22.4c-6.4 0-12.8 6.4-12.8 12.8v70.4c0 6.4 6.4 12.8 12.8 12.8z\" class=\"\"><\/path><\/svg><\/i> <img loading=\"lazy\" decoding=\"async\" width=\"16\" height=\"16\" alt=\"Loading\" src=\"https:\/\/temucotelevision.cl\/web\/wp-content\/plugins\/page-views-count\/ajax-loader-2x.gif\" border=0 \/><\/p><div class=\"pvc_clear\"><\/div>\n<p>Luego de 3 a\u00f1os, la primera brigada de bomberos del sector de Caburgua, se convierte definitivamente en el 4ta compa\u00f1\u00eda de bomberos de la comuna, la que estar\u00e1 al servicio de los vecinos y vecinas de Caburgua y sus alrededores, con el objetivo de combatir los incendios con mayor rapidez y suplir esta importante necesidad en la zona.<\/p>\n\n\n\n<p>Cabe destacar que esta compa\u00f1\u00eda fue formada en periodo de pandemia, tiempo durante el cual lograron conseguir&nbsp; un espacio establecido ubicado camino al parque Huerquehue, el cual est\u00e1 equipado con un carro bomba &nbsp;doble tracci\u00f3n, el que ser\u00e1 utilizado por los voluntarios que trabajan constantemente&nbsp; en las emergencias&nbsp; del sector.<\/p>\n\n\n\n<p>Juan Carlos Field, presidente nacional de Bomberos de Chile, mencion\u00f3 que los voluntarios se han preparado y capacitado para brindar el mejor servicio a sus vecinos \u201cEstamos muy contentos de acompa\u00f1ar al Cuerpo de Bomberos de Puc\u00f3n en el nacimiento de la 4 compa\u00f1\u00eda de la instituci\u00f3n,&nbsp;&nbsp;que proviene de una brigada que estuvo trabajando arduamente durante 3 a\u00f1os y que hoy se consolida como una novel compa\u00f1\u00eda. Los vecinos de Puc\u00f3n y Caburgua deben estar tranquilos porque hoy nace una nueva compa\u00f1\u00eda que se ha preparado y capacitado para dar el mejor servicio\u201d.<\/p>\n\n\n\n<p>Carlos Barra, alcalde de la comuna, envi\u00f3 un saludo a los voluntarios y familias que forman parte de esta nueva compa\u00f1\u00eda. \u201c Estamos muy contentos, porque en la historia de Puc\u00f3n y en este sector, va quedar escrito la creaci\u00f3n de la cuarta compa\u00f1\u00eda en un sector rural de la comuna, la cual era muy necesaria. Siempre detr\u00e1s de un bombero hay una familia y eso quiero destacar, enviarle un afectuoso saludo a las familias, a sus voluntarios y oficiales de esta nueva compa\u00f1\u00eda\u201d.<\/p>\n\n\n\n<p>Ricardo Herrera, director de la Cuarta Compa\u00f1\u00eda de Bomberos de Puc\u00f3n, se mostr\u00f3 muy contento por este importante logro para el sector de Caburgua. \u201cEstamos muy contentos en especial por contar con una de las autoridades m\u00e1ximas del cuerpo de bomberos. Nosotros formamos esta brigada, hoy la cuarta compa\u00f1\u00eda, en plena pandemia, as\u00ed que estamos muy contentos y felices. Este es un gran compromiso con la comunidad y tengan por seguro que nosotros siempre vamos a dar lo mejor de nosotros y vamos a estar cuando ellos nos necesiten, para eso estamos trabajando y nos hemos profesionalizado en esta larga trayectoria de ser bomberos. Estamos muy contentos porque hoy es un d\u00eda para celebrar\u201d.&nbsp;<\/p>\n","protected":false},"excerpt":{"rendered":"<div class=\"pvc_clear\"><\/div>\n<p id=\"pvc_stats_37608\" class=\"pvc_stats total_only  \" data-element-id=\"37608\" style=\"\"><i class=\"pvc-stats-icon large\" aria-hidden=\"true\"><svg aria-hidden=\"true\" focusable=\"false\" data-prefix=\"far\" data-icon=\"chart-bar\" role=\"img\" xmlns=\"http:\/\/www.w3.org\/2000\/svg\" viewBox=\"0 0 512 512\" class=\"svg-inline--fa fa-chart-bar fa-w-16 fa-2x\"><path fill=\"currentColor\" d=\"M396.8 352h22.4c6.4 0 12.8-6.4 12.8-12.8V108.8c0-6.4-6.4-12.8-12.8-12.8h-22.4c-6.4 0-12.8 6.4-12.8 12.8v230.4c0 6.4 6.4 12.8 12.8 12.8zm-192 0h22.4c6.4 0 12.8-6.4 12.8-12.8V140.8c0-6.4-6.4-12.8-12.8-12.8h-22.4c-6.4 0-12.8 6.4-12.8 12.8v198.4c0 6.4 6.4 12.8 12.8 12.8zm96 0h22.4c6.4 0 12.8-6.4 12.8-12.8V204.8c0-6.4-6.4-12.8-12.8-12.8h-22.4c-6.4 0-12.8 6.4-12.8 12.8v134.4c0 6.4 6.4 12.8 12.8 12.8zM496 400H48V80c0-8.84-7.16-16-16-16H16C7.16 64 0 71.16 0 80v336c0 17.67 14.33 32 32 32h464c8.84 0 16-7.16 16-16v-16c0-8.84-7.16-16-16-16zm-387.2-48h22.4c6.4 0 12.8-6.4 12.8-12.8v-70.4c0-6.4-6.4-12.8-12.8-12.8h-22.4c-6.4 0-12.8 6.4-12.8 12.8v70.4c0 6.4 6.4 12.8 12.8 12.8z\" class=\"\"><\/path><\/svg><\/i> <img loading=\"lazy\" decoding=\"async\" width=\"16\" height=\"16\" alt=\"Loading\" src=\"https:\/\/temucotelevision.cl\/web\/wp-content\/plugins\/page-views-count\/ajax-loader-2x.gif\" border=0 \/><\/p>\n<div class=\"pvc_clear\"><\/div>\n<p>Luego de 3 a\u00f1os, la primera brigada de bomberos del sector de Caburgua, se convierte definitivamente en el 4ta compa\u00f1\u00eda<\/p>\n","protected":false},"author":1,"featured_media":37609,"comment_status":"open","ping_status":"open","sticky":false,"template":"","format":"standard","meta":{"colormag_page_container_layout":"default_layout","colormag_page_sidebar_layout":"default_layout","footnotes":""},"categories":[14],"tags":[304,3297,1253,567],"class_list":["post-37608","post","type-post","status-publish","format-standard","has-post-thumbnail","hentry","category-temuco","tag-bomberos","tag-caburgua","tag-compania","tag-vecinos"],"a3_pvc":{"activated":true,"total_views":168,"today_views":0},"_links":{"self":[{"href":"https:\/\/temucotelevision.cl\/web\/wp-json\/wp\/v2\/posts\/37608","targetHints":{"allow":["GET"]}}],"collection":[{"href":"https:\/\/temucotelevision.cl\/web\/wp-json\/wp\/v2\/posts"}],"about":[{"href":"https:\/\/temucotelevision.cl\/web\/wp-json\/wp\/v2\/types\/post"}],"author":[{"embeddable":true,"href":"https:\/\/temucotelevision.cl\/web\/wp-json\/wp\/v2\/users\/1"}],"replies":[{"embeddable":true,"href":"https:\/\/temucotelevision.cl\/web\/wp-json\/wp\/v2\/comments?post=37608"}],"version-history":[{"count":1,"href":"https:\/\/temucotelevision.cl\/web\/wp-json\/wp\/v2\/posts\/37608\/revisions"}],"predecessor-version":[{"id":37610,"href":"https:\/\/temucotelevision.cl\/web\/wp-json\/wp\/v2\/posts\/37608\/revisions\/37610"}],"wp:featuredmedia":[{"embeddable":true,"href":"https:\/\/temucotelevision.cl\/web\/wp-json\/wp\/v2\/media\/37609"}],"wp:attachment":[{"href":"https:\/\/temucotelevision.cl\/web\/wp-json\/wp\/v2\/media?parent=37608"}],"wp:term":[{"taxonomy":"category","embeddable":true,"href":"https:\/\/temucotelevision.cl\/web\/wp-json\/wp\/v2\/categories?post=37608"},{"taxonomy":"post_tag","embeddable":true,"href":"https:\/\/temucotelevision.cl\/web\/wp-json\/wp\/v2\/tags?post=37608"}],"curies":[{"name":"wp","href":"https:\/\/api.w.org\/{rel}","templated":true}]}}