{"id":37606,"date":"2022-12-31T12:33:31","date_gmt":"2022-12-31T15:33:31","guid":{"rendered":"https:\/\/temucotelevision.cl\/web\/?p=37606"},"modified":"2022-12-31T12:33:31","modified_gmt":"2022-12-31T15:33:31","slug":"pdi-detiene-a-un-hombre-por-inducir-a-una-menor-al-abandono-del-hogar","status":"publish","type":"post","link":"https:\/\/temucotelevision.cl\/web\/2022\/12\/31\/pdi-detiene-a-un-hombre-por-inducir-a-una-menor-al-abandono-del-hogar\/","title":{"rendered":"PDI\u00a0detiene a un hombre por inducir a una menor al abandono del hogar"},"content":{"rendered":"<div class=\"pvc_clear\"><\/div><p id=\"pvc_stats_37606\" class=\"pvc_stats total_only  \" data-element-id=\"37606\" style=\"\"><i class=\"pvc-stats-icon large\" aria-hidden=\"true\"><svg aria-hidden=\"true\" focusable=\"false\" data-prefix=\"far\" data-icon=\"chart-bar\" role=\"img\" xmlns=\"http:\/\/www.w3.org\/2000\/svg\" viewBox=\"0 0 512 512\" class=\"svg-inline--fa fa-chart-bar fa-w-16 fa-2x\"><path fill=\"currentColor\" d=\"M396.8 352h22.4c6.4 0 12.8-6.4 12.8-12.8V108.8c0-6.4-6.4-12.8-12.8-12.8h-22.4c-6.4 0-12.8 6.4-12.8 12.8v230.4c0 6.4 6.4 12.8 12.8 12.8zm-192 0h22.4c6.4 0 12.8-6.4 12.8-12.8V140.8c0-6.4-6.4-12.8-12.8-12.8h-22.4c-6.4 0-12.8 6.4-12.8 12.8v198.4c0 6.4 6.4 12.8 12.8 12.8zm96 0h22.4c6.4 0 12.8-6.4 12.8-12.8V204.8c0-6.4-6.4-12.8-12.8-12.8h-22.4c-6.4 0-12.8 6.4-12.8 12.8v134.4c0 6.4 6.4 12.8 12.8 12.8zM496 400H48V80c0-8.84-7.16-16-16-16H16C7.16 64 0 71.16 0 80v336c0 17.67 14.33 32 32 32h464c8.84 0 16-7.16 16-16v-16c0-8.84-7.16-16-16-16zm-387.2-48h22.4c6.4 0 12.8-6.4 12.8-12.8v-70.4c0-6.4-6.4-12.8-12.8-12.8h-22.4c-6.4 0-12.8 6.4-12.8 12.8v70.4c0 6.4 6.4 12.8 12.8 12.8z\" class=\"\"><\/path><\/svg><\/i> <img loading=\"lazy\" decoding=\"async\" width=\"16\" height=\"16\" alt=\"Loading\" src=\"https:\/\/temucotelevision.cl\/web\/wp-content\/plugins\/page-views-count\/ajax-loader-2x.gif\" border=0 \/><\/p><div class=\"pvc_clear\"><\/div>\n<p>Detectives de la Brigada de Investigaci\u00f3n Criminal (Bicrim) Villarrica, detuvieron a un hombre -mayor de edad, en el marco de una denuncia recibida el d\u00eda de ayer 30 de diciembre por presunta desgracia de una menor de edad con domicilio en la ciudad lacustre.<\/p>\n\n\n\n<p>Seg\u00fan explic\u00f3 la subprefecta Maricel Torres subjefa de la Bicrim Villarrica, el d\u00eda de ayer \u201ctras realizar las primeras diligencias, la familia hoy 31 de diciembre, en la madrugada comienza a recibir mensajes telef\u00f3nicos donde solicitaban 1 mill\u00f3n&nbsp;&nbsp;200 mil pesos para dejarla ir a su casa\u201d.<\/p>\n\n\n\n<p>Con estos antecedentes, y en coordinaci\u00f3n la brigada de investigaciones policiales especiales Temuco, unidad especializada en la investigaci\u00f3n de este tipo de delitos, y en coordinaci\u00f3n con la Fiscal\u00eda de Flagrancia de La Araucan\u00eda, se logra dar con el paradero de la menor quien se encontraba en compa\u00f1\u00eda de un adulto, en una vivienda en dicha comuna.<\/p>\n\n\n\n<p>&nbsp;La subprefecta Torres agrego que \u201cde acuerdo con la din\u00e1mica de los hechos y a las investigaciones realizadas se procedi\u00f3 a la detenci\u00f3n en flagrancia del imputado por el delito de inducci\u00f3n de abandono de edad a menor de edad\u201d.<\/p>\n\n\n\n<p>El detenido fue puesto a disposici\u00f3n del Juzgado de Garant\u00eda de Villarrica&nbsp;&nbsp;para el control de detenci\u00f3n el d\u00eda de hoy.<\/p>\n","protected":false},"excerpt":{"rendered":"<div class=\"pvc_clear\"><\/div>\n<p id=\"pvc_stats_37606\" class=\"pvc_stats total_only  \" data-element-id=\"37606\" style=\"\"><i class=\"pvc-stats-icon large\" aria-hidden=\"true\"><svg aria-hidden=\"true\" focusable=\"false\" data-prefix=\"far\" data-icon=\"chart-bar\" role=\"img\" xmlns=\"http:\/\/www.w3.org\/2000\/svg\" viewBox=\"0 0 512 512\" class=\"svg-inline--fa fa-chart-bar fa-w-16 fa-2x\"><path fill=\"currentColor\" d=\"M396.8 352h22.4c6.4 0 12.8-6.4 12.8-12.8V108.8c0-6.4-6.4-12.8-12.8-12.8h-22.4c-6.4 0-12.8 6.4-12.8 12.8v230.4c0 6.4 6.4 12.8 12.8 12.8zm-192 0h22.4c6.4 0 12.8-6.4 12.8-12.8V140.8c0-6.4-6.4-12.8-12.8-12.8h-22.4c-6.4 0-12.8 6.4-12.8 12.8v198.4c0 6.4 6.4 12.8 12.8 12.8zm96 0h22.4c6.4 0 12.8-6.4 12.8-12.8V204.8c0-6.4-6.4-12.8-12.8-12.8h-22.4c-6.4 0-12.8 6.4-12.8 12.8v134.4c0 6.4 6.4 12.8 12.8 12.8zM496 400H48V80c0-8.84-7.16-16-16-16H16C7.16 64 0 71.16 0 80v336c0 17.67 14.33 32 32 32h464c8.84 0 16-7.16 16-16v-16c0-8.84-7.16-16-16-16zm-387.2-48h22.4c6.4 0 12.8-6.4 12.8-12.8v-70.4c0-6.4-6.4-12.8-12.8-12.8h-22.4c-6.4 0-12.8 6.4-12.8 12.8v70.4c0 6.4 6.4 12.8 12.8 12.8z\" class=\"\"><\/path><\/svg><\/i> <img loading=\"lazy\" decoding=\"async\" width=\"16\" height=\"16\" alt=\"Loading\" src=\"https:\/\/temucotelevision.cl\/web\/wp-content\/plugins\/page-views-count\/ajax-loader-2x.gif\" border=0 \/><\/p>\n<div class=\"pvc_clear\"><\/div>\n<p>Detectives de la Brigada de Investigaci\u00f3n Criminal (Bicrim) Villarrica, detuvieron a un hombre -mayor de edad, en el marco de<\/p>\n","protected":false},"author":1,"featured_media":27589,"comment_status":"open","ping_status":"open","sticky":false,"template":"","format":"standard","meta":{"colormag_page_container_layout":"default_layout","colormag_page_sidebar_layout":"default_layout","footnotes":""},"categories":[16,14],"tags":[79,188,1232,76],"class_list":["post-37606","post","type-post","status-publish","format-standard","has-post-thumbnail","hentry","category-policial","category-temuco","tag-detenido","tag-hombre","tag-menor","tag-pdi"],"a3_pvc":{"activated":true,"total_views":41,"today_views":0},"_links":{"self":[{"href":"https:\/\/temucotelevision.cl\/web\/wp-json\/wp\/v2\/posts\/37606","targetHints":{"allow":["GET"]}}],"collection":[{"href":"https:\/\/temucotelevision.cl\/web\/wp-json\/wp\/v2\/posts"}],"about":[{"href":"https:\/\/temucotelevision.cl\/web\/wp-json\/wp\/v2\/types\/post"}],"author":[{"embeddable":true,"href":"https:\/\/temucotelevision.cl\/web\/wp-json\/wp\/v2\/users\/1"}],"replies":[{"embeddable":true,"href":"https:\/\/temucotelevision.cl\/web\/wp-json\/wp\/v2\/comments?post=37606"}],"version-history":[{"count":1,"href":"https:\/\/temucotelevision.cl\/web\/wp-json\/wp\/v2\/posts\/37606\/revisions"}],"predecessor-version":[{"id":37607,"href":"https:\/\/temucotelevision.cl\/web\/wp-json\/wp\/v2\/posts\/37606\/revisions\/37607"}],"wp:featuredmedia":[{"embeddable":true,"href":"https:\/\/temucotelevision.cl\/web\/wp-json\/wp\/v2\/media\/27589"}],"wp:attachment":[{"href":"https:\/\/temucotelevision.cl\/web\/wp-json\/wp\/v2\/media?parent=37606"}],"wp:term":[{"taxonomy":"category","embeddable":true,"href":"https:\/\/temucotelevision.cl\/web\/wp-json\/wp\/v2\/categories?post=37606"},{"taxonomy":"post_tag","embeddable":true,"href":"https:\/\/temucotelevision.cl\/web\/wp-json\/wp\/v2\/tags?post=37606"}],"curies":[{"name":"wp","href":"https:\/\/api.w.org\/{rel}","templated":true}]}}