{"id":37590,"date":"2022-12-31T11:14:33","date_gmt":"2022-12-31T14:14:33","guid":{"rendered":"https:\/\/temucotelevision.cl\/web\/?p=37590"},"modified":"2022-12-31T11:14:33","modified_gmt":"2022-12-31T14:14:33","slug":"como-apoyar-a-ninas-y-ninos-durante-las-emergencias","status":"publish","type":"post","link":"https:\/\/temucotelevision.cl\/web\/2022\/12\/31\/como-apoyar-a-ninas-y-ninos-durante-las-emergencias\/","title":{"rendered":"\u00bfC\u00f3mo apoyar a ni\u00f1as y ni\u00f1os durante las emergencias?"},"content":{"rendered":"<div class=\"pvc_clear\"><\/div><p id=\"pvc_stats_37590\" class=\"pvc_stats total_only  \" data-element-id=\"37590\" style=\"\"><i class=\"pvc-stats-icon large\" aria-hidden=\"true\"><svg aria-hidden=\"true\" focusable=\"false\" data-prefix=\"far\" data-icon=\"chart-bar\" role=\"img\" xmlns=\"http:\/\/www.w3.org\/2000\/svg\" viewBox=\"0 0 512 512\" class=\"svg-inline--fa fa-chart-bar fa-w-16 fa-2x\"><path fill=\"currentColor\" d=\"M396.8 352h22.4c6.4 0 12.8-6.4 12.8-12.8V108.8c0-6.4-6.4-12.8-12.8-12.8h-22.4c-6.4 0-12.8 6.4-12.8 12.8v230.4c0 6.4 6.4 12.8 12.8 12.8zm-192 0h22.4c6.4 0 12.8-6.4 12.8-12.8V140.8c0-6.4-6.4-12.8-12.8-12.8h-22.4c-6.4 0-12.8 6.4-12.8 12.8v198.4c0 6.4 6.4 12.8 12.8 12.8zm96 0h22.4c6.4 0 12.8-6.4 12.8-12.8V204.8c0-6.4-6.4-12.8-12.8-12.8h-22.4c-6.4 0-12.8 6.4-12.8 12.8v134.4c0 6.4 6.4 12.8 12.8 12.8zM496 400H48V80c0-8.84-7.16-16-16-16H16C7.16 64 0 71.16 0 80v336c0 17.67 14.33 32 32 32h464c8.84 0 16-7.16 16-16v-16c0-8.84-7.16-16-16-16zm-387.2-48h22.4c6.4 0 12.8-6.4 12.8-12.8v-70.4c0-6.4-6.4-12.8-12.8-12.8h-22.4c-6.4 0-12.8 6.4-12.8 12.8v70.4c0 6.4 6.4 12.8 12.8 12.8z\" class=\"\"><\/path><\/svg><\/i> <img loading=\"lazy\" decoding=\"async\" width=\"16\" height=\"16\" alt=\"Loading\" src=\"https:\/\/temucotelevision.cl\/web\/wp-content\/plugins\/page-views-count\/ajax-loader-2x.gif\" border=0 \/><\/p><div class=\"pvc_clear\"><\/div>\n<p><strong><em>Observar el comportamiento, escuchar con atenci\u00f3n y no tener miedo a expresar emociones, son algunas de las recomendaciones entregadas por la psic\u00f3loga y jefa del programa Fonoinfancia de Fundaci\u00f3n Integra, Alicia Varela, para que los adultos puedan apoyar a los ni\u00f1os y ni\u00f1as que han sido afectados por los incendios en la regi\u00f3n de Valpara\u00edso.<\/em><\/strong><\/p>\n\n\n\n<p>Durante los \u00faltimos d\u00edas, el pa\u00eds ha vuelto a mirar en vivo c\u00f3mo cientos de personas pierden sus casas debido a los incendios. En la comuna de Vi\u00f1a del Mar, la Oficina Nacional de Emergencia \u2013 Onemi, confirm\u00f3 dos v\u00edctimas fatales, 30 lesionados y 135 viviendas consumidas por el fuego, una realidad que nos invita a reflexionar acerca de c\u00f3mo podemos apoyar a los ni\u00f1os y ni\u00f1as que vivieron esta emergencia, a lo que se suma una fecha esperada por ellos como es la Navidad.<\/p>\n\n\n\n<p>La cat\u00e1strofe vivida en la regi\u00f3n de Valpara\u00edso, afect\u00f3 el curso normal de las cosas, generando una p\u00e9rdida en la sensaci\u00f3n de seguridad con la que vivimos habitualmente. Por lo anterior,&nbsp;<strong>Alicia Varela, jefa del programa Fonoinfancia de Fundaci\u00f3n Integra<\/strong>, hace un llamado a los\/as adultos\/as que est\u00e1n a cargo del cuidado y crianza de ni\u00f1os y ni\u00f1as, \u201cintentemos estar atentos\/as a su comportamiento, observar sus gestos y juegos, as\u00ed podemos entender mejor sus emociones\u201d.<\/p>\n\n\n\n<p>La profesional aclara que en situaciones de emergencia es normal que los\/as adultos\/as tengan miedo, impotencia, confusi\u00f3n y se sientan sobrepasados en su capacidad habitual para enfrentar problemas, as\u00ed como tambi\u00e9n podr\u00eda suceder que las estrategias que hemos utilizado antes para enfrentar otras crisis, esta vez no nos den los resultados que esperamos. Por eso,&nbsp;<strong>la psic\u00f3loga a\u00f1ade que,<\/strong>&nbsp;\u201ces recomendable atender a las emociones y reacciones que surgen a partir de la exposici\u00f3n a una situaci\u00f3n tan compleja como esta para manejarlas de mejor manera, y en la medida en que estemos preparados\/as, hablar cuidadosa y amorosamente de lo ocurrido con ni\u00f1os y ni\u00f1as. Los\/as adultos\/as cercanos son quienes les entregan la primera contenci\u00f3n emocional\u201d&nbsp;<\/p>\n\n\n\n<p>En la medida de lo posible, es recomendable retomar las rutinas, ya que la predictibilidad de las acciones es fundamental para entregar a ni\u00f1os y ni\u00f1as seguridad en su d\u00eda a d\u00eda. En situaciones de emergencia, cuando los ni\u00f1os y ni\u00f1as deben trasladarse al hogar de un familiar o habitar un albergue, las rutinas pueden verse afectadas, lo que podr\u00eda causar confusi\u00f3n, miedo, angustia y descontrol, comenta&nbsp;<strong>Alicia Varela.<\/strong><\/p>\n\n\n\n<p><strong>Los ni\u00f1os\/as necesitan explicaciones seg\u00fan su edad<\/strong><\/p>\n\n\n\n<p>La especialista en temas de familia y ni\u00f1ez, aconseja estar atento\/a a ciertas se\u00f1ales (podr\u00eda haber otras), como cuando los ni\u00f1os y ni\u00f1as est\u00e1n extremadamente apegados a los padres, madres, o los\/as adultos\/as cercanos\/as, m\u00e1s irritables, lloran con facilidad, golpean o muerden a otras personas, ven alterados su control de esf\u00ednter, no quieren jugar o est\u00e1n m\u00e1s retra\u00eddos\/as, es necesario que como adultos\/as seamos un apoyo. Lo m\u00e1s probable es que estas conductas vayan desapareciendo poco a poco, en cuanto el ni\u00f1o o ni\u00f1a vaya asimilando lo sucedido en un contexto que lo acoja, le ayude a entender lo que est\u00e1 sucediendo y retome la cotidianeidad.<\/p>\n\n\n\n<p>Como adultos\/as es fundamental que les ayudemos en su proceso de adaptaci\u00f3n a la nueva realidad, explic\u00e1ndoles con claridad y palabras simples lo sucedido, sobre todo si tienen acceso a escuchar la radio o ver pantallas (celular, computador o televisi\u00f3n), porque pueden encontrarse con una realidad exacerbada e inapropiada para su edad. \u201cLos ni\u00f1os y ni\u00f1as necesitan informaci\u00f3n y explicaciones acorde a su madurez emocional y a la etapa del desarrollo en la que se encuentran, por lo que es importante escuchar atentamente sus consultas, entender bien qu\u00e9 quieren saber y hablarles en un lenguaje simple y cercano, para no darles informaci\u00f3n de m\u00e1s ni de menos y resolver sus dudas. Asimismo, es importante mencionarles que quedamos disponibles para cuando tengan nuevas preguntas\u201d, asegura la&nbsp;<strong>jefa del programa Fonoinfancia de Fundaci\u00f3n Integra.<\/strong><\/p>\n\n\n\n<p>\u201cPodemos tomar la iniciativa de hablar con el ni\u00f1o\/a sobre la emergencia, en la medida en que nos sintamos en condiciones de hacerlo. \u00bfQu\u00e9 significa estar en condiciones de hablar? Significa que, si bien, puedo estar triste o angustiado\/a, estas emociones no me impedir\u00e1n atender y apoyar a otros\/as en sus necesidades emocionales, materiales y de informaci\u00f3n\u201d,&nbsp;<strong>afirma Alicia Varela<\/strong>. Por el contrario, si el\/la adulto\/a est\u00e1 sobrepasado\/a no debe dejar de atender lo que est\u00e1 sintiendo, porque solo si est\u00e1 bien tendr\u00e1 las herramientas para apoyar a otros\/as.<\/p>\n\n\n\n<p><strong>Apoyo gratuito para las familias<\/strong><\/p>\n\n\n\n<p>Si las personas cercanas no se sienten en condiciones de apoyarlos, es importante pedir ayuda y buscar a una persona significativa para el ni\u00f1o\/a que pueda conversar cuidadosamente con \u00e9l\/ella sobre la emergencia.<\/p>\n\n\n\n<p>En el caso de que los\/as adultos\/as necesiten apoyo para conversar con ni\u00f1os y ni\u00f1as en situaciones de emergencia, pueden comunicarse de manera gratuita con los\/as psic\u00f3logos\/as de Fonoinfancia de Fundaci\u00f3n Integra, al tel\u00e9fono 800200 818 o por chat al&nbsp;<a href=\"http:\/\/www.fonoinfancia.cl\/\">www.fonoinfancia.cl<\/a>&nbsp;El horario de atenci\u00f3n del servicio es de lunes a viernes, de 08.30 y 19.00 horas.<\/p>\n","protected":false},"excerpt":{"rendered":"<div class=\"pvc_clear\"><\/div>\n<p id=\"pvc_stats_37590\" class=\"pvc_stats total_only  \" data-element-id=\"37590\" style=\"\"><i class=\"pvc-stats-icon large\" aria-hidden=\"true\"><svg aria-hidden=\"true\" focusable=\"false\" data-prefix=\"far\" data-icon=\"chart-bar\" role=\"img\" xmlns=\"http:\/\/www.w3.org\/2000\/svg\" viewBox=\"0 0 512 512\" class=\"svg-inline--fa fa-chart-bar fa-w-16 fa-2x\"><path fill=\"currentColor\" d=\"M396.8 352h22.4c6.4 0 12.8-6.4 12.8-12.8V108.8c0-6.4-6.4-12.8-12.8-12.8h-22.4c-6.4 0-12.8 6.4-12.8 12.8v230.4c0 6.4 6.4 12.8 12.8 12.8zm-192 0h22.4c6.4 0 12.8-6.4 12.8-12.8V140.8c0-6.4-6.4-12.8-12.8-12.8h-22.4c-6.4 0-12.8 6.4-12.8 12.8v198.4c0 6.4 6.4 12.8 12.8 12.8zm96 0h22.4c6.4 0 12.8-6.4 12.8-12.8V204.8c0-6.4-6.4-12.8-12.8-12.8h-22.4c-6.4 0-12.8 6.4-12.8 12.8v134.4c0 6.4 6.4 12.8 12.8 12.8zM496 400H48V80c0-8.84-7.16-16-16-16H16C7.16 64 0 71.16 0 80v336c0 17.67 14.33 32 32 32h464c8.84 0 16-7.16 16-16v-16c0-8.84-7.16-16-16-16zm-387.2-48h22.4c6.4 0 12.8-6.4 12.8-12.8v-70.4c0-6.4-6.4-12.8-12.8-12.8h-22.4c-6.4 0-12.8 6.4-12.8 12.8v70.4c0 6.4 6.4 12.8 12.8 12.8z\" class=\"\"><\/path><\/svg><\/i> <img loading=\"lazy\" decoding=\"async\" width=\"16\" height=\"16\" alt=\"Loading\" src=\"https:\/\/temucotelevision.cl\/web\/wp-content\/plugins\/page-views-count\/ajax-loader-2x.gif\" border=0 \/><\/p>\n<div class=\"pvc_clear\"><\/div>\n<p>Observar el comportamiento, escuchar con atenci\u00f3n y no tener miedo a expresar emociones, son algunas de las recomendaciones entregadas por<\/p>\n","protected":false},"author":1,"featured_media":37591,"comment_status":"open","ping_status":"open","sticky":false,"template":"","format":"standard","meta":{"colormag_page_container_layout":"default_layout","colormag_page_sidebar_layout":"default_layout","footnotes":""},"categories":[14],"tags":[268,266,3801],"class_list":["post-37590","post","type-post","status-publish","format-standard","has-post-thumbnail","hentry","category-temuco","tag-emergencias","tag-incendios","tag-nins"],"a3_pvc":{"activated":true,"total_views":50,"today_views":0},"_links":{"self":[{"href":"https:\/\/temucotelevision.cl\/web\/wp-json\/wp\/v2\/posts\/37590","targetHints":{"allow":["GET"]}}],"collection":[{"href":"https:\/\/temucotelevision.cl\/web\/wp-json\/wp\/v2\/posts"}],"about":[{"href":"https:\/\/temucotelevision.cl\/web\/wp-json\/wp\/v2\/types\/post"}],"author":[{"embeddable":true,"href":"https:\/\/temucotelevision.cl\/web\/wp-json\/wp\/v2\/users\/1"}],"replies":[{"embeddable":true,"href":"https:\/\/temucotelevision.cl\/web\/wp-json\/wp\/v2\/comments?post=37590"}],"version-history":[{"count":1,"href":"https:\/\/temucotelevision.cl\/web\/wp-json\/wp\/v2\/posts\/37590\/revisions"}],"predecessor-version":[{"id":37592,"href":"https:\/\/temucotelevision.cl\/web\/wp-json\/wp\/v2\/posts\/37590\/revisions\/37592"}],"wp:featuredmedia":[{"embeddable":true,"href":"https:\/\/temucotelevision.cl\/web\/wp-json\/wp\/v2\/media\/37591"}],"wp:attachment":[{"href":"https:\/\/temucotelevision.cl\/web\/wp-json\/wp\/v2\/media?parent=37590"}],"wp:term":[{"taxonomy":"category","embeddable":true,"href":"https:\/\/temucotelevision.cl\/web\/wp-json\/wp\/v2\/categories?post=37590"},{"taxonomy":"post_tag","embeddable":true,"href":"https:\/\/temucotelevision.cl\/web\/wp-json\/wp\/v2\/tags?post=37590"}],"curies":[{"name":"wp","href":"https:\/\/api.w.org\/{rel}","templated":true}]}}