{"id":37585,"date":"2022-12-31T11:09:40","date_gmt":"2022-12-31T14:09:40","guid":{"rendered":"https:\/\/temucotelevision.cl\/web\/?p=37585"},"modified":"2022-12-31T11:09:41","modified_gmt":"2022-12-31T14:09:41","slug":"empresas-forestales-despliegan-una-gran-cantidad-de-recursos-en-los-incendios-del-sur-la-prioridad-son-viviendas-y-vecinos","status":"publish","type":"post","link":"https:\/\/temucotelevision.cl\/web\/2022\/12\/31\/empresas-forestales-despliegan-una-gran-cantidad-de-recursos-en-los-incendios-del-sur-la-prioridad-son-viviendas-y-vecinos\/","title":{"rendered":"Empresas forestales\u00a0despliegan\u00a0una gran cantidad de recursos en los incendios del sur, la prioridad son viviendas y vecinos"},"content":{"rendered":"<div class=\"pvc_clear\"><\/div><p id=\"pvc_stats_37585\" class=\"pvc_stats total_only  \" data-element-id=\"37585\" style=\"\"><i class=\"pvc-stats-icon large\" aria-hidden=\"true\"><svg aria-hidden=\"true\" focusable=\"false\" data-prefix=\"far\" data-icon=\"chart-bar\" role=\"img\" xmlns=\"http:\/\/www.w3.org\/2000\/svg\" viewBox=\"0 0 512 512\" class=\"svg-inline--fa fa-chart-bar fa-w-16 fa-2x\"><path fill=\"currentColor\" d=\"M396.8 352h22.4c6.4 0 12.8-6.4 12.8-12.8V108.8c0-6.4-6.4-12.8-12.8-12.8h-22.4c-6.4 0-12.8 6.4-12.8 12.8v230.4c0 6.4 6.4 12.8 12.8 12.8zm-192 0h22.4c6.4 0 12.8-6.4 12.8-12.8V140.8c0-6.4-6.4-12.8-12.8-12.8h-22.4c-6.4 0-12.8 6.4-12.8 12.8v198.4c0 6.4 6.4 12.8 12.8 12.8zm96 0h22.4c6.4 0 12.8-6.4 12.8-12.8V204.8c0-6.4-6.4-12.8-12.8-12.8h-22.4c-6.4 0-12.8 6.4-12.8 12.8v134.4c0 6.4 6.4 12.8 12.8 12.8zM496 400H48V80c0-8.84-7.16-16-16-16H16C7.16 64 0 71.16 0 80v336c0 17.67 14.33 32 32 32h464c8.84 0 16-7.16 16-16v-16c0-8.84-7.16-16-16-16zm-387.2-48h22.4c6.4 0 12.8-6.4 12.8-12.8v-70.4c0-6.4-6.4-12.8-12.8-12.8h-22.4c-6.4 0-12.8 6.4-12.8 12.8v70.4c0 6.4 6.4 12.8 12.8 12.8z\" class=\"\"><\/path><\/svg><\/i> <img loading=\"lazy\" decoding=\"async\" width=\"16\" height=\"16\" alt=\"Loading\" src=\"https:\/\/temucotelevision.cl\/web\/wp-content\/plugins\/page-views-count\/ajax-loader-2x.gif\" border=0 \/><\/p><div class=\"pvc_clear\"><\/div>\n<p><strong>Un total de 35 incendios estuvieron combatiendo las empresas forestales el d\u00eda de ayer, m\u00e1s apoyo al trabajo de Conaf y Bomberos, siendo los m\u00e1s graves los que afectan las comunas de Cabrero, Nacimiento, Capit\u00e1n Pastene y Paillaco.<\/strong><\/p>\n\n\n\n<p><strong>En total las empresas desplegaron 121 brigadas entre terrestres y helitransportadas, 16 helic\u00f3pteros, 20 aviones AT y helic\u00f3pteros pesados como el Chinook y Kamov durante el d\u00eda, y para la noche, se mantuvieron combatiendo 138 brigadistas y supervisores.<\/strong><\/p>\n\n\n\n<p>Casas y escuelas quemadas, animales heridos, extensos da\u00f1os y mucho sufrimiento han provocado los incendios en el sur de nuestro pa\u00eds. Incendios que mantienen 8 alertas rojas a lo largo del pa\u00eds, de ellas cuatro son en la regi\u00f3n del Biob\u00edo. Frente a esta situaci\u00f3n las empresas asociadas a la Corporaci\u00f3n Chilena de la Madera -Corma- desplegaron una importante cantidad de recursos a\u00e9reos y terrestres para apoyar las labores de combate de Conaf y Bomberos.&nbsp;&nbsp;<\/p>\n\n\n\n<p>En las \u00faltimas 24 horas, han combatido un total de 35 incendios entre Biob\u00edo y Los R\u00edos, con 121 brigadas entre terrestres y helitransportadas, 16 helic\u00f3pteros, 20 aviones AT y los helic\u00f3pteros pesados como el Chinook y Kamov. Potenciando adem\u00e1s el combate nocturno con cerca de 140 brigadistas y supervisores.&nbsp;<\/p>\n\n\n\n<p>Los incendios m\u00e1s complejos hasta el momento son el incendio \u201cSan Jos\u00e9 Grande\u201d en la comuna de Nacimiento, Regi\u00f3n del Biob\u00edo, el incendio \u201cLas Delicias y otros\u201d que afecta a la comuna de Capit\u00e1n Pastene en la Regi\u00f3n de La Araucan\u00eda y el incendio \u201cChamill\u201d de la comuna de Paillaco, regi\u00f3n de Los R\u00edos, adem\u00e1s del incendio de Cabrero que afect\u00f3 la planta industrial de Masisa.&nbsp;<\/p>\n\n\n\n<p>El presidente del departamento de Protecci\u00f3n de Corma, Ram\u00f3n Figueroa, se\u00f1al\u00f3 que, \u201clas empresas est\u00e1n trabajando a su m\u00e1xima capacidad, tenemos incendios muy complejos en tres regiones, la prioridad es proteger viviendas y a las personas, pero con la gran cantidad de incendios que ocurren de forma simult\u00e1nea es dif\u00edcil controlarlos, adem\u00e1s las condiciones clim\u00e1ticas, el viento principalmente, dificulta las labores de combate\u201d.&nbsp;<\/p>\n\n\n\n<p>Y a\u00f1adi\u00f3 que, \u201cdada las condiciones clim\u00e1ticas que se esperan para las pr\u00f3ximas horas, instamos a la ciudadan\u00eda a prevenir los incendios y a denunciar cualquier conducta sospechosa a los n\u00fameros de emergencia de Conaf y a la autoridad. Tras estos incendios est\u00e1 la mano humana,&nbsp;por negligencia o intencionalidad\u201d.&nbsp;<\/p>\n\n\n\n<p>Figueroa tambi\u00e9n record\u00f3 que en Chile el 99% de los incendios tiene causa humana, tal como se ha podido detectar en la tragedia del incendio de Vi\u00f1a del Mar. Al respecto, se\u00f1al\u00f3 que, \u201csolo en la comuna de Nacimiento, Biob\u00edo, donde se registra uno de los incendios m\u00e1s graves, la intencionalidad llega al 50%, mientras que en Lumaco (Araucan\u00eda) es de un 32% y Cabrero 30% y record\u00f3 que en la \u00faltima temporada en Malleco y Caut\u00edn la intencionalidad alcanz\u00f3 una cifra r\u00e9cord del 80%\u201d.<\/p>\n\n\n\n<p><strong>138 brigadistas y supervisores estuvieron combatiendo incendios durante la noche<\/strong><strong><\/strong><\/p>\n\n\n\n<p>Corma inform\u00f3 que en el incendio Las Delicias de la comuna de Capit\u00e1n Pastene, La Araucan\u00eda, las empresas mantuvieron operativas 22 brigadistas y una brigada mecanizada.&nbsp;<\/p>\n\n\n\n<p>En el incendio de Nacimiento, en tanto, las empresas estuvieron trabajando 88 brigadistas durante esta noche. Y en el incendio Chamil de la regi\u00f3n de Los R\u00edos, 28 profesionales se mantuvieron combatiendo en la noche.<\/p>\n\n\n\n<figure class=\"wp-block-image size-large\"><img loading=\"lazy\" decoding=\"async\" width=\"1024\" height=\"569\" src=\"https:\/\/temucotelevision.cl\/web\/wp-content\/uploads\/2022\/12\/Empresas-despliegan-recursos-incendios-30-de-diciembre-2-1024x569.jpeg\" alt=\"\" class=\"wp-image-37588\" srcset=\"https:\/\/temucotelevision.cl\/web\/wp-content\/uploads\/2022\/12\/Empresas-despliegan-recursos-incendios-30-de-diciembre-2-1024x569.jpeg 1024w, https:\/\/temucotelevision.cl\/web\/wp-content\/uploads\/2022\/12\/Empresas-despliegan-recursos-incendios-30-de-diciembre-2-768x427.jpeg 768w, https:\/\/temucotelevision.cl\/web\/wp-content\/uploads\/2022\/12\/Empresas-despliegan-recursos-incendios-30-de-diciembre-2-800x445.jpeg 800w, https:\/\/temucotelevision.cl\/web\/wp-content\/uploads\/2022\/12\/Empresas-despliegan-recursos-incendios-30-de-diciembre-2.jpeg 1280w\" sizes=\"auto, (max-width: 1024px) 100vw, 1024px\" \/><\/figure>\n\n\n\n<figure class=\"wp-block-image size-large\"><img loading=\"lazy\" decoding=\"async\" width=\"1024\" height=\"768\" src=\"https:\/\/temucotelevision.cl\/web\/wp-content\/uploads\/2022\/12\/Empresas-despliegan-recursos-incendios-30-de-diciembre-4-1024x768.jpeg\" alt=\"\" class=\"wp-image-37587\" srcset=\"https:\/\/temucotelevision.cl\/web\/wp-content\/uploads\/2022\/12\/Empresas-despliegan-recursos-incendios-30-de-diciembre-4-1024x768.jpeg 1024w, https:\/\/temucotelevision.cl\/web\/wp-content\/uploads\/2022\/12\/Empresas-despliegan-recursos-incendios-30-de-diciembre-4-768x576.jpeg 768w, https:\/\/temucotelevision.cl\/web\/wp-content\/uploads\/2022\/12\/Empresas-despliegan-recursos-incendios-30-de-diciembre-4-1536x1152.jpeg 1536w, https:\/\/temucotelevision.cl\/web\/wp-content\/uploads\/2022\/12\/Empresas-despliegan-recursos-incendios-30-de-diciembre-4.jpeg 1600w\" sizes=\"auto, (max-width: 1024px) 100vw, 1024px\" \/><\/figure>\n","protected":false},"excerpt":{"rendered":"<div class=\"pvc_clear\"><\/div>\n<p id=\"pvc_stats_37585\" class=\"pvc_stats total_only  \" data-element-id=\"37585\" style=\"\"><i class=\"pvc-stats-icon large\" aria-hidden=\"true\"><svg aria-hidden=\"true\" focusable=\"false\" data-prefix=\"far\" data-icon=\"chart-bar\" role=\"img\" xmlns=\"http:\/\/www.w3.org\/2000\/svg\" viewBox=\"0 0 512 512\" class=\"svg-inline--fa fa-chart-bar fa-w-16 fa-2x\"><path fill=\"currentColor\" d=\"M396.8 352h22.4c6.4 0 12.8-6.4 12.8-12.8V108.8c0-6.4-6.4-12.8-12.8-12.8h-22.4c-6.4 0-12.8 6.4-12.8 12.8v230.4c0 6.4 6.4 12.8 12.8 12.8zm-192 0h22.4c6.4 0 12.8-6.4 12.8-12.8V140.8c0-6.4-6.4-12.8-12.8-12.8h-22.4c-6.4 0-12.8 6.4-12.8 12.8v198.4c0 6.4 6.4 12.8 12.8 12.8zm96 0h22.4c6.4 0 12.8-6.4 12.8-12.8V204.8c0-6.4-6.4-12.8-12.8-12.8h-22.4c-6.4 0-12.8 6.4-12.8 12.8v134.4c0 6.4 6.4 12.8 12.8 12.8zM496 400H48V80c0-8.84-7.16-16-16-16H16C7.16 64 0 71.16 0 80v336c0 17.67 14.33 32 32 32h464c8.84 0 16-7.16 16-16v-16c0-8.84-7.16-16-16-16zm-387.2-48h22.4c6.4 0 12.8-6.4 12.8-12.8v-70.4c0-6.4-6.4-12.8-12.8-12.8h-22.4c-6.4 0-12.8 6.4-12.8 12.8v70.4c0 6.4 6.4 12.8 12.8 12.8z\" class=\"\"><\/path><\/svg><\/i> <img loading=\"lazy\" decoding=\"async\" width=\"16\" height=\"16\" alt=\"Loading\" src=\"https:\/\/temucotelevision.cl\/web\/wp-content\/plugins\/page-views-count\/ajax-loader-2x.gif\" border=0 \/><\/p>\n<div class=\"pvc_clear\"><\/div>\n<p>Un total de 35 incendios estuvieron combatiendo las empresas forestales el d\u00eda de ayer, m\u00e1s apoyo al trabajo de Conaf<\/p>\n","protected":false},"author":1,"featured_media":37586,"comment_status":"open","ping_status":"open","sticky":false,"template":"","format":"standard","meta":{"colormag_page_container_layout":"default_layout","colormag_page_sidebar_layout":"default_layout","footnotes":""},"categories":[15],"tags":[423,1042,267,266,567,355],"class_list":["post-37585","post","type-post","status-publish","format-standard","has-post-thumbnail","hentry","category-la-araucania","tag-brigadistas","tag-empresas","tag-forestales","tag-incendios","tag-vecinos","tag-viviendas"],"a3_pvc":{"activated":true,"total_views":52,"today_views":0},"_links":{"self":[{"href":"https:\/\/temucotelevision.cl\/web\/wp-json\/wp\/v2\/posts\/37585","targetHints":{"allow":["GET"]}}],"collection":[{"href":"https:\/\/temucotelevision.cl\/web\/wp-json\/wp\/v2\/posts"}],"about":[{"href":"https:\/\/temucotelevision.cl\/web\/wp-json\/wp\/v2\/types\/post"}],"author":[{"embeddable":true,"href":"https:\/\/temucotelevision.cl\/web\/wp-json\/wp\/v2\/users\/1"}],"replies":[{"embeddable":true,"href":"https:\/\/temucotelevision.cl\/web\/wp-json\/wp\/v2\/comments?post=37585"}],"version-history":[{"count":1,"href":"https:\/\/temucotelevision.cl\/web\/wp-json\/wp\/v2\/posts\/37585\/revisions"}],"predecessor-version":[{"id":37589,"href":"https:\/\/temucotelevision.cl\/web\/wp-json\/wp\/v2\/posts\/37585\/revisions\/37589"}],"wp:featuredmedia":[{"embeddable":true,"href":"https:\/\/temucotelevision.cl\/web\/wp-json\/wp\/v2\/media\/37586"}],"wp:attachment":[{"href":"https:\/\/temucotelevision.cl\/web\/wp-json\/wp\/v2\/media?parent=37585"}],"wp:term":[{"taxonomy":"category","embeddable":true,"href":"https:\/\/temucotelevision.cl\/web\/wp-json\/wp\/v2\/categories?post=37585"},{"taxonomy":"post_tag","embeddable":true,"href":"https:\/\/temucotelevision.cl\/web\/wp-json\/wp\/v2\/tags?post=37585"}],"curies":[{"name":"wp","href":"https:\/\/api.w.org\/{rel}","templated":true}]}}