{"id":37582,"date":"2022-12-30T22:48:51","date_gmt":"2022-12-31T01:48:51","guid":{"rendered":"https:\/\/temucotelevision.cl\/web\/?p=37582"},"modified":"2022-12-30T22:48:51","modified_gmt":"2022-12-31T01:48:51","slug":"lumaco-suma-segunda-alerta-roja-en-una-semana-por-incendios-forestales","status":"publish","type":"post","link":"https:\/\/temucotelevision.cl\/web\/2022\/12\/30\/lumaco-suma-segunda-alerta-roja-en-una-semana-por-incendios-forestales\/","title":{"rendered":"Lumaco suma segunda alerta roja en una semana por incendios forestales"},"content":{"rendered":"<div class=\"pvc_clear\"><\/div><p id=\"pvc_stats_37582\" class=\"pvc_stats total_only  \" data-element-id=\"37582\" style=\"\"><i class=\"pvc-stats-icon large\" aria-hidden=\"true\"><svg aria-hidden=\"true\" focusable=\"false\" data-prefix=\"far\" data-icon=\"chart-bar\" role=\"img\" xmlns=\"http:\/\/www.w3.org\/2000\/svg\" viewBox=\"0 0 512 512\" class=\"svg-inline--fa fa-chart-bar fa-w-16 fa-2x\"><path fill=\"currentColor\" d=\"M396.8 352h22.4c6.4 0 12.8-6.4 12.8-12.8V108.8c0-6.4-6.4-12.8-12.8-12.8h-22.4c-6.4 0-12.8 6.4-12.8 12.8v230.4c0 6.4 6.4 12.8 12.8 12.8zm-192 0h22.4c6.4 0 12.8-6.4 12.8-12.8V140.8c0-6.4-6.4-12.8-12.8-12.8h-22.4c-6.4 0-12.8 6.4-12.8 12.8v198.4c0 6.4 6.4 12.8 12.8 12.8zm96 0h22.4c6.4 0 12.8-6.4 12.8-12.8V204.8c0-6.4-6.4-12.8-12.8-12.8h-22.4c-6.4 0-12.8 6.4-12.8 12.8v134.4c0 6.4 6.4 12.8 12.8 12.8zM496 400H48V80c0-8.84-7.16-16-16-16H16C7.16 64 0 71.16 0 80v336c0 17.67 14.33 32 32 32h464c8.84 0 16-7.16 16-16v-16c0-8.84-7.16-16-16-16zm-387.2-48h22.4c6.4 0 12.8-6.4 12.8-12.8v-70.4c0-6.4-6.4-12.8-12.8-12.8h-22.4c-6.4 0-12.8 6.4-12.8 12.8v70.4c0 6.4 6.4 12.8 12.8 12.8z\" class=\"\"><\/path><\/svg><\/i> <img loading=\"lazy\" decoding=\"async\" width=\"16\" height=\"16\" alt=\"Loading\" src=\"https:\/\/temucotelevision.cl\/web\/wp-content\/plugins\/page-views-count\/ajax-loader-2x.gif\" border=0 \/><\/p><div class=\"pvc_clear\"><\/div>\n<p><strong>De momento y seg\u00fan la informaci\u00f3n preliminar el nuevo siniestro que se origin\u00f3 al sur de la localidad de Capit\u00e1n Pastene ya ha afectado m\u00e1s de 700 hect\u00e1reas de terreno y para el control de la emergencia trabajan Bomberos, brigadistas forestales y personal de CMPC.<\/strong><\/p>\n\n\n\n<p>Nuevamente los incendios forestales est\u00e1n afectando a la comuna de Lumaco que suma su segunda alerta roja en menos de una semana.<\/p>\n\n\n\n<p>Durante las \u00faltimas horas se origin\u00f3 un siniestro en las cercan\u00edas del \u00e1rea sur de Capit\u00e1n Pastene que debido al viento y las altas temperaturas de las \u00faltimas horas, se propag\u00f3 de manera r\u00e1pida afectando m\u00e1s de 700 hect\u00e1reas de terreno.<\/p>\n\n\n\n<p>El equipo municipal&nbsp; liderado por el alcalde Richard Leonelli, sostuvo&nbsp; un comit\u00e9 de emergencia con autoridades regionales encabezadas por el delegado Jos\u00e9 Montalva, la directora de Onemi, Janet Medrano, Seremis de distintas carteras y tambi\u00e9n provinciales como la delegada Andrea Parra, representantes del Ej\u00e9rcito y Carabineros, para as\u00ed ver la manera en que se definir los protocolos ante esta nueva emergencia.<\/p>\n\n\n\n<p>Para combatir el siniestro en especial el riesgo de amenaza a viviendas y gracias a la alianza p\u00fablico privada con el municipio con se estableci\u00f3 un puesto de mando en Capit\u00e1n Pastene y se ha dispuesto a 200 brigadistas, 7 aeronaves, 2 helic\u00f3pteros, m\u00e1s el despliegue de Conaf, Bomberos y Vialidad.<\/p>\n\n\n\n<p>&#8220;Hemos tenido dos emergencias con alerta roja en esta semana y ahora la temperatura y el viento provoc\u00f3 que las llamas se acercaran cerca de 1.200 metros del radio urbano de Capit\u00e1n Pastene, por eso estamos desplegados en terreno con equipos municipales, personal de Conaf, de CMPC, de forestal Mininco, para que se pueda controlar este incendio en d\u00edas que son complejos por las condiciones clim\u00e1ticas, pero tenemos equipos para combatir el siniestro&#8221;, se\u00f1al\u00f3 el alcalde Leonelli.<\/p>\n\n\n\n<p>La autoridad comunal agreg\u00f3 que est\u00e1 en constante di\u00e1logo con las autoridades pertinentes para as\u00ed trabajar en conjunto debido a esta emergencia.<\/p>\n\n\n\n<p>&#8220;Hemos estado reunidos a trav\u00e9s del Comit\u00e9 de Emergencia con los delegados regional y provincial, la directora de Onemi, la directora de Conaf, para poder programar los recursos que est\u00e1n a disposici\u00f3n y afortunadamente no tenemos el compromiso de casas, ni vidas que lamentar, tampoco lesionados. Estamos en coordinaci\u00f3n con el Servicio de Araucan\u00eda Norte para evacuar o atender a posibles adultos mayores que dependan de alg\u00fan medicamento o traslado&#8221;, concluy\u00f3 la autoridad comunal lumaquina.<\/p>\n\n\n\n<p>El alcalde reiter\u00f3 a los vecinos que seguir\u00e1n los trabajos para controlar y extinguir el incendio y las medidas de autocuidado y lo m\u00e1s importante, no acercarse al lugar de la emergencia, porque solo personal capacitado puede operar en este sector.<\/p>\n","protected":false},"excerpt":{"rendered":"<div class=\"pvc_clear\"><\/div>\n<p id=\"pvc_stats_37582\" class=\"pvc_stats total_only  \" data-element-id=\"37582\" style=\"\"><i class=\"pvc-stats-icon large\" aria-hidden=\"true\"><svg aria-hidden=\"true\" focusable=\"false\" data-prefix=\"far\" data-icon=\"chart-bar\" role=\"img\" xmlns=\"http:\/\/www.w3.org\/2000\/svg\" viewBox=\"0 0 512 512\" class=\"svg-inline--fa fa-chart-bar fa-w-16 fa-2x\"><path fill=\"currentColor\" d=\"M396.8 352h22.4c6.4 0 12.8-6.4 12.8-12.8V108.8c0-6.4-6.4-12.8-12.8-12.8h-22.4c-6.4 0-12.8 6.4-12.8 12.8v230.4c0 6.4 6.4 12.8 12.8 12.8zm-192 0h22.4c6.4 0 12.8-6.4 12.8-12.8V140.8c0-6.4-6.4-12.8-12.8-12.8h-22.4c-6.4 0-12.8 6.4-12.8 12.8v198.4c0 6.4 6.4 12.8 12.8 12.8zm96 0h22.4c6.4 0 12.8-6.4 12.8-12.8V204.8c0-6.4-6.4-12.8-12.8-12.8h-22.4c-6.4 0-12.8 6.4-12.8 12.8v134.4c0 6.4 6.4 12.8 12.8 12.8zM496 400H48V80c0-8.84-7.16-16-16-16H16C7.16 64 0 71.16 0 80v336c0 17.67 14.33 32 32 32h464c8.84 0 16-7.16 16-16v-16c0-8.84-7.16-16-16-16zm-387.2-48h22.4c6.4 0 12.8-6.4 12.8-12.8v-70.4c0-6.4-6.4-12.8-12.8-12.8h-22.4c-6.4 0-12.8 6.4-12.8 12.8v70.4c0 6.4 6.4 12.8 12.8 12.8z\" class=\"\"><\/path><\/svg><\/i> <img loading=\"lazy\" decoding=\"async\" width=\"16\" height=\"16\" alt=\"Loading\" src=\"https:\/\/temucotelevision.cl\/web\/wp-content\/plugins\/page-views-count\/ajax-loader-2x.gif\" border=0 \/><\/p>\n<div class=\"pvc_clear\"><\/div>\n<p>De momento y seg\u00fan la informaci\u00f3n preliminar el nuevo siniestro que se origin\u00f3 al sur de la localidad de Capit\u00e1n<\/p>\n","protected":false},"author":1,"featured_media":37583,"comment_status":"open","ping_status":"open","sticky":false,"template":"","format":"standard","meta":{"colormag_page_container_layout":"default_layout","colormag_page_sidebar_layout":"default_layout","footnotes":""},"categories":[14],"tags":[711,304,423,127,123],"class_list":["post-37582","post","type-post","status-publish","format-standard","has-post-thumbnail","hentry","category-temuco","tag-alerta-roja","tag-bomberos","tag-brigadistas","tag-incendios-forestales","tag-lumaco"],"a3_pvc":{"activated":true,"total_views":44,"today_views":0},"_links":{"self":[{"href":"https:\/\/temucotelevision.cl\/web\/wp-json\/wp\/v2\/posts\/37582","targetHints":{"allow":["GET"]}}],"collection":[{"href":"https:\/\/temucotelevision.cl\/web\/wp-json\/wp\/v2\/posts"}],"about":[{"href":"https:\/\/temucotelevision.cl\/web\/wp-json\/wp\/v2\/types\/post"}],"author":[{"embeddable":true,"href":"https:\/\/temucotelevision.cl\/web\/wp-json\/wp\/v2\/users\/1"}],"replies":[{"embeddable":true,"href":"https:\/\/temucotelevision.cl\/web\/wp-json\/wp\/v2\/comments?post=37582"}],"version-history":[{"count":1,"href":"https:\/\/temucotelevision.cl\/web\/wp-json\/wp\/v2\/posts\/37582\/revisions"}],"predecessor-version":[{"id":37584,"href":"https:\/\/temucotelevision.cl\/web\/wp-json\/wp\/v2\/posts\/37582\/revisions\/37584"}],"wp:featuredmedia":[{"embeddable":true,"href":"https:\/\/temucotelevision.cl\/web\/wp-json\/wp\/v2\/media\/37583"}],"wp:attachment":[{"href":"https:\/\/temucotelevision.cl\/web\/wp-json\/wp\/v2\/media?parent=37582"}],"wp:term":[{"taxonomy":"category","embeddable":true,"href":"https:\/\/temucotelevision.cl\/web\/wp-json\/wp\/v2\/categories?post=37582"},{"taxonomy":"post_tag","embeddable":true,"href":"https:\/\/temucotelevision.cl\/web\/wp-json\/wp\/v2\/tags?post=37582"}],"curies":[{"name":"wp","href":"https:\/\/api.w.org\/{rel}","templated":true}]}}