{"id":37579,"date":"2022-12-30T22:46:36","date_gmt":"2022-12-31T01:46:36","guid":{"rendered":"https:\/\/temucotelevision.cl\/web\/?p=37579"},"modified":"2022-12-30T22:46:37","modified_gmt":"2022-12-31T01:46:37","slug":"presidente-boric-designa-a-subsecretaria-tatiana-rojas-como-coordinadora-del-proceso-de-reconstruccion-para-vina-del-mar","status":"publish","type":"post","link":"https:\/\/temucotelevision.cl\/web\/2022\/12\/30\/presidente-boric-designa-a-subsecretaria-tatiana-rojas-como-coordinadora-del-proceso-de-reconstruccion-para-vina-del-mar\/","title":{"rendered":"Presidente Boric designa a subsecretaria Tatiana Rojas como coordinadora del proceso de reconstrucci\u00f3n para Vi\u00f1a del Mar"},"content":{"rendered":"<div class=\"pvc_clear\"><\/div><p id=\"pvc_stats_37579\" class=\"pvc_stats total_only  \" data-element-id=\"37579\" style=\"\"><i class=\"pvc-stats-icon large\" aria-hidden=\"true\"><svg aria-hidden=\"true\" focusable=\"false\" data-prefix=\"far\" data-icon=\"chart-bar\" role=\"img\" xmlns=\"http:\/\/www.w3.org\/2000\/svg\" viewBox=\"0 0 512 512\" class=\"svg-inline--fa fa-chart-bar fa-w-16 fa-2x\"><path fill=\"currentColor\" d=\"M396.8 352h22.4c6.4 0 12.8-6.4 12.8-12.8V108.8c0-6.4-6.4-12.8-12.8-12.8h-22.4c-6.4 0-12.8 6.4-12.8 12.8v230.4c0 6.4 6.4 12.8 12.8 12.8zm-192 0h22.4c6.4 0 12.8-6.4 12.8-12.8V140.8c0-6.4-6.4-12.8-12.8-12.8h-22.4c-6.4 0-12.8 6.4-12.8 12.8v198.4c0 6.4 6.4 12.8 12.8 12.8zm96 0h22.4c6.4 0 12.8-6.4 12.8-12.8V204.8c0-6.4-6.4-12.8-12.8-12.8h-22.4c-6.4 0-12.8 6.4-12.8 12.8v134.4c0 6.4 6.4 12.8 12.8 12.8zM496 400H48V80c0-8.84-7.16-16-16-16H16C7.16 64 0 71.16 0 80v336c0 17.67 14.33 32 32 32h464c8.84 0 16-7.16 16-16v-16c0-8.84-7.16-16-16-16zm-387.2-48h22.4c6.4 0 12.8-6.4 12.8-12.8v-70.4c0-6.4-6.4-12.8-12.8-12.8h-22.4c-6.4 0-12.8 6.4-12.8 12.8v70.4c0 6.4 6.4 12.8 12.8 12.8z\" class=\"\"><\/path><\/svg><\/i> <img loading=\"lazy\" decoding=\"async\" width=\"16\" height=\"16\" alt=\"Loading\" src=\"https:\/\/temucotelevision.cl\/web\/wp-content\/plugins\/page-views-count\/ajax-loader-2x.gif\" border=0 \/><\/p><div class=\"pvc_clear\"><\/div>\n<p><strong>La autoridad de Vivienda y Urbanismo asumir\u00e1 inmediatamente el liderazgo en las tareas que involucra el plan de recuperaci\u00f3n de viviendas y espacios p\u00fablicos en la zona afectada por el mega incendio ocurrido el 22 de diciembre.<\/strong><\/p>\n\n\n\n<p><strong>\u2022 El ministro Carlos Montes valor\u00f3 la nominaci\u00f3n y destac\u00f3 la experiencia de la subsecretaria en procesos de dise\u00f1o e implementaci\u00f3n de estrategias asociadas a vivienda y asentamientos.<\/strong><strong><\/strong><\/p>\n\n\n\n<p><strong>Viernes, 30 de diciembre de 2022.-<\/strong>&nbsp;El Presidente de la Rep\u00fablica,&nbsp;<strong>Gabriel Boric<\/strong>, anunci\u00f3 este mediod\u00eda la designaci\u00f3n de la subsecretaria de Vivienda y Urbanismo,&nbsp;<strong>Tatiana Rojas<\/strong>, como la coordinadora nacional del proceso de reconstrucci\u00f3n en Vi\u00f1a del Mar, luego del mega incendio que afect\u00f3 a la comuna hace una semana y que implic\u00f3 la destrucci\u00f3n de viviendas, espacios p\u00fablicos y \u00e1reas verdes.<\/p>\n\n\n\n<p>La autoridad del Minvu ha estado presente desde un inicio en las tareas de coordinaci\u00f3n intersectorial para la atenci\u00f3n de la emergencia y el proceso de levantamiento de informaci\u00f3n y catastro de viviendas afectadas, en conjunto con los equipos de Seremi y Serviu regionales, adem\u00e1s de la delegaci\u00f3n regional, gobernaci\u00f3n y los equipos del Ministerio de Desarrollo Social.<\/p>\n\n\n\n<p>El ministro de Vivienda y Urbanismo, Carlos Montes, valor\u00f3 la designaci\u00f3n y se\u00f1al\u00f3 que \u201cesta nominaci\u00f3n significa que tiene que haber una coordinaci\u00f3n nacional, porque hay distintos ministerios que intervienen en el proceso de reconstrucci\u00f3n: Obras P\u00fablicas, Desarrollo Social, adem\u00e1s de Vivienda. Para esto se nombra una persona que coordine todo esto y ser\u00e1 Tatiana Rojas, Subsecretaria del Minvu, que tiene mucho conocimiento del sector de vivienda, con muchas redes en distintos ministerios y que, por lo tanto, es la persona que re\u00fane las condiciones para hacerlo muy bien, continuar con la unidad que existe hoy entre los distintos actores, pero tambi\u00e9n con eficacia para ir sacando adelante en los plazos m\u00e1s breves posibles los distintos desaf\u00edos\u201d.<\/p>\n\n\n\n<p>Por su parte, la subsecretaria Tatiana Rojas, que desde hoy asume la coordinaci\u00f3n del proceso de reconstrucci\u00f3n, afirm\u00f3 que \u201cel Presidente nos ha pedido estar presentes, no los vamos a dejar solos y por eso estamos tomando como ministerio esta responsabilidad, de estar ah\u00ed, de tener una coordinaci\u00f3n que es intersectorial. Esto no es una responsabilidad solo de Vivienda, sino que de todos los sectores que est\u00e1n implicados y, especialmente, con amplio respeto a quienes est\u00e1n trabajando en las propias comunidades que son los equipos regionales, la delegada presidencial, la alcaldesa, la seremi, y el gobernador. Para nosotros es fundamental trabajar mancomunadamente con ellos y, por supuesto, con mucha empat\u00eda con las familias que hoy d\u00eda est\u00e1n viviendo esta situaci\u00f3n\u201d<\/p>\n\n\n\n<p><strong>Experiencia en \u00e1rea vivienda<\/strong><\/p>\n\n\n\n<p>La subsecretaria Tatiana Rojas es antrop\u00f3loga social y mag\u00edster en Antropolog\u00eda y Desarrollo, con especializaci\u00f3n en pol\u00edticas p\u00fablicas de vivienda, g\u00e9nero y pobreza. Durante su trayectoria profesional se ha desempe\u00f1ado principalmente como funcionaria de Estado, con una carrera de 16 a\u00f1os en el \u00e1mbito p\u00fablico.<\/p>\n\n\n\n<p>En 2008 ingres\u00f3 al Ministerio de Vivienda y Urbanismo donde ha cumplido roles de sectorialista en la Divisi\u00f3n de Pol\u00edtica Habitacional, colaboraci\u00f3n en dise\u00f1o y definiciones para la implementaci\u00f3n de pol\u00edticas p\u00fablicas tales como estrategias de Micro Radicaci\u00f3n en barrios urbanos y acceso a la vivienda a trav\u00e9s de Cooperativas; Encargada del \u00c1rea Social en el Programa de Asentamientos Precarios (Campamentos) y Asesora de Operaciones Habitacionales en el Servicio de Vivienda y Urbanismo (SERVIU) de la Regi\u00f3n del Biob\u00edo.<\/p>\n","protected":false},"excerpt":{"rendered":"<div class=\"pvc_clear\"><\/div>\n<p id=\"pvc_stats_37579\" class=\"pvc_stats total_only  \" data-element-id=\"37579\" style=\"\"><i class=\"pvc-stats-icon large\" aria-hidden=\"true\"><svg aria-hidden=\"true\" focusable=\"false\" data-prefix=\"far\" data-icon=\"chart-bar\" role=\"img\" xmlns=\"http:\/\/www.w3.org\/2000\/svg\" viewBox=\"0 0 512 512\" class=\"svg-inline--fa fa-chart-bar fa-w-16 fa-2x\"><path fill=\"currentColor\" d=\"M396.8 352h22.4c6.4 0 12.8-6.4 12.8-12.8V108.8c0-6.4-6.4-12.8-12.8-12.8h-22.4c-6.4 0-12.8 6.4-12.8 12.8v230.4c0 6.4 6.4 12.8 12.8 12.8zm-192 0h22.4c6.4 0 12.8-6.4 12.8-12.8V140.8c0-6.4-6.4-12.8-12.8-12.8h-22.4c-6.4 0-12.8 6.4-12.8 12.8v198.4c0 6.4 6.4 12.8 12.8 12.8zm96 0h22.4c6.4 0 12.8-6.4 12.8-12.8V204.8c0-6.4-6.4-12.8-12.8-12.8h-22.4c-6.4 0-12.8 6.4-12.8 12.8v134.4c0 6.4 6.4 12.8 12.8 12.8zM496 400H48V80c0-8.84-7.16-16-16-16H16C7.16 64 0 71.16 0 80v336c0 17.67 14.33 32 32 32h464c8.84 0 16-7.16 16-16v-16c0-8.84-7.16-16-16-16zm-387.2-48h22.4c6.4 0 12.8-6.4 12.8-12.8v-70.4c0-6.4-6.4-12.8-12.8-12.8h-22.4c-6.4 0-12.8 6.4-12.8 12.8v70.4c0 6.4 6.4 12.8 12.8 12.8z\" class=\"\"><\/path><\/svg><\/i> <img loading=\"lazy\" decoding=\"async\" width=\"16\" height=\"16\" alt=\"Loading\" src=\"https:\/\/temucotelevision.cl\/web\/wp-content\/plugins\/page-views-count\/ajax-loader-2x.gif\" border=0 \/><\/p>\n<div class=\"pvc_clear\"><\/div>\n<p>La autoridad de Vivienda y Urbanismo asumir\u00e1 inmediatamente el liderazgo en las tareas que involucra el plan de recuperaci\u00f3n de<\/p>\n","protected":false},"author":1,"featured_media":37580,"comment_status":"open","ping_status":"open","sticky":false,"template":"","format":"standard","meta":{"colormag_page_container_layout":"default_layout","colormag_page_sidebar_layout":"default_layout","footnotes":""},"categories":[84],"tags":[3989,266,176,5836,4486],"class_list":["post-37579","post","type-post","status-publish","format-standard","has-post-thumbnail","hentry","category-politica","tag-boric","tag-incendios","tag-presidente","tag-subsecretaria","tag-vina-del-mar"],"a3_pvc":{"activated":true,"total_views":50,"today_views":0},"_links":{"self":[{"href":"https:\/\/temucotelevision.cl\/web\/wp-json\/wp\/v2\/posts\/37579","targetHints":{"allow":["GET"]}}],"collection":[{"href":"https:\/\/temucotelevision.cl\/web\/wp-json\/wp\/v2\/posts"}],"about":[{"href":"https:\/\/temucotelevision.cl\/web\/wp-json\/wp\/v2\/types\/post"}],"author":[{"embeddable":true,"href":"https:\/\/temucotelevision.cl\/web\/wp-json\/wp\/v2\/users\/1"}],"replies":[{"embeddable":true,"href":"https:\/\/temucotelevision.cl\/web\/wp-json\/wp\/v2\/comments?post=37579"}],"version-history":[{"count":1,"href":"https:\/\/temucotelevision.cl\/web\/wp-json\/wp\/v2\/posts\/37579\/revisions"}],"predecessor-version":[{"id":37581,"href":"https:\/\/temucotelevision.cl\/web\/wp-json\/wp\/v2\/posts\/37579\/revisions\/37581"}],"wp:featuredmedia":[{"embeddable":true,"href":"https:\/\/temucotelevision.cl\/web\/wp-json\/wp\/v2\/media\/37580"}],"wp:attachment":[{"href":"https:\/\/temucotelevision.cl\/web\/wp-json\/wp\/v2\/media?parent=37579"}],"wp:term":[{"taxonomy":"category","embeddable":true,"href":"https:\/\/temucotelevision.cl\/web\/wp-json\/wp\/v2\/categories?post=37579"},{"taxonomy":"post_tag","embeddable":true,"href":"https:\/\/temucotelevision.cl\/web\/wp-json\/wp\/v2\/tags?post=37579"}],"curies":[{"name":"wp","href":"https:\/\/api.w.org\/{rel}","templated":true}]}}