{"id":37577,"date":"2022-12-30T22:43:45","date_gmt":"2022-12-31T01:43:45","guid":{"rendered":"https:\/\/temucotelevision.cl\/web\/?p=37577"},"modified":"2022-12-30T22:43:45","modified_gmt":"2022-12-31T01:43:45","slug":"diputado-rathgeb-por-indultos-a-detenidos-por-el-estallido-social-los-delincuentes-tienen-en-el-gobierno-a-un-aliado","status":"publish","type":"post","link":"https:\/\/temucotelevision.cl\/web\/2022\/12\/30\/diputado-rathgeb-por-indultos-a-detenidos-por-el-estallido-social-los-delincuentes-tienen-en-el-gobierno-a-un-aliado\/","title":{"rendered":"Diputado Rathgeb por indultos a detenidos por el estallido social: &#8220;Los delincuentes tienen en el Gobierno a un aliado&#8221;"},"content":{"rendered":"<div class=\"pvc_clear\"><\/div><p id=\"pvc_stats_37577\" class=\"pvc_stats total_only  \" data-element-id=\"37577\" style=\"\"><i class=\"pvc-stats-icon large\" aria-hidden=\"true\"><svg aria-hidden=\"true\" focusable=\"false\" data-prefix=\"far\" data-icon=\"chart-bar\" role=\"img\" xmlns=\"http:\/\/www.w3.org\/2000\/svg\" viewBox=\"0 0 512 512\" class=\"svg-inline--fa fa-chart-bar fa-w-16 fa-2x\"><path fill=\"currentColor\" d=\"M396.8 352h22.4c6.4 0 12.8-6.4 12.8-12.8V108.8c0-6.4-6.4-12.8-12.8-12.8h-22.4c-6.4 0-12.8 6.4-12.8 12.8v230.4c0 6.4 6.4 12.8 12.8 12.8zm-192 0h22.4c6.4 0 12.8-6.4 12.8-12.8V140.8c0-6.4-6.4-12.8-12.8-12.8h-22.4c-6.4 0-12.8 6.4-12.8 12.8v198.4c0 6.4 6.4 12.8 12.8 12.8zm96 0h22.4c6.4 0 12.8-6.4 12.8-12.8V204.8c0-6.4-6.4-12.8-12.8-12.8h-22.4c-6.4 0-12.8 6.4-12.8 12.8v134.4c0 6.4 6.4 12.8 12.8 12.8zM496 400H48V80c0-8.84-7.16-16-16-16H16C7.16 64 0 71.16 0 80v336c0 17.67 14.33 32 32 32h464c8.84 0 16-7.16 16-16v-16c0-8.84-7.16-16-16-16zm-387.2-48h22.4c6.4 0 12.8-6.4 12.8-12.8v-70.4c0-6.4-6.4-12.8-12.8-12.8h-22.4c-6.4 0-12.8 6.4-12.8 12.8v70.4c0 6.4 6.4 12.8 12.8 12.8z\" class=\"\"><\/path><\/svg><\/i> <img loading=\"lazy\" decoding=\"async\" width=\"16\" height=\"16\" alt=\"Loading\" src=\"https:\/\/temucotelevision.cl\/web\/wp-content\/plugins\/page-views-count\/ajax-loader-2x.gif\" border=0 \/><\/p><div class=\"pvc_clear\"><\/div>\n<p><strong>El parlamentario critic\u00f3 la determinaci\u00f3n del Ejecutivo indicando que la declaraci\u00f3n de principios de luchar contra la delincuencia se van al tacho de la basura al entregar indultos.<\/strong><\/p>\n\n\n\n<p>El Gobierno de Chile dio a conocer una lista de indultos a personas que fueron detenidas por distintos delitos en el marco del estallido social, lo que a juicio del diputado de Renovaci\u00f3n Nacional por La Araucan\u00eda, Jorge Rathgeb, es una muestra que el Gobierno simpatiza con qui\u00e9nes ocasionan destrozos o alteran la paz y tranquilidad de la ciudadan\u00eda.<\/p>\n\n\n\n<p>Rathgeb coment\u00f3 que esto da cuenta que ac\u00e1 existen autoridades que no tienen mayor sinton\u00eda con los ciudadanos y que para el Ejecutivo los delincuentes son los que tienen privilegios.<\/p>\n\n\n\n<p>El congresista coment\u00f3 que esto es una burla y una ofensa para todos los chilenos y en especial para quienes han sido v\u00edctimas de la delincuencia.<\/p>\n\n\n\n<p>&#8220;Todos los que cometen vandalismo, des\u00f3rdenes, destrozos, hacen da\u00f1o, tienen en el actual Gobierno un aliado lo que se demuestra con estos indultos. Ac\u00e1 a todos los chilenos, a las familias, a los trabajadores, se les est\u00e1 dando la espalda y se privilegia a delincuentes&#8221;, indic\u00f3 el parlamentario.<\/p>\n\n\n\n<p>Rathgeb dijo que esta es una p\u00e9sima se\u00f1al para el pa\u00eds y demuestra las serias contradicciones de las actuales autoridades.<\/p>\n","protected":false},"excerpt":{"rendered":"<div class=\"pvc_clear\"><\/div>\n<p id=\"pvc_stats_37577\" class=\"pvc_stats total_only  \" data-element-id=\"37577\" style=\"\"><i class=\"pvc-stats-icon large\" aria-hidden=\"true\"><svg aria-hidden=\"true\" focusable=\"false\" data-prefix=\"far\" data-icon=\"chart-bar\" role=\"img\" xmlns=\"http:\/\/www.w3.org\/2000\/svg\" viewBox=\"0 0 512 512\" class=\"svg-inline--fa fa-chart-bar fa-w-16 fa-2x\"><path fill=\"currentColor\" d=\"M396.8 352h22.4c6.4 0 12.8-6.4 12.8-12.8V108.8c0-6.4-6.4-12.8-12.8-12.8h-22.4c-6.4 0-12.8 6.4-12.8 12.8v230.4c0 6.4 6.4 12.8 12.8 12.8zm-192 0h22.4c6.4 0 12.8-6.4 12.8-12.8V140.8c0-6.4-6.4-12.8-12.8-12.8h-22.4c-6.4 0-12.8 6.4-12.8 12.8v198.4c0 6.4 6.4 12.8 12.8 12.8zm96 0h22.4c6.4 0 12.8-6.4 12.8-12.8V204.8c0-6.4-6.4-12.8-12.8-12.8h-22.4c-6.4 0-12.8 6.4-12.8 12.8v134.4c0 6.4 6.4 12.8 12.8 12.8zM496 400H48V80c0-8.84-7.16-16-16-16H16C7.16 64 0 71.16 0 80v336c0 17.67 14.33 32 32 32h464c8.84 0 16-7.16 16-16v-16c0-8.84-7.16-16-16-16zm-387.2-48h22.4c6.4 0 12.8-6.4 12.8-12.8v-70.4c0-6.4-6.4-12.8-12.8-12.8h-22.4c-6.4 0-12.8 6.4-12.8 12.8v70.4c0 6.4 6.4 12.8 12.8 12.8z\" class=\"\"><\/path><\/svg><\/i> <img loading=\"lazy\" decoding=\"async\" width=\"16\" height=\"16\" alt=\"Loading\" src=\"https:\/\/temucotelevision.cl\/web\/wp-content\/plugins\/page-views-count\/ajax-loader-2x.gif\" border=0 \/><\/p>\n<div class=\"pvc_clear\"><\/div>\n<p>El parlamentario critic\u00f3 la determinaci\u00f3n del Ejecutivo indicando que la declaraci\u00f3n de principios de luchar contra la delincuencia se van<\/p>\n","protected":false},"author":1,"featured_media":23942,"comment_status":"open","ping_status":"open","sticky":false,"template":"","format":"standard","meta":{"colormag_page_container_layout":"default_layout","colormag_page_sidebar_layout":"default_layout","footnotes":""},"categories":[84],"tags":[154,3413,6054],"class_list":["post-37577","post","type-post","status-publish","format-standard","has-post-thumbnail","hentry","category-politica","tag-diputado","tag-estallido-social","tag-indultos"],"a3_pvc":{"activated":true,"total_views":37,"today_views":0},"_links":{"self":[{"href":"https:\/\/temucotelevision.cl\/web\/wp-json\/wp\/v2\/posts\/37577","targetHints":{"allow":["GET"]}}],"collection":[{"href":"https:\/\/temucotelevision.cl\/web\/wp-json\/wp\/v2\/posts"}],"about":[{"href":"https:\/\/temucotelevision.cl\/web\/wp-json\/wp\/v2\/types\/post"}],"author":[{"embeddable":true,"href":"https:\/\/temucotelevision.cl\/web\/wp-json\/wp\/v2\/users\/1"}],"replies":[{"embeddable":true,"href":"https:\/\/temucotelevision.cl\/web\/wp-json\/wp\/v2\/comments?post=37577"}],"version-history":[{"count":1,"href":"https:\/\/temucotelevision.cl\/web\/wp-json\/wp\/v2\/posts\/37577\/revisions"}],"predecessor-version":[{"id":37578,"href":"https:\/\/temucotelevision.cl\/web\/wp-json\/wp\/v2\/posts\/37577\/revisions\/37578"}],"wp:featuredmedia":[{"embeddable":true,"href":"https:\/\/temucotelevision.cl\/web\/wp-json\/wp\/v2\/media\/23942"}],"wp:attachment":[{"href":"https:\/\/temucotelevision.cl\/web\/wp-json\/wp\/v2\/media?parent=37577"}],"wp:term":[{"taxonomy":"category","embeddable":true,"href":"https:\/\/temucotelevision.cl\/web\/wp-json\/wp\/v2\/categories?post=37577"},{"taxonomy":"post_tag","embeddable":true,"href":"https:\/\/temucotelevision.cl\/web\/wp-json\/wp\/v2\/tags?post=37577"}],"curies":[{"name":"wp","href":"https:\/\/api.w.org\/{rel}","templated":true}]}}