{"id":37574,"date":"2022-12-30T22:39:38","date_gmt":"2022-12-31T01:39:38","guid":{"rendered":"https:\/\/temucotelevision.cl\/web\/?p=37574"},"modified":"2022-12-30T22:39:39","modified_gmt":"2022-12-31T01:39:39","slug":"mas-de-200-brigadistas-de-cmpc-combaten-incendios-en-biobio-y-la-araucania","status":"publish","type":"post","link":"https:\/\/temucotelevision.cl\/web\/2022\/12\/30\/mas-de-200-brigadistas-de-cmpc-combaten-incendios-en-biobio-y-la-araucania\/","title":{"rendered":"M\u00e1s de 200 brigadistas de CMPC combaten incendios en Biob\u00edo y\u00a0\u00a0La Araucan\u00eda"},"content":{"rendered":"<div class=\"pvc_clear\"><\/div><p id=\"pvc_stats_37574\" class=\"pvc_stats total_only  \" data-element-id=\"37574\" style=\"\"><i class=\"pvc-stats-icon large\" aria-hidden=\"true\"><svg aria-hidden=\"true\" focusable=\"false\" data-prefix=\"far\" data-icon=\"chart-bar\" role=\"img\" xmlns=\"http:\/\/www.w3.org\/2000\/svg\" viewBox=\"0 0 512 512\" class=\"svg-inline--fa fa-chart-bar fa-w-16 fa-2x\"><path fill=\"currentColor\" d=\"M396.8 352h22.4c6.4 0 12.8-6.4 12.8-12.8V108.8c0-6.4-6.4-12.8-12.8-12.8h-22.4c-6.4 0-12.8 6.4-12.8 12.8v230.4c0 6.4 6.4 12.8 12.8 12.8zm-192 0h22.4c6.4 0 12.8-6.4 12.8-12.8V140.8c0-6.4-6.4-12.8-12.8-12.8h-22.4c-6.4 0-12.8 6.4-12.8 12.8v198.4c0 6.4 6.4 12.8 12.8 12.8zm96 0h22.4c6.4 0 12.8-6.4 12.8-12.8V204.8c0-6.4-6.4-12.8-12.8-12.8h-22.4c-6.4 0-12.8 6.4-12.8 12.8v134.4c0 6.4 6.4 12.8 12.8 12.8zM496 400H48V80c0-8.84-7.16-16-16-16H16C7.16 64 0 71.16 0 80v336c0 17.67 14.33 32 32 32h464c8.84 0 16-7.16 16-16v-16c0-8.84-7.16-16-16-16zm-387.2-48h22.4c6.4 0 12.8-6.4 12.8-12.8v-70.4c0-6.4-6.4-12.8-12.8-12.8h-22.4c-6.4 0-12.8 6.4-12.8 12.8v70.4c0 6.4 6.4 12.8 12.8 12.8z\" class=\"\"><\/path><\/svg><\/i> <img loading=\"lazy\" decoding=\"async\" width=\"16\" height=\"16\" alt=\"Loading\" src=\"https:\/\/temucotelevision.cl\/web\/wp-content\/plugins\/page-views-count\/ajax-loader-2x.gif\" border=0 \/><\/p><div class=\"pvc_clear\"><\/div>\n<p>Durante este viernes 30 de diciembre, CMPC ha desplegado sus equipos de combate&nbsp;de incendios parahacer frente a los siniestros que afectan simult\u00e1neamente&nbsp;varios sectores de Biob\u00edo y La Araucan\u00eda.&nbsp;<\/p>\n\n\n\n<p>En la jornada,&nbsp;m\u00e1s de 200&nbsp;brigadistas&nbsp;de labores terrestres, mecanizadas, helitransportadas y cisternas,&nbsp;han trabajado&nbsp;con el&nbsp;apoyo&nbsp;de&nbsp;21&nbsp;aeronaves de diversas caracter\u00edsticas,&nbsp;y maquinaria terrestre,&nbsp;intentando controlar el avance del fuego.<\/p>\n\n\n\n<p>Actualmente las labores de los equipos se reparten en la regi\u00f3n de Biob\u00edo, en\u00a0San Jos\u00e9 Grande de Nacimiento y Santa Juana, con 150 efectivos, un helic\u00f3ptero mediano, un avi\u00f3n cisterna, y brigadas terrestres. Es en este lugar donde se encuentra operando el gran\u00a0helic\u00f3ptero Kamov, con una capacidad de 5 mil litros de agua por descarga y 8 descargas por hora.<\/p>\n\n\n\n<p>En El Olivo de Los \u00c1ngeles, los trabajos est\u00e1n a cargo de 30 brigadistas, un avi\u00f3n de coordinaci\u00f3n y tres aviones cisterna. En tanto en Cabrero, una treintena de personas acuden al siniestro operando un avi\u00f3n de coordinaci\u00f3n y tres aviones cisterna. Mientras en el sector de Las Delicias de Capit\u00e1n Pastene, en La Araucan\u00eda, acudieron, un avi\u00f3n de coordinaci\u00f3n, tres aviones cisterna, m\u00e1s brigadas terrestres, mecanizadas y cisterna, con un total de 20 brigadistas.<\/p>\n\n\n\n<p>El principal foco de los equipos de CMPC se centra en la protecci\u00f3n de las personas&nbsp;y evitar que las llamas alcancen viviendas, por lo que las&nbsp;labores&nbsp;se han centrado en evitar la propagaci\u00f3n hacia los lugares habitados.<\/p>\n","protected":false},"excerpt":{"rendered":"<div class=\"pvc_clear\"><\/div>\n<p id=\"pvc_stats_37574\" class=\"pvc_stats total_only  \" data-element-id=\"37574\" style=\"\"><i class=\"pvc-stats-icon large\" aria-hidden=\"true\"><svg aria-hidden=\"true\" focusable=\"false\" data-prefix=\"far\" data-icon=\"chart-bar\" role=\"img\" xmlns=\"http:\/\/www.w3.org\/2000\/svg\" viewBox=\"0 0 512 512\" class=\"svg-inline--fa fa-chart-bar fa-w-16 fa-2x\"><path fill=\"currentColor\" d=\"M396.8 352h22.4c6.4 0 12.8-6.4 12.8-12.8V108.8c0-6.4-6.4-12.8-12.8-12.8h-22.4c-6.4 0-12.8 6.4-12.8 12.8v230.4c0 6.4 6.4 12.8 12.8 12.8zm-192 0h22.4c6.4 0 12.8-6.4 12.8-12.8V140.8c0-6.4-6.4-12.8-12.8-12.8h-22.4c-6.4 0-12.8 6.4-12.8 12.8v198.4c0 6.4 6.4 12.8 12.8 12.8zm96 0h22.4c6.4 0 12.8-6.4 12.8-12.8V204.8c0-6.4-6.4-12.8-12.8-12.8h-22.4c-6.4 0-12.8 6.4-12.8 12.8v134.4c0 6.4 6.4 12.8 12.8 12.8zM496 400H48V80c0-8.84-7.16-16-16-16H16C7.16 64 0 71.16 0 80v336c0 17.67 14.33 32 32 32h464c8.84 0 16-7.16 16-16v-16c0-8.84-7.16-16-16-16zm-387.2-48h22.4c6.4 0 12.8-6.4 12.8-12.8v-70.4c0-6.4-6.4-12.8-12.8-12.8h-22.4c-6.4 0-12.8 6.4-12.8 12.8v70.4c0 6.4 6.4 12.8 12.8 12.8z\" class=\"\"><\/path><\/svg><\/i> <img loading=\"lazy\" decoding=\"async\" width=\"16\" height=\"16\" alt=\"Loading\" src=\"https:\/\/temucotelevision.cl\/web\/wp-content\/plugins\/page-views-count\/ajax-loader-2x.gif\" border=0 \/><\/p>\n<div class=\"pvc_clear\"><\/div>\n<p>Durante este viernes 30 de diciembre, CMPC ha desplegado sus equipos de combate&nbsp;de incendios parahacer frente a los siniestros que<\/p>\n","protected":false},"author":1,"featured_media":37575,"comment_status":"open","ping_status":"open","sticky":false,"template":"","format":"standard","meta":{"colormag_page_container_layout":"default_layout","colormag_page_sidebar_layout":"default_layout","footnotes":""},"categories":[15],"tags":[423,2365,267,266],"class_list":["post-37574","post","type-post","status-publish","format-standard","has-post-thumbnail","hentry","category-la-araucania","tag-brigadistas","tag-cmpc","tag-forestales","tag-incendios"],"a3_pvc":{"activated":true,"total_views":47,"today_views":0},"_links":{"self":[{"href":"https:\/\/temucotelevision.cl\/web\/wp-json\/wp\/v2\/posts\/37574","targetHints":{"allow":["GET"]}}],"collection":[{"href":"https:\/\/temucotelevision.cl\/web\/wp-json\/wp\/v2\/posts"}],"about":[{"href":"https:\/\/temucotelevision.cl\/web\/wp-json\/wp\/v2\/types\/post"}],"author":[{"embeddable":true,"href":"https:\/\/temucotelevision.cl\/web\/wp-json\/wp\/v2\/users\/1"}],"replies":[{"embeddable":true,"href":"https:\/\/temucotelevision.cl\/web\/wp-json\/wp\/v2\/comments?post=37574"}],"version-history":[{"count":1,"href":"https:\/\/temucotelevision.cl\/web\/wp-json\/wp\/v2\/posts\/37574\/revisions"}],"predecessor-version":[{"id":37576,"href":"https:\/\/temucotelevision.cl\/web\/wp-json\/wp\/v2\/posts\/37574\/revisions\/37576"}],"wp:featuredmedia":[{"embeddable":true,"href":"https:\/\/temucotelevision.cl\/web\/wp-json\/wp\/v2\/media\/37575"}],"wp:attachment":[{"href":"https:\/\/temucotelevision.cl\/web\/wp-json\/wp\/v2\/media?parent=37574"}],"wp:term":[{"taxonomy":"category","embeddable":true,"href":"https:\/\/temucotelevision.cl\/web\/wp-json\/wp\/v2\/categories?post=37574"},{"taxonomy":"post_tag","embeddable":true,"href":"https:\/\/temucotelevision.cl\/web\/wp-json\/wp\/v2\/tags?post=37574"}],"curies":[{"name":"wp","href":"https:\/\/api.w.org\/{rel}","templated":true}]}}