{"id":37569,"date":"2022-12-30T17:55:36","date_gmt":"2022-12-30T20:55:36","guid":{"rendered":"https:\/\/temucotelevision.cl\/web\/?p=37569"},"modified":"2022-12-30T17:56:31","modified_gmt":"2022-12-30T20:56:31","slug":"diputado-jouannet-por-indulto-de-detenidos-en-estallido-social-y-exfrentista","status":"publish","type":"post","link":"https:\/\/temucotelevision.cl\/web\/2022\/12\/30\/diputado-jouannet-por-indulto-de-detenidos-en-estallido-social-y-exfrentista\/","title":{"rendered":"Diputado Jouannet por indulto de detenidos en estallido social y exfrentista"},"content":{"rendered":"<div class=\"pvc_clear\"><\/div><p id=\"pvc_stats_37569\" class=\"pvc_stats total_only  \" data-element-id=\"37569\" style=\"\"><i class=\"pvc-stats-icon large\" aria-hidden=\"true\"><svg aria-hidden=\"true\" focusable=\"false\" data-prefix=\"far\" data-icon=\"chart-bar\" role=\"img\" xmlns=\"http:\/\/www.w3.org\/2000\/svg\" viewBox=\"0 0 512 512\" class=\"svg-inline--fa fa-chart-bar fa-w-16 fa-2x\"><path fill=\"currentColor\" d=\"M396.8 352h22.4c6.4 0 12.8-6.4 12.8-12.8V108.8c0-6.4-6.4-12.8-12.8-12.8h-22.4c-6.4 0-12.8 6.4-12.8 12.8v230.4c0 6.4 6.4 12.8 12.8 12.8zm-192 0h22.4c6.4 0 12.8-6.4 12.8-12.8V140.8c0-6.4-6.4-12.8-12.8-12.8h-22.4c-6.4 0-12.8 6.4-12.8 12.8v198.4c0 6.4 6.4 12.8 12.8 12.8zm96 0h22.4c6.4 0 12.8-6.4 12.8-12.8V204.8c0-6.4-6.4-12.8-12.8-12.8h-22.4c-6.4 0-12.8 6.4-12.8 12.8v134.4c0 6.4 6.4 12.8 12.8 12.8zM496 400H48V80c0-8.84-7.16-16-16-16H16C7.16 64 0 71.16 0 80v336c0 17.67 14.33 32 32 32h464c8.84 0 16-7.16 16-16v-16c0-8.84-7.16-16-16-16zm-387.2-48h22.4c6.4 0 12.8-6.4 12.8-12.8v-70.4c0-6.4-6.4-12.8-12.8-12.8h-22.4c-6.4 0-12.8 6.4-12.8 12.8v70.4c0 6.4 6.4 12.8 12.8 12.8z\" class=\"\"><\/path><\/svg><\/i> <img loading=\"lazy\" decoding=\"async\" width=\"16\" height=\"16\" alt=\"Loading\" src=\"https:\/\/temucotelevision.cl\/web\/wp-content\/plugins\/page-views-count\/ajax-loader-2x.gif\" border=0 \/><\/p><div class=\"pvc_clear\"><\/div>\n<p>La verdad que esta decisi\u00f3n del presidente no me sorprende, es parte de su naturaleza, de sus propias contradicciones permanentemente, decir una cosa y despu\u00e9s hacer otra y no importarle nada.<\/p>\n\n\n\n<p>El jefe de Estado, desde que empez\u00f3 en pol\u00edtica ha hecho lo mismo y le ha resultado pero no por el bien del pa\u00eds.<\/p>\n\n\n\n<p>Por una parte, su doble est\u00e1ndar cuando afirma &#8216;vamos a luchar contra la delincuencia&#8217;, &#8216;los vamos a perseguir como perros&#8217;, &#8216;hay que terminar con la violencia pol\u00edtica&#8217;, &#8216;hay que recuperar la autoridad pol\u00edtica&#8217;.<\/p>\n\n\n\n<p>Por otro lado, indulta a estos delincuentes, a un exfrentista, lo m\u00e1s grave e inaceptable es que lo hace con un simbolismo de glorificaci\u00f3n. Por tanto, glorifica el uso de la violencia, esa es la contradicci\u00f3n, eso le hace da\u00f1o al pa\u00eds y hace que no se le pueda creer al Presidente, es malo para el pa\u00eds , sobre todo, en un gobierno que tiene estas dicotom\u00edas.<\/p>\n","protected":false},"excerpt":{"rendered":"<div class=\"pvc_clear\"><\/div>\n<p id=\"pvc_stats_37569\" class=\"pvc_stats total_only  \" data-element-id=\"37569\" style=\"\"><i class=\"pvc-stats-icon large\" aria-hidden=\"true\"><svg aria-hidden=\"true\" focusable=\"false\" data-prefix=\"far\" data-icon=\"chart-bar\" role=\"img\" xmlns=\"http:\/\/www.w3.org\/2000\/svg\" viewBox=\"0 0 512 512\" class=\"svg-inline--fa fa-chart-bar fa-w-16 fa-2x\"><path fill=\"currentColor\" d=\"M396.8 352h22.4c6.4 0 12.8-6.4 12.8-12.8V108.8c0-6.4-6.4-12.8-12.8-12.8h-22.4c-6.4 0-12.8 6.4-12.8 12.8v230.4c0 6.4 6.4 12.8 12.8 12.8zm-192 0h22.4c6.4 0 12.8-6.4 12.8-12.8V140.8c0-6.4-6.4-12.8-12.8-12.8h-22.4c-6.4 0-12.8 6.4-12.8 12.8v198.4c0 6.4 6.4 12.8 12.8 12.8zm96 0h22.4c6.4 0 12.8-6.4 12.8-12.8V204.8c0-6.4-6.4-12.8-12.8-12.8h-22.4c-6.4 0-12.8 6.4-12.8 12.8v134.4c0 6.4 6.4 12.8 12.8 12.8zM496 400H48V80c0-8.84-7.16-16-16-16H16C7.16 64 0 71.16 0 80v336c0 17.67 14.33 32 32 32h464c8.84 0 16-7.16 16-16v-16c0-8.84-7.16-16-16-16zm-387.2-48h22.4c6.4 0 12.8-6.4 12.8-12.8v-70.4c0-6.4-6.4-12.8-12.8-12.8h-22.4c-6.4 0-12.8 6.4-12.8 12.8v70.4c0 6.4 6.4 12.8 12.8 12.8z\" class=\"\"><\/path><\/svg><\/i> <img loading=\"lazy\" decoding=\"async\" width=\"16\" height=\"16\" alt=\"Loading\" src=\"https:\/\/temucotelevision.cl\/web\/wp-content\/plugins\/page-views-count\/ajax-loader-2x.gif\" border=0 \/><\/p>\n<div class=\"pvc_clear\"><\/div>\n<p>La verdad que esta decisi\u00f3n del presidente no me sorprende, es parte de su naturaleza, de sus propias contradicciones permanentemente,<\/p>\n","protected":false},"author":1,"featured_media":30840,"comment_status":"open","ping_status":"open","sticky":false,"template":"","format":"standard","meta":{"colormag_page_container_layout":"default_layout","colormag_page_sidebar_layout":"default_layout","footnotes":""},"categories":[84],"tags":[328,154],"class_list":["post-37569","post","type-post","status-publish","format-standard","has-post-thumbnail","hentry","category-politica","tag-detenidos","tag-diputado"],"a3_pvc":{"activated":true,"total_views":47,"today_views":0},"_links":{"self":[{"href":"https:\/\/temucotelevision.cl\/web\/wp-json\/wp\/v2\/posts\/37569","targetHints":{"allow":["GET"]}}],"collection":[{"href":"https:\/\/temucotelevision.cl\/web\/wp-json\/wp\/v2\/posts"}],"about":[{"href":"https:\/\/temucotelevision.cl\/web\/wp-json\/wp\/v2\/types\/post"}],"author":[{"embeddable":true,"href":"https:\/\/temucotelevision.cl\/web\/wp-json\/wp\/v2\/users\/1"}],"replies":[{"embeddable":true,"href":"https:\/\/temucotelevision.cl\/web\/wp-json\/wp\/v2\/comments?post=37569"}],"version-history":[{"count":1,"href":"https:\/\/temucotelevision.cl\/web\/wp-json\/wp\/v2\/posts\/37569\/revisions"}],"predecessor-version":[{"id":37570,"href":"https:\/\/temucotelevision.cl\/web\/wp-json\/wp\/v2\/posts\/37569\/revisions\/37570"}],"wp:featuredmedia":[{"embeddable":true,"href":"https:\/\/temucotelevision.cl\/web\/wp-json\/wp\/v2\/media\/30840"}],"wp:attachment":[{"href":"https:\/\/temucotelevision.cl\/web\/wp-json\/wp\/v2\/media?parent=37569"}],"wp:term":[{"taxonomy":"category","embeddable":true,"href":"https:\/\/temucotelevision.cl\/web\/wp-json\/wp\/v2\/categories?post=37569"},{"taxonomy":"post_tag","embeddable":true,"href":"https:\/\/temucotelevision.cl\/web\/wp-json\/wp\/v2\/tags?post=37569"}],"curies":[{"name":"wp","href":"https:\/\/api.w.org\/{rel}","templated":true}]}}