{"id":37278,"date":"2022-12-18T10:12:30","date_gmt":"2022-12-18T13:12:30","guid":{"rendered":"https:\/\/temucotelevision.cl\/web\/?p=37278"},"modified":"2022-12-18T10:12:31","modified_gmt":"2022-12-18T13:12:31","slug":"diputado-rathgeb-llama-a-reforzar-campana-de-informacion-y-prevencion-de-hanta-virus-en-la-araucania","status":"publish","type":"post","link":"https:\/\/temucotelevision.cl\/web\/2022\/12\/18\/diputado-rathgeb-llama-a-reforzar-campana-de-informacion-y-prevencion-de-hanta-virus-en-la-araucania\/","title":{"rendered":"Diputado Rathgeb llama a reforzar campa\u00f1a de informaci\u00f3n y prevenci\u00f3n de Hanta virus en La Araucan\u00eda"},"content":{"rendered":"<div class=\"pvc_clear\"><\/div><p id=\"pvc_stats_37278\" class=\"pvc_stats total_only  \" data-element-id=\"37278\" style=\"\"><i class=\"pvc-stats-icon large\" aria-hidden=\"true\"><svg aria-hidden=\"true\" focusable=\"false\" data-prefix=\"far\" data-icon=\"chart-bar\" role=\"img\" xmlns=\"http:\/\/www.w3.org\/2000\/svg\" viewBox=\"0 0 512 512\" class=\"svg-inline--fa fa-chart-bar fa-w-16 fa-2x\"><path fill=\"currentColor\" d=\"M396.8 352h22.4c6.4 0 12.8-6.4 12.8-12.8V108.8c0-6.4-6.4-12.8-12.8-12.8h-22.4c-6.4 0-12.8 6.4-12.8 12.8v230.4c0 6.4 6.4 12.8 12.8 12.8zm-192 0h22.4c6.4 0 12.8-6.4 12.8-12.8V140.8c0-6.4-6.4-12.8-12.8-12.8h-22.4c-6.4 0-12.8 6.4-12.8 12.8v198.4c0 6.4 6.4 12.8 12.8 12.8zm96 0h22.4c6.4 0 12.8-6.4 12.8-12.8V204.8c0-6.4-6.4-12.8-12.8-12.8h-22.4c-6.4 0-12.8 6.4-12.8 12.8v134.4c0 6.4 6.4 12.8 12.8 12.8zM496 400H48V80c0-8.84-7.16-16-16-16H16C7.16 64 0 71.16 0 80v336c0 17.67 14.33 32 32 32h464c8.84 0 16-7.16 16-16v-16c0-8.84-7.16-16-16-16zm-387.2-48h22.4c6.4 0 12.8-6.4 12.8-12.8v-70.4c0-6.4-6.4-12.8-12.8-12.8h-22.4c-6.4 0-12.8 6.4-12.8 12.8v70.4c0 6.4 6.4 12.8 12.8 12.8z\" class=\"\"><\/path><\/svg><\/i> <img loading=\"lazy\" decoding=\"async\" width=\"16\" height=\"16\" alt=\"Loading\" src=\"https:\/\/temucotelevision.cl\/web\/wp-content\/plugins\/page-views-count\/ajax-loader-2x.gif\" border=0 \/><\/p><div class=\"pvc_clear\"><\/div>\n<p><strong>En la antesala a la temporada estival y donde el n\u00famero de casos podr\u00eda aumentar, el parlamentario solicit\u00f3 a las autoridades de la cartera reforzar las campa\u00f1as respectivas considerando que la Regi\u00f3n tiene dos componentes donde aumenta la posibilidad de casos y es la ruralidad junto al comienzo de la temporada tur\u00edstica.<\/strong><\/p>\n\n\n\n<p>Aunque est\u00e1 presente durante todo el a\u00f1o, el verano por lo general es la estaci\u00f3n donde m\u00e1s prolifera el Hanta Virus y La Araucan\u00eda es una de las regiones del pa\u00eds m\u00e1s propensa a tener estos casos.&nbsp;<\/p>\n\n\n\n<p>El diputado de Renovaci\u00f3n Nacional y presidente regional de la colectividad, Jorge Rathgeb, est\u00e1 realizando un llamado a las autoridades de salud a reforzar las campa\u00f1as informativas y de prevenci\u00f3n sobre esta enfermedad, transmitida por el rat\u00f3n silvestre \u201ccola larga\u201d, la que es habitualmente grave y que puede ser mortal.<\/p>\n\n\n\n<p>Rathgeb indic\u00f3 que La Araucan\u00eda tiene un alto componente rural y tambi\u00e9n tur\u00edstico, precisamente dos lugares donde se incrementa en este tiempo la presencia de roedores lo que aumenta el riesgo de aumento de esta enfermedad.<\/p>\n\n\n\n<p>El parlamentario agreg\u00f3 que espera que se aceleren las campa\u00f1as preventivas, para que as\u00ed los casos que se puedan llegar a presentar sean cada vez menos.<\/p>\n\n\n\n<p>\u201cEn la Regi\u00f3n tenemos un alto componente rural y ahora est\u00e1 tambi\u00e9n el factor del turismo donde se puede dar con mayor frecuencia los casos de Hanta virus, por lo cual mi llamado es a las autoridades a reforzar la difusi\u00f3n de medidas de prevenci\u00f3n, las campa\u00f1as y as\u00ed se pueda reducir la presencia de esta enfermedad que es grave, que en muchos casos es mortal y que donde de momento no existe mayor informaci\u00f3n para nuestros vecinos\u201d, indic\u00f3 el diputado Rathgeb.<\/p>\n\n\n\n<p>El parlamentario espera que a la brevedad se pueda dar paso a su solicitud, considerando que en algunas regiones del pa\u00eds ya se han presentado casos en las \u00faltimas semanas, algo que se espera no ocurra en La Araucan\u00eda.<\/p>\n\n\n\n<p><\/p>\n","protected":false},"excerpt":{"rendered":"<div class=\"pvc_clear\"><\/div>\n<p id=\"pvc_stats_37278\" class=\"pvc_stats total_only  \" data-element-id=\"37278\" style=\"\"><i class=\"pvc-stats-icon large\" aria-hidden=\"true\"><svg aria-hidden=\"true\" focusable=\"false\" data-prefix=\"far\" data-icon=\"chart-bar\" role=\"img\" xmlns=\"http:\/\/www.w3.org\/2000\/svg\" viewBox=\"0 0 512 512\" class=\"svg-inline--fa fa-chart-bar fa-w-16 fa-2x\"><path fill=\"currentColor\" d=\"M396.8 352h22.4c6.4 0 12.8-6.4 12.8-12.8V108.8c0-6.4-6.4-12.8-12.8-12.8h-22.4c-6.4 0-12.8 6.4-12.8 12.8v230.4c0 6.4 6.4 12.8 12.8 12.8zm-192 0h22.4c6.4 0 12.8-6.4 12.8-12.8V140.8c0-6.4-6.4-12.8-12.8-12.8h-22.4c-6.4 0-12.8 6.4-12.8 12.8v198.4c0 6.4 6.4 12.8 12.8 12.8zm96 0h22.4c6.4 0 12.8-6.4 12.8-12.8V204.8c0-6.4-6.4-12.8-12.8-12.8h-22.4c-6.4 0-12.8 6.4-12.8 12.8v134.4c0 6.4 6.4 12.8 12.8 12.8zM496 400H48V80c0-8.84-7.16-16-16-16H16C7.16 64 0 71.16 0 80v336c0 17.67 14.33 32 32 32h464c8.84 0 16-7.16 16-16v-16c0-8.84-7.16-16-16-16zm-387.2-48h22.4c6.4 0 12.8-6.4 12.8-12.8v-70.4c0-6.4-6.4-12.8-12.8-12.8h-22.4c-6.4 0-12.8 6.4-12.8 12.8v70.4c0 6.4 6.4 12.8 12.8 12.8z\" class=\"\"><\/path><\/svg><\/i> <img loading=\"lazy\" decoding=\"async\" width=\"16\" height=\"16\" alt=\"Loading\" src=\"https:\/\/temucotelevision.cl\/web\/wp-content\/plugins\/page-views-count\/ajax-loader-2x.gif\" border=0 \/><\/p>\n<div class=\"pvc_clear\"><\/div>\n<p>En la antesala a la temporada estival y donde el n\u00famero de casos podr\u00eda aumentar, el parlamentario solicit\u00f3 a las<\/p>\n","protected":false},"author":1,"featured_media":1289,"comment_status":"open","ping_status":"open","sticky":false,"template":"","format":"standard","meta":{"colormag_page_container_layout":"default_layout","colormag_page_sidebar_layout":"default_layout","footnotes":""},"categories":[84],"tags":[532,154,2023,489],"class_list":["post-37278","post","type-post","status-publish","format-standard","has-post-thumbnail","hentry","category-politica","tag-campana","tag-diputado","tag-hantavirus","tag-rathgeb"],"a3_pvc":{"activated":true,"total_views":27,"today_views":0},"_links":{"self":[{"href":"https:\/\/temucotelevision.cl\/web\/wp-json\/wp\/v2\/posts\/37278","targetHints":{"allow":["GET"]}}],"collection":[{"href":"https:\/\/temucotelevision.cl\/web\/wp-json\/wp\/v2\/posts"}],"about":[{"href":"https:\/\/temucotelevision.cl\/web\/wp-json\/wp\/v2\/types\/post"}],"author":[{"embeddable":true,"href":"https:\/\/temucotelevision.cl\/web\/wp-json\/wp\/v2\/users\/1"}],"replies":[{"embeddable":true,"href":"https:\/\/temucotelevision.cl\/web\/wp-json\/wp\/v2\/comments?post=37278"}],"version-history":[{"count":1,"href":"https:\/\/temucotelevision.cl\/web\/wp-json\/wp\/v2\/posts\/37278\/revisions"}],"predecessor-version":[{"id":37279,"href":"https:\/\/temucotelevision.cl\/web\/wp-json\/wp\/v2\/posts\/37278\/revisions\/37279"}],"wp:featuredmedia":[{"embeddable":true,"href":"https:\/\/temucotelevision.cl\/web\/wp-json\/wp\/v2\/media\/1289"}],"wp:attachment":[{"href":"https:\/\/temucotelevision.cl\/web\/wp-json\/wp\/v2\/media?parent=37278"}],"wp:term":[{"taxonomy":"category","embeddable":true,"href":"https:\/\/temucotelevision.cl\/web\/wp-json\/wp\/v2\/categories?post=37278"},{"taxonomy":"post_tag","embeddable":true,"href":"https:\/\/temucotelevision.cl\/web\/wp-json\/wp\/v2\/tags?post=37278"}],"curies":[{"name":"wp","href":"https:\/\/api.w.org\/{rel}","templated":true}]}}