{"id":37272,"date":"2022-12-16T22:04:43","date_gmt":"2022-12-17T01:04:43","guid":{"rendered":"https:\/\/temucotelevision.cl\/web\/?p=37272"},"modified":"2022-12-16T22:04:44","modified_gmt":"2022-12-17T01:04:44","slug":"gobernador-regional-firma-mensaje-para-construccion-de-nuevo-cuartel-de-bomberos-para-pucon","status":"publish","type":"post","link":"https:\/\/temucotelevision.cl\/web\/2022\/12\/16\/gobernador-regional-firma-mensaje-para-construccion-de-nuevo-cuartel-de-bomberos-para-pucon\/","title":{"rendered":"Gobernador Regional firma mensaje para construcci\u00f3n de nuevo Cuartel de Bomberos para Puc\u00f3n"},"content":{"rendered":"<div class=\"pvc_clear\"><\/div><p id=\"pvc_stats_37272\" class=\"pvc_stats total_only  \" data-element-id=\"37272\" style=\"\"><i class=\"pvc-stats-icon large\" aria-hidden=\"true\"><svg aria-hidden=\"true\" focusable=\"false\" data-prefix=\"far\" data-icon=\"chart-bar\" role=\"img\" xmlns=\"http:\/\/www.w3.org\/2000\/svg\" viewBox=\"0 0 512 512\" class=\"svg-inline--fa fa-chart-bar fa-w-16 fa-2x\"><path fill=\"currentColor\" d=\"M396.8 352h22.4c6.4 0 12.8-6.4 12.8-12.8V108.8c0-6.4-6.4-12.8-12.8-12.8h-22.4c-6.4 0-12.8 6.4-12.8 12.8v230.4c0 6.4 6.4 12.8 12.8 12.8zm-192 0h22.4c6.4 0 12.8-6.4 12.8-12.8V140.8c0-6.4-6.4-12.8-12.8-12.8h-22.4c-6.4 0-12.8 6.4-12.8 12.8v198.4c0 6.4 6.4 12.8 12.8 12.8zm96 0h22.4c6.4 0 12.8-6.4 12.8-12.8V204.8c0-6.4-6.4-12.8-12.8-12.8h-22.4c-6.4 0-12.8 6.4-12.8 12.8v134.4c0 6.4 6.4 12.8 12.8 12.8zM496 400H48V80c0-8.84-7.16-16-16-16H16C7.16 64 0 71.16 0 80v336c0 17.67 14.33 32 32 32h464c8.84 0 16-7.16 16-16v-16c0-8.84-7.16-16-16-16zm-387.2-48h22.4c6.4 0 12.8-6.4 12.8-12.8v-70.4c0-6.4-6.4-12.8-12.8-12.8h-22.4c-6.4 0-12.8 6.4-12.8 12.8v70.4c0 6.4 6.4 12.8 12.8 12.8z\" class=\"\"><\/path><\/svg><\/i> <img loading=\"lazy\" decoding=\"async\" width=\"16\" height=\"16\" alt=\"Loading\" src=\"https:\/\/temucotelevision.cl\/web\/wp-content\/plugins\/page-views-count\/ajax-loader-2x.gif\" border=0 \/><\/p><div class=\"pvc_clear\"><\/div>\n<p><em>La m\u00e1xima autoridad regional en compa\u00f1\u00eda del alcalde de la comuna, Carlos Barra, firm\u00f3 un mensaje por $2.533 millones que permitir\u00e1 la construcci\u00f3n del Cuartel de la Tercera Compa\u00f1\u00eda de Bomberos.<\/em><\/p>\n\n\n\n<p>En la zona lacustre, Puc\u00f3n, el gobernador regional, Luciano Rivas, junto al alcalde de la comuna, Carlos Barra, firm\u00f3 un importante mensaje que mejorar\u00e1 los tiempos de respuesta ante emergencias comunales y sus alrededores, con la construcci\u00f3n del nuevo Cuartel de la Tercera Compa\u00f1\u00eda de Bomberos, que contar\u00e1 con una inversi\u00f3n por parte del Gobierno Regional de $2.533 millones.&nbsp;<\/p>\n\n\n\n<p>La compa\u00f1\u00eda actualmente comparte dependencias con el Cuerpo de Bomberos de Puc\u00f3n, la Central de Alarmas y la Primera Compa\u00f1\u00eda de Bomberos, manteniendo dificultades en el desarrollo de sus funciones al limitar el acceso a los nuevos voluntarios debido a contar con un espacio propio, poniendo en riesgo una respuesta eficiente a los llamados de la poblaci\u00f3n, lo que, con esta firma de mensaje el gobernador regional, compromete su voluntad para entregar las condiciones \u00f3ptimas de servicio para todos los voluntarios mejorando las actuales condiciones.<\/p>\n\n\n\n<p>Respecto la firma de este importante mensaje, el gobernador Luciano Rivas, se\u00f1al\u00f3 que, \u201ceste mensaje por m\u00e1s de $2.500 millones va a llegar a construir un cuartel que va a solucionar un problema para una unidad tan relevante como lo es el rescate vehicular, con un cuartel de primer nivel, una arquitectura acorde al desarrollo tur\u00edstico de esta comuna donde tendr\u00e1n un mejor acceso para este tipo de rescates.\u201d.<\/p>\n\n\n\n<p>La m\u00e1xima autoridad coment\u00f3 tambi\u00e9n que \u201ccuando nosotros ejecutamos este tipo de proyectos no solamente estamos mejorando el servicio de parte de nuestros voluntarios, sino tambi\u00e9n, estamos entregando condiciones y dignidad para nuestros bomberos con un espacio de primer nivel para poder cumplir su rol, un rol que el Gobierno Regional junto a su Consejo Regional, valoran estando muy comprometidos con ellos\u201d.<\/p>\n\n\n\n<p>Carlos Barra, alcalde la comuna lacustre, dijo que, \u201chaber podido conseguir la firma de este mensaje que posibilita la construcci\u00f3n de un cuartel para una compa\u00f1\u00eda que ha hecho un esfuerzo muy grande por 10 a\u00f1os, ha llegado un final y un final feliz\u201d.<\/p>\n\n\n\n<p>El consejero Eduardo Hern\u00e1ndez, destac\u00f3 el respaldo permanente que tiene el Consejo Regional para con los cientos de voluntarios de la regi\u00f3n diciendo que, \u201choy es un d\u00eda hist\u00f3rico para Puc\u00f3n porque se firm\u00f3 el mensaje con la disposici\u00f3n de recursos para la construcci\u00f3n de este nuevo cuartel, este es un trabajo mancomunado que se merecen los bomberos y esperamos que lo antes posible sea aprobado\u201d.<\/p>\n\n\n\n<p>Carlos Mera, presidente regional de bomberos de La Araucan\u00eda, festej\u00f3 la instancia, destacando la importancia de contar con las condiciones \u00f3ptimas para un desempe\u00f1o oportuno diciendo que, \u201cme siento orgulloso de que el gobernador y su equipo de trabajo hayan firmado este mensaje que va en beneficio de Puc\u00f3n y sus alrededores, porque no hay que olvidar que los bomberos de donde nos llamen siempre vamos acudir, y con este regalo que Dios nos da vamos a poder llegar a todas partes\u201d.<\/p>\n\n\n\n<p><strong>PROYECTO<\/strong><\/p>\n\n\n\n<p>El nuevo cuartel estar\u00e1 ubicado en la calle Colo Colo 1330, y contar\u00e1 con una construcci\u00f3n de dos niveles con un tama\u00f1o proyectado de 782,02 m2 distribuido en: \u00c1rea Administrativa, \u00e1rea operativa, \u00e1rea de guardia nocturna, \u00e1rea de servicios generales, circulaciones y muros.<\/p>\n","protected":false},"excerpt":{"rendered":"<div class=\"pvc_clear\"><\/div>\n<p id=\"pvc_stats_37272\" class=\"pvc_stats total_only  \" data-element-id=\"37272\" style=\"\"><i class=\"pvc-stats-icon large\" aria-hidden=\"true\"><svg aria-hidden=\"true\" focusable=\"false\" data-prefix=\"far\" data-icon=\"chart-bar\" role=\"img\" xmlns=\"http:\/\/www.w3.org\/2000\/svg\" viewBox=\"0 0 512 512\" class=\"svg-inline--fa fa-chart-bar fa-w-16 fa-2x\"><path fill=\"currentColor\" d=\"M396.8 352h22.4c6.4 0 12.8-6.4 12.8-12.8V108.8c0-6.4-6.4-12.8-12.8-12.8h-22.4c-6.4 0-12.8 6.4-12.8 12.8v230.4c0 6.4 6.4 12.8 12.8 12.8zm-192 0h22.4c6.4 0 12.8-6.4 12.8-12.8V140.8c0-6.4-6.4-12.8-12.8-12.8h-22.4c-6.4 0-12.8 6.4-12.8 12.8v198.4c0 6.4 6.4 12.8 12.8 12.8zm96 0h22.4c6.4 0 12.8-6.4 12.8-12.8V204.8c0-6.4-6.4-12.8-12.8-12.8h-22.4c-6.4 0-12.8 6.4-12.8 12.8v134.4c0 6.4 6.4 12.8 12.8 12.8zM496 400H48V80c0-8.84-7.16-16-16-16H16C7.16 64 0 71.16 0 80v336c0 17.67 14.33 32 32 32h464c8.84 0 16-7.16 16-16v-16c0-8.84-7.16-16-16-16zm-387.2-48h22.4c6.4 0 12.8-6.4 12.8-12.8v-70.4c0-6.4-6.4-12.8-12.8-12.8h-22.4c-6.4 0-12.8 6.4-12.8 12.8v70.4c0 6.4 6.4 12.8 12.8 12.8z\" class=\"\"><\/path><\/svg><\/i> <img loading=\"lazy\" decoding=\"async\" width=\"16\" height=\"16\" alt=\"Loading\" src=\"https:\/\/temucotelevision.cl\/web\/wp-content\/plugins\/page-views-count\/ajax-loader-2x.gif\" border=0 \/><\/p>\n<div class=\"pvc_clear\"><\/div>\n<p>La m\u00e1xima autoridad regional en compa\u00f1\u00eda del alcalde de la comuna, Carlos Barra, firm\u00f3 un mensaje por $2.533 millones que<\/p>\n","protected":false},"author":1,"featured_media":37273,"comment_status":"open","ping_status":"open","sticky":false,"template":"","format":"standard","meta":{"colormag_page_container_layout":"default_layout","colormag_page_sidebar_layout":"default_layout","footnotes":""},"categories":[15],"tags":[304,1340,806,829,1147,161],"class_list":["post-37272","post","type-post","status-publish","format-standard","has-post-thumbnail","hentry","category-la-araucania","tag-bomberos","tag-cuartel","tag-firma","tag-gobernador","tag-mensaje","tag-pucon"],"a3_pvc":{"activated":true,"total_views":65,"today_views":0},"_links":{"self":[{"href":"https:\/\/temucotelevision.cl\/web\/wp-json\/wp\/v2\/posts\/37272","targetHints":{"allow":["GET"]}}],"collection":[{"href":"https:\/\/temucotelevision.cl\/web\/wp-json\/wp\/v2\/posts"}],"about":[{"href":"https:\/\/temucotelevision.cl\/web\/wp-json\/wp\/v2\/types\/post"}],"author":[{"embeddable":true,"href":"https:\/\/temucotelevision.cl\/web\/wp-json\/wp\/v2\/users\/1"}],"replies":[{"embeddable":true,"href":"https:\/\/temucotelevision.cl\/web\/wp-json\/wp\/v2\/comments?post=37272"}],"version-history":[{"count":1,"href":"https:\/\/temucotelevision.cl\/web\/wp-json\/wp\/v2\/posts\/37272\/revisions"}],"predecessor-version":[{"id":37274,"href":"https:\/\/temucotelevision.cl\/web\/wp-json\/wp\/v2\/posts\/37272\/revisions\/37274"}],"wp:featuredmedia":[{"embeddable":true,"href":"https:\/\/temucotelevision.cl\/web\/wp-json\/wp\/v2\/media\/37273"}],"wp:attachment":[{"href":"https:\/\/temucotelevision.cl\/web\/wp-json\/wp\/v2\/media?parent=37272"}],"wp:term":[{"taxonomy":"category","embeddable":true,"href":"https:\/\/temucotelevision.cl\/web\/wp-json\/wp\/v2\/categories?post=37272"},{"taxonomy":"post_tag","embeddable":true,"href":"https:\/\/temucotelevision.cl\/web\/wp-json\/wp\/v2\/tags?post=37272"}],"curies":[{"name":"wp","href":"https:\/\/api.w.org\/{rel}","templated":true}]}}