{"id":37263,"date":"2022-12-16T17:45:16","date_gmt":"2022-12-16T20:45:16","guid":{"rendered":"https:\/\/temucotelevision.cl\/web\/?p=37263"},"modified":"2022-12-16T17:45:17","modified_gmt":"2022-12-16T20:45:17","slug":"senadora-carmen-gloria-aravena-por-libertad-condicional-otorgada-a-uno-de-los-condenados-por-el-crimen-del-matrimonio-luchsinger-mackay","status":"publish","type":"post","link":"https:\/\/temucotelevision.cl\/web\/2022\/12\/16\/senadora-carmen-gloria-aravena-por-libertad-condicional-otorgada-a-uno-de-los-condenados-por-el-crimen-del-matrimonio-luchsinger-mackay\/","title":{"rendered":"Senadora Carmen Gloria Aravena por Libertad condicional otorgada a uno de los condenados por el crimen del matrimonio Luchsinger Mackay"},"content":{"rendered":"<div class=\"pvc_clear\"><\/div><p id=\"pvc_stats_37263\" class=\"pvc_stats total_only  \" data-element-id=\"37263\" style=\"\"><i class=\"pvc-stats-icon large\" aria-hidden=\"true\"><svg aria-hidden=\"true\" focusable=\"false\" data-prefix=\"far\" data-icon=\"chart-bar\" role=\"img\" xmlns=\"http:\/\/www.w3.org\/2000\/svg\" viewBox=\"0 0 512 512\" class=\"svg-inline--fa fa-chart-bar fa-w-16 fa-2x\"><path fill=\"currentColor\" d=\"M396.8 352h22.4c6.4 0 12.8-6.4 12.8-12.8V108.8c0-6.4-6.4-12.8-12.8-12.8h-22.4c-6.4 0-12.8 6.4-12.8 12.8v230.4c0 6.4 6.4 12.8 12.8 12.8zm-192 0h22.4c6.4 0 12.8-6.4 12.8-12.8V140.8c0-6.4-6.4-12.8-12.8-12.8h-22.4c-6.4 0-12.8 6.4-12.8 12.8v198.4c0 6.4 6.4 12.8 12.8 12.8zm96 0h22.4c6.4 0 12.8-6.4 12.8-12.8V204.8c0-6.4-6.4-12.8-12.8-12.8h-22.4c-6.4 0-12.8 6.4-12.8 12.8v134.4c0 6.4 6.4 12.8 12.8 12.8zM496 400H48V80c0-8.84-7.16-16-16-16H16C7.16 64 0 71.16 0 80v336c0 17.67 14.33 32 32 32h464c8.84 0 16-7.16 16-16v-16c0-8.84-7.16-16-16-16zm-387.2-48h22.4c6.4 0 12.8-6.4 12.8-12.8v-70.4c0-6.4-6.4-12.8-12.8-12.8h-22.4c-6.4 0-12.8 6.4-12.8 12.8v70.4c0 6.4 6.4 12.8 12.8 12.8z\" class=\"\"><\/path><\/svg><\/i> <img loading=\"lazy\" decoding=\"async\" width=\"16\" height=\"16\" alt=\"Loading\" src=\"https:\/\/temucotelevision.cl\/web\/wp-content\/plugins\/page-views-count\/ajax-loader-2x.gif\" border=0 \/><\/p><div class=\"pvc_clear\"><\/div>\n<p>El beneficio carcelario de libertad condicional otorgado por la Corte de Apelaciones de Temuco a Jos\u00e9 Tralcal, condenado a 18 a\u00f1os de prisi\u00f3n por el horrendo crimen del matrimonio Luchsinger Mackay, es de la m\u00e1xima gravedad, porque deja en libertad a un delincuente extremadamente peligroso, no cumpli\u00e9ndose con los requisitos que establece la ley, que no tiene conciencia del delito y menos arrepentimiento alguno por el brutal crimen.<\/p>\n\n\n\n<p>Adem\u00e1s, es una persona a la que se le hab\u00eda rechazado este beneficio por parte de la Comisi\u00f3n de Libertad Condicional del Poder Judicial, precisamente porque el condenado no cumpl\u00eda con los requisitos para acceder a ese beneficio con informe negativo de Gendarmer\u00eda de Chile.<\/p>\n\n\n\n<p>Esta decisi\u00f3n es parte de las inconsistencias del Estado frente a las v\u00edctimas de la macrozona sur, ya que otros condenados por delitos graves en La Araucan\u00eda podr\u00edan quedar en libertad m\u00e1s adelante si piden el beneficio sin cumplir con la ley, o como ya ocurre con Celestino C\u00f3rdoba, quien goza de beneficios carcelarios irregulares y est\u00e1 en un recinto semiabierto.<\/p>\n\n\n\n<p>Resulta inentendible que el Gobierno no se hubiese hecho parte para mantener en la c\u00e1rcel a este delincuente. El Gobierno debe apelar a decisi\u00f3n de la Corte de Apelaciones de Temuco, porque no se cumple con la ley y adem\u00e1s es un da\u00f1o tremendo que se hace a los familiares del matrimonio Lucksinger Mackay en la obtenci\u00f3n de justicia por este grav\u00edsimo crimen.<\/p>\n","protected":false},"excerpt":{"rendered":"<div class=\"pvc_clear\"><\/div>\n<p id=\"pvc_stats_37263\" class=\"pvc_stats total_only  \" data-element-id=\"37263\" style=\"\"><i class=\"pvc-stats-icon large\" aria-hidden=\"true\"><svg aria-hidden=\"true\" focusable=\"false\" data-prefix=\"far\" data-icon=\"chart-bar\" role=\"img\" xmlns=\"http:\/\/www.w3.org\/2000\/svg\" viewBox=\"0 0 512 512\" class=\"svg-inline--fa fa-chart-bar fa-w-16 fa-2x\"><path fill=\"currentColor\" d=\"M396.8 352h22.4c6.4 0 12.8-6.4 12.8-12.8V108.8c0-6.4-6.4-12.8-12.8-12.8h-22.4c-6.4 0-12.8 6.4-12.8 12.8v230.4c0 6.4 6.4 12.8 12.8 12.8zm-192 0h22.4c6.4 0 12.8-6.4 12.8-12.8V140.8c0-6.4-6.4-12.8-12.8-12.8h-22.4c-6.4 0-12.8 6.4-12.8 12.8v198.4c0 6.4 6.4 12.8 12.8 12.8zm96 0h22.4c6.4 0 12.8-6.4 12.8-12.8V204.8c0-6.4-6.4-12.8-12.8-12.8h-22.4c-6.4 0-12.8 6.4-12.8 12.8v134.4c0 6.4 6.4 12.8 12.8 12.8zM496 400H48V80c0-8.84-7.16-16-16-16H16C7.16 64 0 71.16 0 80v336c0 17.67 14.33 32 32 32h464c8.84 0 16-7.16 16-16v-16c0-8.84-7.16-16-16-16zm-387.2-48h22.4c6.4 0 12.8-6.4 12.8-12.8v-70.4c0-6.4-6.4-12.8-12.8-12.8h-22.4c-6.4 0-12.8 6.4-12.8 12.8v70.4c0 6.4 6.4 12.8 12.8 12.8z\" class=\"\"><\/path><\/svg><\/i> <img loading=\"lazy\" decoding=\"async\" width=\"16\" height=\"16\" alt=\"Loading\" src=\"https:\/\/temucotelevision.cl\/web\/wp-content\/plugins\/page-views-count\/ajax-loader-2x.gif\" border=0 \/><\/p>\n<div class=\"pvc_clear\"><\/div>\n<p>El beneficio carcelario de libertad condicional otorgado por la Corte de Apelaciones de Temuco a Jos\u00e9 Tralcal, condenado a 18<\/p>\n","protected":false},"author":1,"featured_media":34206,"comment_status":"open","ping_status":"open","sticky":false,"template":"","format":"standard","meta":{"colormag_page_container_layout":"default_layout","colormag_page_sidebar_layout":"default_layout","footnotes":""},"categories":[84],"tags":[],"class_list":["post-37263","post","type-post","status-publish","format-standard","has-post-thumbnail","hentry","category-politica"],"a3_pvc":{"activated":true,"total_views":48,"today_views":0},"_links":{"self":[{"href":"https:\/\/temucotelevision.cl\/web\/wp-json\/wp\/v2\/posts\/37263","targetHints":{"allow":["GET"]}}],"collection":[{"href":"https:\/\/temucotelevision.cl\/web\/wp-json\/wp\/v2\/posts"}],"about":[{"href":"https:\/\/temucotelevision.cl\/web\/wp-json\/wp\/v2\/types\/post"}],"author":[{"embeddable":true,"href":"https:\/\/temucotelevision.cl\/web\/wp-json\/wp\/v2\/users\/1"}],"replies":[{"embeddable":true,"href":"https:\/\/temucotelevision.cl\/web\/wp-json\/wp\/v2\/comments?post=37263"}],"version-history":[{"count":1,"href":"https:\/\/temucotelevision.cl\/web\/wp-json\/wp\/v2\/posts\/37263\/revisions"}],"predecessor-version":[{"id":37264,"href":"https:\/\/temucotelevision.cl\/web\/wp-json\/wp\/v2\/posts\/37263\/revisions\/37264"}],"wp:featuredmedia":[{"embeddable":true,"href":"https:\/\/temucotelevision.cl\/web\/wp-json\/wp\/v2\/media\/34206"}],"wp:attachment":[{"href":"https:\/\/temucotelevision.cl\/web\/wp-json\/wp\/v2\/media?parent=37263"}],"wp:term":[{"taxonomy":"category","embeddable":true,"href":"https:\/\/temucotelevision.cl\/web\/wp-json\/wp\/v2\/categories?post=37263"},{"taxonomy":"post_tag","embeddable":true,"href":"https:\/\/temucotelevision.cl\/web\/wp-json\/wp\/v2\/tags?post=37263"}],"curies":[{"name":"wp","href":"https:\/\/api.w.org\/{rel}","templated":true}]}}