{"id":37261,"date":"2022-12-16T16:51:38","date_gmt":"2022-12-16T19:51:38","guid":{"rendered":"https:\/\/temucotelevision.cl\/web\/?p=37261"},"modified":"2022-12-16T16:51:39","modified_gmt":"2022-12-16T19:51:39","slug":"araucania-carabineros-sorprende-a-sujetos-robando-fardos-de-pasto-en-fundo-con-medidas-de-proteccion-dos-personas-detenidas","status":"publish","type":"post","link":"https:\/\/temucotelevision.cl\/web\/2022\/12\/16\/araucania-carabineros-sorprende-a-sujetos-robando-fardos-de-pasto-en-fundo-con-medidas-de-proteccion-dos-personas-detenidas\/","title":{"rendered":"Araucan\u00eda: Carabineros sorprende a sujetos robando fardos de pasto en fundo con medidas de protecci\u00f3n, dos personas detenidas"},"content":{"rendered":"<div class=\"pvc_clear\"><\/div><p id=\"pvc_stats_37261\" class=\"pvc_stats total_only  \" data-element-id=\"37261\" style=\"\"><i class=\"pvc-stats-icon large\" aria-hidden=\"true\"><svg aria-hidden=\"true\" focusable=\"false\" data-prefix=\"far\" data-icon=\"chart-bar\" role=\"img\" xmlns=\"http:\/\/www.w3.org\/2000\/svg\" viewBox=\"0 0 512 512\" class=\"svg-inline--fa fa-chart-bar fa-w-16 fa-2x\"><path fill=\"currentColor\" d=\"M396.8 352h22.4c6.4 0 12.8-6.4 12.8-12.8V108.8c0-6.4-6.4-12.8-12.8-12.8h-22.4c-6.4 0-12.8 6.4-12.8 12.8v230.4c0 6.4 6.4 12.8 12.8 12.8zm-192 0h22.4c6.4 0 12.8-6.4 12.8-12.8V140.8c0-6.4-6.4-12.8-12.8-12.8h-22.4c-6.4 0-12.8 6.4-12.8 12.8v198.4c0 6.4 6.4 12.8 12.8 12.8zm96 0h22.4c6.4 0 12.8-6.4 12.8-12.8V204.8c0-6.4-6.4-12.8-12.8-12.8h-22.4c-6.4 0-12.8 6.4-12.8 12.8v134.4c0 6.4 6.4 12.8 12.8 12.8zM496 400H48V80c0-8.84-7.16-16-16-16H16C7.16 64 0 71.16 0 80v336c0 17.67 14.33 32 32 32h464c8.84 0 16-7.16 16-16v-16c0-8.84-7.16-16-16-16zm-387.2-48h22.4c6.4 0 12.8-6.4 12.8-12.8v-70.4c0-6.4-6.4-12.8-12.8-12.8h-22.4c-6.4 0-12.8 6.4-12.8 12.8v70.4c0 6.4 6.4 12.8 12.8 12.8z\" class=\"\"><\/path><\/svg><\/i> <img loading=\"lazy\" decoding=\"async\" width=\"16\" height=\"16\" alt=\"Loading\" src=\"https:\/\/temucotelevision.cl\/web\/wp-content\/plugins\/page-views-count\/ajax-loader-2x.gif\" border=0 \/><\/p><div class=\"pvc_clear\"><\/div>\n<p>Los individuos fueron detectados gracias al llamado del administrador de un fundo ubicado en la comuna de Los Sauces, activando un operativo entre personal de la 1\u00aa Comisar\u00eda de Angol y COP, quienes verificaron la situaci\u00f3n procediendo a detenerlos mientras comet\u00edan el il\u00edcito_<\/p>\n\n\n\n<p>En horas de esta ma\u00f1ana, el administrador de un fundo ubicado en la Ruta R-444 que une las comunas de Los Sauces con Lumaco, se present\u00f3 en la Subcomisar\u00eda \u201cLos Sauces\u201d para denunciar que en el predio se encontraban sujetos sustrayendo con un cami\u00f3n fardos de pasto.<\/p>\n\n\n\n<p>Acto seguido, dicho aviso activ\u00f3 un operativo entre Carabineros de la 1\u00aa Comisar\u00eda Angol, destacamentos dependientes y Personal de la 3\u00aa Comisar\u00eda COP Malleco quienes se dirigieron r\u00e1pidamente al lugar con el objetivo de verificar los denunciado.<\/p>\n\n\n\n<p>Al llegar al lugar y confirmar la situaci\u00f3n, divisaron a dos sujetos quienes en un cami\u00f3n estaban sustrayendo el pasto desde el Fundo Vegas el cual cuenta con medida de protecci\u00f3n, procediendo a la detenci\u00f3n de dos hombres mayores de edad de forma flagrante.<\/p>\n\n\n\n<p>El Mayor Patricio Gallardo, Comisario 1\u00aa Comisar\u00eda de Angol, agreg\u00f3 adem\u00e1s que \u201cCarabineros procedi\u00f3 en flagrancia logrando detener a los individuos, incautando adem\u00e1s el cami\u00f3n cargado con aproximadamente 150 fardos los cuales est\u00e1n avaluados en una cifra cercana al mill\u00f3n de pesos\u201d, destac\u00f3.<\/p>\n\n\n\n<p>El Fundo Vegas, predio en el que se sorprendi\u00f3 a los sujetos cuenta con una medida de protecci\u00f3n, por lo que los antecedentes fueron remitidos al Ministerio P\u00fablico y quienes dispusieron que los dos detenidos pasen a control de detenci\u00f3n el d\u00eda de ma\u00f1ana.<\/p>\n","protected":false},"excerpt":{"rendered":"<div class=\"pvc_clear\"><\/div>\n<p id=\"pvc_stats_37261\" class=\"pvc_stats total_only  \" data-element-id=\"37261\" style=\"\"><i class=\"pvc-stats-icon large\" aria-hidden=\"true\"><svg aria-hidden=\"true\" focusable=\"false\" data-prefix=\"far\" data-icon=\"chart-bar\" role=\"img\" xmlns=\"http:\/\/www.w3.org\/2000\/svg\" viewBox=\"0 0 512 512\" class=\"svg-inline--fa fa-chart-bar fa-w-16 fa-2x\"><path fill=\"currentColor\" d=\"M396.8 352h22.4c6.4 0 12.8-6.4 12.8-12.8V108.8c0-6.4-6.4-12.8-12.8-12.8h-22.4c-6.4 0-12.8 6.4-12.8 12.8v230.4c0 6.4 6.4 12.8 12.8 12.8zm-192 0h22.4c6.4 0 12.8-6.4 12.8-12.8V140.8c0-6.4-6.4-12.8-12.8-12.8h-22.4c-6.4 0-12.8 6.4-12.8 12.8v198.4c0 6.4 6.4 12.8 12.8 12.8zm96 0h22.4c6.4 0 12.8-6.4 12.8-12.8V204.8c0-6.4-6.4-12.8-12.8-12.8h-22.4c-6.4 0-12.8 6.4-12.8 12.8v134.4c0 6.4 6.4 12.8 12.8 12.8zM496 400H48V80c0-8.84-7.16-16-16-16H16C7.16 64 0 71.16 0 80v336c0 17.67 14.33 32 32 32h464c8.84 0 16-7.16 16-16v-16c0-8.84-7.16-16-16-16zm-387.2-48h22.4c6.4 0 12.8-6.4 12.8-12.8v-70.4c0-6.4-6.4-12.8-12.8-12.8h-22.4c-6.4 0-12.8 6.4-12.8 12.8v70.4c0 6.4 6.4 12.8 12.8 12.8z\" class=\"\"><\/path><\/svg><\/i> <img loading=\"lazy\" decoding=\"async\" width=\"16\" height=\"16\" alt=\"Loading\" src=\"https:\/\/temucotelevision.cl\/web\/wp-content\/plugins\/page-views-count\/ajax-loader-2x.gif\" border=0 \/><\/p>\n<div class=\"pvc_clear\"><\/div>\n<p>Los individuos fueron detectados gracias al llamado del administrador de un fundo ubicado en la comuna de Los Sauces, activando<\/p>\n","protected":false},"author":1,"featured_media":37260,"comment_status":"open","ping_status":"open","sticky":false,"template":"","format":"standard","meta":{"colormag_page_container_layout":"default_layout","colormag_page_sidebar_layout":"default_layout","footnotes":""},"categories":[15,16],"tags":[625,138],"class_list":["post-37261","post","type-post","status-publish","format-standard","has-post-thumbnail","hentry","category-la-araucania","category-policial","tag-fundo","tag-robo"],"a3_pvc":{"activated":true,"total_views":72,"today_views":0},"_links":{"self":[{"href":"https:\/\/temucotelevision.cl\/web\/wp-json\/wp\/v2\/posts\/37261","targetHints":{"allow":["GET"]}}],"collection":[{"href":"https:\/\/temucotelevision.cl\/web\/wp-json\/wp\/v2\/posts"}],"about":[{"href":"https:\/\/temucotelevision.cl\/web\/wp-json\/wp\/v2\/types\/post"}],"author":[{"embeddable":true,"href":"https:\/\/temucotelevision.cl\/web\/wp-json\/wp\/v2\/users\/1"}],"replies":[{"embeddable":true,"href":"https:\/\/temucotelevision.cl\/web\/wp-json\/wp\/v2\/comments?post=37261"}],"version-history":[{"count":1,"href":"https:\/\/temucotelevision.cl\/web\/wp-json\/wp\/v2\/posts\/37261\/revisions"}],"predecessor-version":[{"id":37262,"href":"https:\/\/temucotelevision.cl\/web\/wp-json\/wp\/v2\/posts\/37261\/revisions\/37262"}],"wp:featuredmedia":[{"embeddable":true,"href":"https:\/\/temucotelevision.cl\/web\/wp-json\/wp\/v2\/media\/37260"}],"wp:attachment":[{"href":"https:\/\/temucotelevision.cl\/web\/wp-json\/wp\/v2\/media?parent=37261"}],"wp:term":[{"taxonomy":"category","embeddable":true,"href":"https:\/\/temucotelevision.cl\/web\/wp-json\/wp\/v2\/categories?post=37261"},{"taxonomy":"post_tag","embeddable":true,"href":"https:\/\/temucotelevision.cl\/web\/wp-json\/wp\/v2\/tags?post=37261"}],"curies":[{"name":"wp","href":"https:\/\/api.w.org\/{rel}","templated":true}]}}