{"id":37253,"date":"2022-12-16T16:12:49","date_gmt":"2022-12-16T19:12:49","guid":{"rendered":"https:\/\/temucotelevision.cl\/web\/?p=37253"},"modified":"2022-12-16T16:19:35","modified_gmt":"2022-12-16T19:19:35","slug":"del-jardinpresenta-su-nuevo-single-la-busqueda","status":"publish","type":"post","link":"https:\/\/temucotelevision.cl\/web\/2022\/12\/16\/del-jardinpresenta-su-nuevo-single-la-busqueda\/","title":{"rendered":"Del Jard\u00edn\u00a0presenta su nuevo\u00a0single \u201cLa B\u00fasqueda\u201d"},"content":{"rendered":"<div class=\"pvc_clear\"><\/div><p id=\"pvc_stats_37253\" class=\"pvc_stats total_only  \" data-element-id=\"37253\" style=\"\"><i class=\"pvc-stats-icon large\" aria-hidden=\"true\"><svg aria-hidden=\"true\" focusable=\"false\" data-prefix=\"far\" data-icon=\"chart-bar\" role=\"img\" xmlns=\"http:\/\/www.w3.org\/2000\/svg\" viewBox=\"0 0 512 512\" class=\"svg-inline--fa fa-chart-bar fa-w-16 fa-2x\"><path fill=\"currentColor\" d=\"M396.8 352h22.4c6.4 0 12.8-6.4 12.8-12.8V108.8c0-6.4-6.4-12.8-12.8-12.8h-22.4c-6.4 0-12.8 6.4-12.8 12.8v230.4c0 6.4 6.4 12.8 12.8 12.8zm-192 0h22.4c6.4 0 12.8-6.4 12.8-12.8V140.8c0-6.4-6.4-12.8-12.8-12.8h-22.4c-6.4 0-12.8 6.4-12.8 12.8v198.4c0 6.4 6.4 12.8 12.8 12.8zm96 0h22.4c6.4 0 12.8-6.4 12.8-12.8V204.8c0-6.4-6.4-12.8-12.8-12.8h-22.4c-6.4 0-12.8 6.4-12.8 12.8v134.4c0 6.4 6.4 12.8 12.8 12.8zM496 400H48V80c0-8.84-7.16-16-16-16H16C7.16 64 0 71.16 0 80v336c0 17.67 14.33 32 32 32h464c8.84 0 16-7.16 16-16v-16c0-8.84-7.16-16-16-16zm-387.2-48h22.4c6.4 0 12.8-6.4 12.8-12.8v-70.4c0-6.4-6.4-12.8-12.8-12.8h-22.4c-6.4 0-12.8 6.4-12.8 12.8v70.4c0 6.4 6.4 12.8 12.8 12.8z\" class=\"\"><\/path><\/svg><\/i> <img loading=\"lazy\" decoding=\"async\" width=\"16\" height=\"16\" alt=\"Loading\" src=\"https:\/\/temucotelevision.cl\/web\/wp-content\/plugins\/page-views-count\/ajax-loader-2x.gif\" border=0 \/><\/p><div class=\"pvc_clear\"><\/div>\n<p class=\"has-medium-font-size\"><strong>El reciente lanzamiento corresponde al primer adelanto de lo que ser\u00e1 su segundo \u00e1lbum, pr\u00f3ximo a estrenarse.<\/strong><\/p>\n\n\n\n<p><a rel=\"noreferrer noopener\" href=\"https:\/\/dualcommunity.us5.list-manage.com\/track\/click?u=79a86e888635868c7967a8ae8&amp;id=e8689d0505&amp;e=70f0e16daa\" target=\"_blank\">Del Jard\u00edn<\/a>\u00a0es una banda chilena, liderada por el cantautor chileno\u00a0<strong>Vicente Del Jard\u00edn<\/strong>; comienzan su carrera en agosto de 2019 cuando lanzan su primer EP titulado\u00a0<strong>\u201cRa\u00edces\u201d,<\/strong>\u00a0mostrando un sonido rockero con matices psicod\u00e9licos. Posteriormente, estrenar\u00edan los singles\u00a0<strong>\u201cLoreto\u201d y \u201cTan Lejos\u201d<\/strong>, destacando en playlists de\u00a0<strong>Spotify.<\/strong>\u00a0Entre el 2021 y el presente a\u00f1o, el grupo ha estado trabajando nuevo material, del cual hoy ya podemos escuchar un primer adelanto. Se trata del single\u00a0\u00a0<a rel=\"noreferrer noopener\" href=\"https:\/\/dualcommunity.us5.list-manage.com\/track\/click?u=79a86e888635868c7967a8ae8&amp;id=2b7d41f7d7&amp;e=70f0e16daa\" target=\"_blank\">La B\u00fasqueda<\/a>.<\/p>\n\n\n\n<p>Lo nuevo de<a rel=\"noreferrer noopener\" href=\"https:\/\/dualcommunity.us5.list-manage.com\/track\/click?u=79a86e888635868c7967a8ae8&amp;id=265d955ee5&amp;e=70f0e16daa\" target=\"_blank\">Del Jard\u00edn<\/a>\u00a0naci\u00f3 en una calurosa tarde en Santiago, desde unos acordes improvisados en un hammond, a lo cual luego se sumar\u00edan la bater\u00eda, bajo y la guitarra. La canci\u00f3n fue creciendo en arreglos hasta llegar a ser lo que se puede escuchar en su versi\u00f3n final.<\/p>\n\n\n\n<p>En cuanto a su grabaci\u00f3n, cabe destacar que la bater\u00eda fue registrada en\u00a0<strong>Alemania por Alberto Atalah, baterista chileno<\/strong>. En los coros participa Liz (Lise S\u00e8verine Vaello Allier), de Francia. La co-producci\u00f3n estuvo a cargo de<strong>\u00a0Vicente Del Jard\u00edn\u00a0<\/strong>y del m\u00fasico productor argentino\u00a0<strong>Mat\u00edas Spataro<\/strong>. La mezcla y masterizaci\u00f3n fueron realizadas por Howard Huambachano, en\u00a0<strong>Estudios Baleares<\/strong>, y la m\u00fasica y letra\u00a0compuestas por\u00a0<strong>Vicente Del Jard\u00edn<\/strong>, l\u00edder del proyecto.<\/p>\n\n\n\n<p><a rel=\"noreferrer noopener\" href=\"https:\/\/dualcommunity.us5.list-manage.com\/track\/click?u=79a86e888635868c7967a8ae8&amp;id=33208e01de&amp;e=70f0e16daa\" target=\"_blank\">La B\u00fasqueda<\/a><strong>,<\/strong>\u00a0ya disponible en plataformas, es el primer adelanto de lo que ser\u00e1 el segundo disco de la banda, el cual llevar\u00e1 por nombre<strong>\u00a0\u201cIlusiones de Sue\u00f1os Olvidados<\/strong>\u201d.<br><\/p>\n\n\n\n<p class=\"has-medium-font-size\">Sigue los pasos de\u00a0<a rel=\"noreferrer noopener\" href=\"https:\/\/dualcommunity.us5.list-manage.com\/track\/click?u=79a86e888635868c7967a8ae8&amp;id=9df5f83ef9&amp;e=70f0e16daa\" target=\"_blank\">Del Jard\u00edn<\/a>\u00a0y conoce m\u00e1s sobre su propuesta musical en\u00a0<a rel=\"noreferrer noopener\" href=\"https:\/\/dualcommunity.us5.list-manage.com\/track\/click?u=79a86e888635868c7967a8ae8&amp;id=866673b2d1&amp;e=70f0e16daa\" target=\"_blank\">Spotify<\/a><strong>.<\/strong><\/p>\n\n\n\n<figure class=\"wp-block-embed is-type-video is-provider-youtube wp-block-embed-youtube wp-embed-aspect-16-9 wp-has-aspect-ratio\"><div class=\"wp-block-embed__wrapper\">\n<div class=\"epyt-video-wrapper\"><iframe loading=\"lazy\"  id=\"_ytid_32460\"  width=\"800\" height=\"450\"  data-origwidth=\"800\" data-origheight=\"450\" src=\"https:\/\/www.youtube.com\/embed\/Jlnv2Czv-n4?enablejsapi=1&#038;autoplay=0&#038;cc_load_policy=0&#038;cc_lang_pref=&#038;iv_load_policy=1&#038;loop=0&#038;rel=1&#038;fs=1&#038;playsinline=0&#038;autohide=2&#038;theme=dark&#038;color=red&#038;controls=1&#038;disablekb=0&#038;\" class=\"__youtube_prefs__  epyt-is-override  no-lazyload\" title=\"YouTube player\"  allow=\"fullscreen; accelerometer; autoplay; clipboard-write; encrypted-media; gyroscope; picture-in-picture; web-share\" referrerpolicy=\"strict-origin-when-cross-origin\" allowfullscreen data-no-lazy=\"1\" data-skipgform_ajax_framebjll=\"\"><\/iframe><\/div>\n<\/div><\/figure>\n","protected":false},"excerpt":{"rendered":"<div class=\"pvc_clear\"><\/div>\n<p id=\"pvc_stats_37253\" class=\"pvc_stats total_only  \" data-element-id=\"37253\" style=\"\"><i class=\"pvc-stats-icon large\" aria-hidden=\"true\"><svg aria-hidden=\"true\" focusable=\"false\" data-prefix=\"far\" data-icon=\"chart-bar\" role=\"img\" xmlns=\"http:\/\/www.w3.org\/2000\/svg\" viewBox=\"0 0 512 512\" class=\"svg-inline--fa fa-chart-bar fa-w-16 fa-2x\"><path fill=\"currentColor\" d=\"M396.8 352h22.4c6.4 0 12.8-6.4 12.8-12.8V108.8c0-6.4-6.4-12.8-12.8-12.8h-22.4c-6.4 0-12.8 6.4-12.8 12.8v230.4c0 6.4 6.4 12.8 12.8 12.8zm-192 0h22.4c6.4 0 12.8-6.4 12.8-12.8V140.8c0-6.4-6.4-12.8-12.8-12.8h-22.4c-6.4 0-12.8 6.4-12.8 12.8v198.4c0 6.4 6.4 12.8 12.8 12.8zm96 0h22.4c6.4 0 12.8-6.4 12.8-12.8V204.8c0-6.4-6.4-12.8-12.8-12.8h-22.4c-6.4 0-12.8 6.4-12.8 12.8v134.4c0 6.4 6.4 12.8 12.8 12.8zM496 400H48V80c0-8.84-7.16-16-16-16H16C7.16 64 0 71.16 0 80v336c0 17.67 14.33 32 32 32h464c8.84 0 16-7.16 16-16v-16c0-8.84-7.16-16-16-16zm-387.2-48h22.4c6.4 0 12.8-6.4 12.8-12.8v-70.4c0-6.4-6.4-12.8-12.8-12.8h-22.4c-6.4 0-12.8 6.4-12.8 12.8v70.4c0 6.4 6.4 12.8 12.8 12.8z\" class=\"\"><\/path><\/svg><\/i> <img loading=\"lazy\" decoding=\"async\" width=\"16\" height=\"16\" alt=\"Loading\" src=\"https:\/\/temucotelevision.cl\/web\/wp-content\/plugins\/page-views-count\/ajax-loader-2x.gif\" border=0 \/><\/p>\n<div class=\"pvc_clear\"><\/div>\n<p>El reciente lanzamiento corresponde al primer adelanto de lo que ser\u00e1 su segundo \u00e1lbum, pr\u00f3ximo a estrenarse. Del Jard\u00edn\u00a0es una<\/p>\n","protected":false},"author":1,"featured_media":37258,"comment_status":"open","ping_status":"open","sticky":false,"template":"","format":"standard","meta":{"colormag_page_container_layout":"default_layout","colormag_page_sidebar_layout":"default_layout","footnotes":""},"categories":[369],"tags":[],"class_list":["post-37253","post","type-post","status-publish","format-standard","has-post-thumbnail","hentry","category-musica"],"a3_pvc":{"activated":true,"total_views":55,"today_views":0},"_links":{"self":[{"href":"https:\/\/temucotelevision.cl\/web\/wp-json\/wp\/v2\/posts\/37253","targetHints":{"allow":["GET"]}}],"collection":[{"href":"https:\/\/temucotelevision.cl\/web\/wp-json\/wp\/v2\/posts"}],"about":[{"href":"https:\/\/temucotelevision.cl\/web\/wp-json\/wp\/v2\/types\/post"}],"author":[{"embeddable":true,"href":"https:\/\/temucotelevision.cl\/web\/wp-json\/wp\/v2\/users\/1"}],"replies":[{"embeddable":true,"href":"https:\/\/temucotelevision.cl\/web\/wp-json\/wp\/v2\/comments?post=37253"}],"version-history":[{"count":2,"href":"https:\/\/temucotelevision.cl\/web\/wp-json\/wp\/v2\/posts\/37253\/revisions"}],"predecessor-version":[{"id":37259,"href":"https:\/\/temucotelevision.cl\/web\/wp-json\/wp\/v2\/posts\/37253\/revisions\/37259"}],"wp:featuredmedia":[{"embeddable":true,"href":"https:\/\/temucotelevision.cl\/web\/wp-json\/wp\/v2\/media\/37258"}],"wp:attachment":[{"href":"https:\/\/temucotelevision.cl\/web\/wp-json\/wp\/v2\/media?parent=37253"}],"wp:term":[{"taxonomy":"category","embeddable":true,"href":"https:\/\/temucotelevision.cl\/web\/wp-json\/wp\/v2\/categories?post=37253"},{"taxonomy":"post_tag","embeddable":true,"href":"https:\/\/temucotelevision.cl\/web\/wp-json\/wp\/v2\/tags?post=37253"}],"curies":[{"name":"wp","href":"https:\/\/api.w.org\/{rel}","templated":true}]}}