{"id":37245,"date":"2022-12-15T13:09:50","date_gmt":"2022-12-15T16:09:50","guid":{"rendered":"https:\/\/temucotelevision.cl\/web\/?p=37245"},"modified":"2022-12-15T13:09:50","modified_gmt":"2022-12-15T16:09:50","slug":"con-unanimidad-en-la-camara-alta-se-aprobo-proyecto-de-acuerdo-que-solicita-al-presidente-de-la-republica-que-implemente-una-estrategia-nacional-contra-el-terrorismo","status":"publish","type":"post","link":"https:\/\/temucotelevision.cl\/web\/2022\/12\/15\/con-unanimidad-en-la-camara-alta-se-aprobo-proyecto-de-acuerdo-que-solicita-al-presidente-de-la-republica-que-implemente-una-estrategia-nacional-contra-el-terrorismo\/","title":{"rendered":"Con unanimidad en la C\u00e1mara Alta se aprob\u00f3 proyecto de acuerdo que solicita al Presidente de la Rep\u00fablica que implemente una \u201cestrategia nacional contra el terrorismo\u201d"},"content":{"rendered":"<div class=\"pvc_clear\"><\/div><p id=\"pvc_stats_37245\" class=\"pvc_stats total_only  \" data-element-id=\"37245\" style=\"\"><i class=\"pvc-stats-icon large\" aria-hidden=\"true\"><svg aria-hidden=\"true\" focusable=\"false\" data-prefix=\"far\" data-icon=\"chart-bar\" role=\"img\" xmlns=\"http:\/\/www.w3.org\/2000\/svg\" viewBox=\"0 0 512 512\" class=\"svg-inline--fa fa-chart-bar fa-w-16 fa-2x\"><path fill=\"currentColor\" d=\"M396.8 352h22.4c6.4 0 12.8-6.4 12.8-12.8V108.8c0-6.4-6.4-12.8-12.8-12.8h-22.4c-6.4 0-12.8 6.4-12.8 12.8v230.4c0 6.4 6.4 12.8 12.8 12.8zm-192 0h22.4c6.4 0 12.8-6.4 12.8-12.8V140.8c0-6.4-6.4-12.8-12.8-12.8h-22.4c-6.4 0-12.8 6.4-12.8 12.8v198.4c0 6.4 6.4 12.8 12.8 12.8zm96 0h22.4c6.4 0 12.8-6.4 12.8-12.8V204.8c0-6.4-6.4-12.8-12.8-12.8h-22.4c-6.4 0-12.8 6.4-12.8 12.8v134.4c0 6.4 6.4 12.8 12.8 12.8zM496 400H48V80c0-8.84-7.16-16-16-16H16C7.16 64 0 71.16 0 80v336c0 17.67 14.33 32 32 32h464c8.84 0 16-7.16 16-16v-16c0-8.84-7.16-16-16-16zm-387.2-48h22.4c6.4 0 12.8-6.4 12.8-12.8v-70.4c0-6.4-6.4-12.8-12.8-12.8h-22.4c-6.4 0-12.8 6.4-12.8 12.8v70.4c0 6.4 6.4 12.8 12.8 12.8z\" class=\"\"><\/path><\/svg><\/i> <img loading=\"lazy\" decoding=\"async\" width=\"16\" height=\"16\" alt=\"Loading\" src=\"https:\/\/temucotelevision.cl\/web\/wp-content\/plugins\/page-views-count\/ajax-loader-2x.gif\" border=0 \/><\/p><div class=\"pvc_clear\"><\/div>\n<p>&nbsp;<\/p>\n\n\n\n<p>\u2022&nbsp;Iniciativa impulsada&nbsp;por&nbsp;los senadores Carmen Gloria Aravena, Jos\u00e9 Garc\u00eda Ruminot y Rafael Prohens, fue respaldada de forma transversal. Los parlamentarios solicitan tambi\u00e9n que ese plan sea incluido en la agenda&nbsp;de seguridad p\u00fablica&nbsp;que est\u00e1 trabajando el Ejecutivo con los distintos sectores pol\u00edticos<\/p>\n\n\n\n<p>Jueves&nbsp;15&nbsp;de&nbsp;diciembre&nbsp;de 2022.&nbsp;Prevenci\u00f3n, protecci\u00f3n,&nbsp;persecuci\u00f3n y preparaci\u00f3n de la respuesta,&nbsp;son los pilares de la \u201cEstrategia Nacional Contra el Terrorismo\u201d que contempla el proyecto de acuerdo&nbsp;que fue aprobado por unanimidad en la C\u00e1mara Alta, donde&nbsp;se&nbsp;solicita&nbsp;al Presidente de la Rep\u00fablica que implemente un plan nacional destinado a enfrentar con mayor eficacia este grave flagelo que afecta al pa\u00eds.<\/p>\n\n\n\n<p>La&nbsp;Iniciativa que proponen los senadores Aravena,&nbsp;Garc\u00eda Ruminot&nbsp;y Prohens, adquiere especial relevancia&nbsp;tras el reconocimiento que hizo el Presidente Boric en su reciente viaje a la Araucan\u00eda, donde se\u00f1al\u00f3 que en esa zona existen \u201cactos terroristas\u201d. De hecho,&nbsp;seg\u00fan cifras de Carabineros de Chile, entre 2018 y 2022 (septiembre), se&nbsp;registraron&nbsp;5.167 hechos de violencia en las 4 regiones de la macrozona sur(Biob\u00edo,&nbsp;La Araucan\u00eda,&nbsp;Los R\u00edos y Los Lagos.)&nbsp;De estos se han verificado&nbsp;1.268 delitos de incendios, 138 delitos de lesiones y 23 homicidios.<\/p>\n\n\n\n<p>Datos que cuantifican la magnitud de la violencia que padecen los habitantes de esa parte del pa\u00eds, motivo por el cual los parlamentarios consideran clave que en Chile se implemente una estrategia de este tipo, como la tienen muchas naciones en el mundo. Seg\u00fan el proyecto de acuerdo presentado, `una estrategia chilena contra el terrorismo deber\u00eda tener por misi\u00f3n proteger los derechos y las libertades fundamentales consagradas en la Constituci\u00f3n y en los tratados internacionales sobre derechos humanos suscritos por Chile y que se encuentren vigentes, contrarrestando la amenaza del terrorismo hacia las personas en el pa\u00eds\u00b4.<\/p>\n\n\n\n<p>Para la Senadora Carmen Gloria Aravena, \u201chemos presentado&nbsp;esta propuesta&nbsp;al&nbsp;gobierno,&nbsp;entendiendo que el terrorismo no es un tema s\u00f3lo de la Macrozona&nbsp;Sur,&nbsp;sino que es un tema&nbsp;pa\u00eds.&nbsp;&nbsp;Por ello,&nbsp;debemos hacernos cargo de este flagelo implementando una estrategia espec\u00edfica&nbsp;que el gobierno debe incluir en la agenda de seguridad p\u00fablica que est\u00e1 trabajando con los distintos sectores pol\u00edticos. El terrorismo destruye la democracia y&nbsp;vulnera&nbsp;los derechos fundamentales,&nbsp;por lo que es urgente que el Presidente Boric elabore una estrategia con perspectiva de Estado y que todos los sectores pol\u00edticos nos unamos para apoyarlo y sacarloadelante&#8221;.<\/p>\n\n\n\n<p>Ejes de la estrategia contra el terrorismo<\/p>\n\n\n\n<p>En sus cuatro pilares, la estrategia contempla los siguientes ejes.&nbsp;En materia de prevenci\u00f3n plantea impulsar la coordinaci\u00f3n y colaboraci\u00f3n de todos los organismos e instituciones, tanto p\u00fablicas como privadas en la lucha contra el terrorismo; adecuar la acci\u00f3n legislativa del Estado al fen\u00f3meno del terrorismo; reforzar las medidas para la prevenci\u00f3n del financiamiento del terrorismo; e impulsar una comunicaci\u00f3n estrat\u00e9gica eficaz y proactiva frente al mensaje radical sobre los valores democr\u00e1ticos y los derechos fundamentales.<\/p>\n\n\n\n<p>Respecto a la protecci\u00f3n, contempla promover la acci\u00f3n coordinada del Estado y la colaboraci\u00f3n con el sector privado; desarrollar el marco legislativo para reforzar la seguridad contra el terrorismo; y valorar y actualizar permanentemente la amenaza.&nbsp;<\/p>\n\n\n\n<p>Mientras que en persecuci\u00f3n, propone perfeccionar los niveles de coordinaci\u00f3n de las diferentes instituciones del Estado que act\u00faan contra el terrorismo asegurando la eficacia operativa y estrat\u00e9gica; fomentar la inteligencia como instrumento primordial en el conocimiento del &nbsp;fen\u00f3meno del terrorismo como apoyo a la toma de decisiones; reforzar de forma integral las capacidades de lucha contra el terrorismo, potenciando los recursos humanos e incrementando proporcionalmente los medios materiales y t\u00e9cnicos, organizaci\u00f3n y procedimientos, asegurando su mejora continua; impulsar y reforzar el combate a las fuentes de financiamiento del terrorismo; robustecer los instrumentos legales ante la evoluci\u00f3n de las acciones relacionadas con el terrorismo, ofreciendo una respuesta acorde con penas proporcionales, eficaces y disuasivas; y fomentar en todos los \u00e1mbitos un mensaje com\u00fan por parte de la sociedad chilena en la utilizaci\u00f3n, desde el Estado de Derecho, de todos los mecanismos para actuar contra el terrorismo.<\/p>\n\n\n\n<p>Finalmente, en lo que se refiere a la respuesta, la estrategia considera evaluar permanentemente las amenazas y riesgos derivados del terrorismo as\u00ed como las vulnerabilidades observadas, ejercitando y actualizando los planes de actuaci\u00f3n para dar una respuesta \u00e1gil y coordinada; asignar los recursos humanos, materiales y financieros suficientes para minimizar las consecuencias de una acci\u00f3n de terrorismo; impulsar y mantener el reconocimiento social y los procedimientos de apoyo, ayuda y asistencia a las&nbsp;v\u00edctimas de terrorismo; y promover el consenso pol\u00edtico y social en la lucha contra el terrorismo as\u00ed como la colaboraci\u00f3n internacional para ofrecer una respuesta eficaz ante un atentado terrorista.<\/p>\n\n\n\n<p> <\/p>\n","protected":false},"excerpt":{"rendered":"<div class=\"pvc_clear\"><\/div>\n<p id=\"pvc_stats_37245\" class=\"pvc_stats total_only  \" data-element-id=\"37245\" style=\"\"><i class=\"pvc-stats-icon large\" aria-hidden=\"true\"><svg aria-hidden=\"true\" focusable=\"false\" data-prefix=\"far\" data-icon=\"chart-bar\" role=\"img\" xmlns=\"http:\/\/www.w3.org\/2000\/svg\" viewBox=\"0 0 512 512\" class=\"svg-inline--fa fa-chart-bar fa-w-16 fa-2x\"><path fill=\"currentColor\" d=\"M396.8 352h22.4c6.4 0 12.8-6.4 12.8-12.8V108.8c0-6.4-6.4-12.8-12.8-12.8h-22.4c-6.4 0-12.8 6.4-12.8 12.8v230.4c0 6.4 6.4 12.8 12.8 12.8zm-192 0h22.4c6.4 0 12.8-6.4 12.8-12.8V140.8c0-6.4-6.4-12.8-12.8-12.8h-22.4c-6.4 0-12.8 6.4-12.8 12.8v198.4c0 6.4 6.4 12.8 12.8 12.8zm96 0h22.4c6.4 0 12.8-6.4 12.8-12.8V204.8c0-6.4-6.4-12.8-12.8-12.8h-22.4c-6.4 0-12.8 6.4-12.8 12.8v134.4c0 6.4 6.4 12.8 12.8 12.8zM496 400H48V80c0-8.84-7.16-16-16-16H16C7.16 64 0 71.16 0 80v336c0 17.67 14.33 32 32 32h464c8.84 0 16-7.16 16-16v-16c0-8.84-7.16-16-16-16zm-387.2-48h22.4c6.4 0 12.8-6.4 12.8-12.8v-70.4c0-6.4-6.4-12.8-12.8-12.8h-22.4c-6.4 0-12.8 6.4-12.8 12.8v70.4c0 6.4 6.4 12.8 12.8 12.8z\" class=\"\"><\/path><\/svg><\/i> <img loading=\"lazy\" decoding=\"async\" width=\"16\" height=\"16\" alt=\"Loading\" src=\"https:\/\/temucotelevision.cl\/web\/wp-content\/plugins\/page-views-count\/ajax-loader-2x.gif\" border=0 \/><\/p>\n<div class=\"pvc_clear\"><\/div>\n<p>&nbsp; \u2022&nbsp;Iniciativa impulsada&nbsp;por&nbsp;los senadores Carmen Gloria Aravena, Jos\u00e9 Garc\u00eda Ruminot y Rafael Prohens, fue respaldada de forma transversal. Los parlamentarios<\/p>\n","protected":false},"author":1,"featured_media":35938,"comment_status":"open","ping_status":"open","sticky":false,"template":"","format":"standard","meta":{"colormag_page_container_layout":"default_layout","colormag_page_sidebar_layout":"default_layout","footnotes":""},"categories":[84],"tags":[155,2065],"class_list":["post-37245","post","type-post","status-publish","format-standard","has-post-thumbnail","hentry","category-politica","tag-proyecto","tag-senadora"],"a3_pvc":{"activated":true,"total_views":33,"today_views":0},"_links":{"self":[{"href":"https:\/\/temucotelevision.cl\/web\/wp-json\/wp\/v2\/posts\/37245","targetHints":{"allow":["GET"]}}],"collection":[{"href":"https:\/\/temucotelevision.cl\/web\/wp-json\/wp\/v2\/posts"}],"about":[{"href":"https:\/\/temucotelevision.cl\/web\/wp-json\/wp\/v2\/types\/post"}],"author":[{"embeddable":true,"href":"https:\/\/temucotelevision.cl\/web\/wp-json\/wp\/v2\/users\/1"}],"replies":[{"embeddable":true,"href":"https:\/\/temucotelevision.cl\/web\/wp-json\/wp\/v2\/comments?post=37245"}],"version-history":[{"count":1,"href":"https:\/\/temucotelevision.cl\/web\/wp-json\/wp\/v2\/posts\/37245\/revisions"}],"predecessor-version":[{"id":37246,"href":"https:\/\/temucotelevision.cl\/web\/wp-json\/wp\/v2\/posts\/37245\/revisions\/37246"}],"wp:featuredmedia":[{"embeddable":true,"href":"https:\/\/temucotelevision.cl\/web\/wp-json\/wp\/v2\/media\/35938"}],"wp:attachment":[{"href":"https:\/\/temucotelevision.cl\/web\/wp-json\/wp\/v2\/media?parent=37245"}],"wp:term":[{"taxonomy":"category","embeddable":true,"href":"https:\/\/temucotelevision.cl\/web\/wp-json\/wp\/v2\/categories?post=37245"},{"taxonomy":"post_tag","embeddable":true,"href":"https:\/\/temucotelevision.cl\/web\/wp-json\/wp\/v2\/tags?post=37245"}],"curies":[{"name":"wp","href":"https:\/\/api.w.org\/{rel}","templated":true}]}}