{"id":37230,"date":"2022-12-14T18:22:30","date_gmt":"2022-12-14T21:22:30","guid":{"rendered":"https:\/\/temucotelevision.cl\/web\/?p=37230"},"modified":"2022-12-14T18:22:31","modified_gmt":"2022-12-14T21:22:31","slug":"cantante-venezolano-enghel-estrena-prendido-single-con-joe-vasconcellos","status":"publish","type":"post","link":"https:\/\/temucotelevision.cl\/web\/2022\/12\/14\/cantante-venezolano-enghel-estrena-prendido-single-con-joe-vasconcellos\/","title":{"rendered":"Cantante venezolano Enghel estrena prendido single con Joe Vasconcellos"},"content":{"rendered":"<div class=\"pvc_clear\"><\/div><p id=\"pvc_stats_37230\" class=\"pvc_stats total_only  \" data-element-id=\"37230\" style=\"\"><i class=\"pvc-stats-icon large\" aria-hidden=\"true\"><svg aria-hidden=\"true\" focusable=\"false\" data-prefix=\"far\" data-icon=\"chart-bar\" role=\"img\" xmlns=\"http:\/\/www.w3.org\/2000\/svg\" viewBox=\"0 0 512 512\" class=\"svg-inline--fa fa-chart-bar fa-w-16 fa-2x\"><path fill=\"currentColor\" d=\"M396.8 352h22.4c6.4 0 12.8-6.4 12.8-12.8V108.8c0-6.4-6.4-12.8-12.8-12.8h-22.4c-6.4 0-12.8 6.4-12.8 12.8v230.4c0 6.4 6.4 12.8 12.8 12.8zm-192 0h22.4c6.4 0 12.8-6.4 12.8-12.8V140.8c0-6.4-6.4-12.8-12.8-12.8h-22.4c-6.4 0-12.8 6.4-12.8 12.8v198.4c0 6.4 6.4 12.8 12.8 12.8zm96 0h22.4c6.4 0 12.8-6.4 12.8-12.8V204.8c0-6.4-6.4-12.8-12.8-12.8h-22.4c-6.4 0-12.8 6.4-12.8 12.8v134.4c0 6.4 6.4 12.8 12.8 12.8zM496 400H48V80c0-8.84-7.16-16-16-16H16C7.16 64 0 71.16 0 80v336c0 17.67 14.33 32 32 32h464c8.84 0 16-7.16 16-16v-16c0-8.84-7.16-16-16-16zm-387.2-48h22.4c6.4 0 12.8-6.4 12.8-12.8v-70.4c0-6.4-6.4-12.8-12.8-12.8h-22.4c-6.4 0-12.8 6.4-12.8 12.8v70.4c0 6.4 6.4 12.8 12.8 12.8z\" class=\"\"><\/path><\/svg><\/i> <img loading=\"lazy\" decoding=\"async\" width=\"16\" height=\"16\" alt=\"Loading\" src=\"https:\/\/temucotelevision.cl\/web\/wp-content\/plugins\/page-views-count\/ajax-loader-2x.gif\" border=0 \/><\/p><div class=\"pvc_clear\"><\/div>\n<p class=\"has-medium-font-size\"><strong>El cantautor, con siete a\u00f1os de residencia en Chile, presenta un adelanto de su nuevo disco que incluye colaboraciones con grandes artistas latinos.<\/strong><\/p>\n\n\n\n<p>El cantante, compositor, productor y arreglista,\u00a0<strong>Enghel<\/strong>, se une al gran\u00a0<strong>Joe Vasconcellos<\/strong>\u00a0en\u00a0<strong>\u201cTe Vi\u201d<\/strong>, explosivo tema que ya est\u00e1 disponible en las plataformas de m\u00fasica y YouTube. Esta canci\u00f3n, es un adelanto del \u00e1lbum \u201cLlegaron los que saben de esto\u201d, que incluye feats con: Oscar D\u00b4 Le\u00f3n, Guaco, Daniel Santacruz, Nelson Arrieta y Eddy Herrera, entre otros.<\/p>\n\n\n\n<p><strong>Enghel y Joe Vasconcellos<\/strong>&nbsp;coincidieron en 2018 durante el Festival de la Canci\u00f3n de San Francisco de Mostazal, donde el cantante venezolano obtuvo el primer lugar. Sin embargo, no fue hasta hace algunos meses que Enghel se comunic\u00f3 con Joe para invitarlo a colaborar con \u00e9l en una interesante propuesta musical.<\/p>\n\n\n\n<p><strong>\u201cDurante la pandemia me dediqu\u00e9 a escribir y producir canciones para mi segundo disco, con la idea de fusionar los ritmos latinoamericanos con ritmos urbanos, y para esta canci\u00f3n, que es una cumbia chilena con percusi\u00f3n venezolana y beats de reggaet\u00f3n, pens\u00e9 de inmediato en Joe Vasconcellos\u201d, comenta Enghel. En esta l\u00ednea, agrega que \u201cha sido una experiencia muy bonita, Joe recibi\u00f3 la maqueta del tema que escrib\u00ed junto a Johann Morales y le gust\u00f3 mucho, as\u00ed que hizo algunos ajustes, le puso su magia y grabamos\u201d<\/strong>. \u00a0<\/p>\n\n\n\n<p>Por su parte, el videoclip de&nbsp;<strong>\u201cTe vi\u201d&nbsp;<\/strong>fue grabado en el Parque San Eugenio de \u00d1u\u00f1oa, en un registro que da cuenta de la alegr\u00eda, la diversidad de culturas e integraci\u00f3n de chilenos y venezolanos.&nbsp;<\/p>\n\n\n\n<p>El single<strong> \u201cUber\u201d<\/strong> (2019), fue el primer anticipo de su disco, <strong>\u201cllegaron los que saben de esto\u201d, <\/strong>el que estrenar\u00e1 en 2023 con temas de salsa, merengue y cumbia. Este single, fue presentado justo antes del estallido social, motivo por el que s\u00f3lo hizo promoci\u00f3n en Venezuela, donde se convirti\u00f3 en el \u201cDebut de la semana\u201d y pas\u00f3 a ser uno de los temas m\u00e1s sonados del primer trimestre de 2020, siendo #1 durante tres semanas.<\/p>\n\n\n\n<p><strong>\u201cBaja\u201d, \u201cTe quiero m\u00e1s\u201d, \u201cConquistar a una mujer\u201d, \u201cPor \u00faltima vez\u201d y \u201cSiento bonito\u201d<\/strong>, son algunas de las canciones que han elevado la carrera de <strong>Enghel<\/strong>, quien ha recibido varios reconocimientos y premios, entre los que destacan 14 primeros lugares en Venezuela, 4 Certificados de Grammy y 4 Premios Pepsi en 13 nominaciones.<\/p>\n\n\n\n<p class=\"has-medium-font-size\">Sigue los pasos de Enghel y conoce m\u00e1s sobre su propuesta musical en sus redes sociales @enghelmusica.<\/p>\n\n\n\n<figure class=\"wp-block-embed is-type-video is-provider-youtube wp-block-embed-youtube wp-embed-aspect-16-9 wp-has-aspect-ratio\"><div class=\"wp-block-embed__wrapper\">\n<div class=\"epyt-video-wrapper\"><iframe loading=\"lazy\"  id=\"_ytid_32111\"  width=\"800\" height=\"450\"  data-origwidth=\"800\" data-origheight=\"450\" src=\"https:\/\/www.youtube.com\/embed\/rEO3yTWAkr0?enablejsapi=1&#038;autoplay=0&#038;cc_load_policy=0&#038;cc_lang_pref=&#038;iv_load_policy=1&#038;loop=0&#038;rel=1&#038;fs=1&#038;playsinline=0&#038;autohide=2&#038;theme=dark&#038;color=red&#038;controls=1&#038;disablekb=0&#038;\" class=\"__youtube_prefs__  epyt-is-override  no-lazyload\" title=\"YouTube player\"  allow=\"fullscreen; accelerometer; autoplay; clipboard-write; encrypted-media; gyroscope; picture-in-picture; web-share\" referrerpolicy=\"strict-origin-when-cross-origin\" allowfullscreen data-no-lazy=\"1\" data-skipgform_ajax_framebjll=\"\"><\/iframe><\/div>\n<\/div><\/figure>\n\n\n\n<p><\/p>\n","protected":false},"excerpt":{"rendered":"<div class=\"pvc_clear\"><\/div>\n<p id=\"pvc_stats_37230\" class=\"pvc_stats total_only  \" data-element-id=\"37230\" style=\"\"><i class=\"pvc-stats-icon large\" aria-hidden=\"true\"><svg aria-hidden=\"true\" focusable=\"false\" data-prefix=\"far\" data-icon=\"chart-bar\" role=\"img\" xmlns=\"http:\/\/www.w3.org\/2000\/svg\" viewBox=\"0 0 512 512\" class=\"svg-inline--fa fa-chart-bar fa-w-16 fa-2x\"><path fill=\"currentColor\" d=\"M396.8 352h22.4c6.4 0 12.8-6.4 12.8-12.8V108.8c0-6.4-6.4-12.8-12.8-12.8h-22.4c-6.4 0-12.8 6.4-12.8 12.8v230.4c0 6.4 6.4 12.8 12.8 12.8zm-192 0h22.4c6.4 0 12.8-6.4 12.8-12.8V140.8c0-6.4-6.4-12.8-12.8-12.8h-22.4c-6.4 0-12.8 6.4-12.8 12.8v198.4c0 6.4 6.4 12.8 12.8 12.8zm96 0h22.4c6.4 0 12.8-6.4 12.8-12.8V204.8c0-6.4-6.4-12.8-12.8-12.8h-22.4c-6.4 0-12.8 6.4-12.8 12.8v134.4c0 6.4 6.4 12.8 12.8 12.8zM496 400H48V80c0-8.84-7.16-16-16-16H16C7.16 64 0 71.16 0 80v336c0 17.67 14.33 32 32 32h464c8.84 0 16-7.16 16-16v-16c0-8.84-7.16-16-16-16zm-387.2-48h22.4c6.4 0 12.8-6.4 12.8-12.8v-70.4c0-6.4-6.4-12.8-12.8-12.8h-22.4c-6.4 0-12.8 6.4-12.8 12.8v70.4c0 6.4 6.4 12.8 12.8 12.8z\" class=\"\"><\/path><\/svg><\/i> <img loading=\"lazy\" decoding=\"async\" width=\"16\" height=\"16\" alt=\"Loading\" src=\"https:\/\/temucotelevision.cl\/web\/wp-content\/plugins\/page-views-count\/ajax-loader-2x.gif\" border=0 \/><\/p>\n<div class=\"pvc_clear\"><\/div>\n<p>El cantautor, con siete a\u00f1os de residencia en Chile, presenta un adelanto de su nuevo disco que incluye colaboraciones con<\/p>\n","protected":false},"author":1,"featured_media":37231,"comment_status":"open","ping_status":"open","sticky":false,"template":"","format":"standard","meta":{"colormag_page_container_layout":"default_layout","colormag_page_sidebar_layout":"default_layout","footnotes":""},"categories":[369],"tags":[],"class_list":["post-37230","post","type-post","status-publish","format-standard","has-post-thumbnail","hentry","category-musica"],"a3_pvc":{"activated":true,"total_views":88,"today_views":0},"_links":{"self":[{"href":"https:\/\/temucotelevision.cl\/web\/wp-json\/wp\/v2\/posts\/37230","targetHints":{"allow":["GET"]}}],"collection":[{"href":"https:\/\/temucotelevision.cl\/web\/wp-json\/wp\/v2\/posts"}],"about":[{"href":"https:\/\/temucotelevision.cl\/web\/wp-json\/wp\/v2\/types\/post"}],"author":[{"embeddable":true,"href":"https:\/\/temucotelevision.cl\/web\/wp-json\/wp\/v2\/users\/1"}],"replies":[{"embeddable":true,"href":"https:\/\/temucotelevision.cl\/web\/wp-json\/wp\/v2\/comments?post=37230"}],"version-history":[{"count":1,"href":"https:\/\/temucotelevision.cl\/web\/wp-json\/wp\/v2\/posts\/37230\/revisions"}],"predecessor-version":[{"id":37232,"href":"https:\/\/temucotelevision.cl\/web\/wp-json\/wp\/v2\/posts\/37230\/revisions\/37232"}],"wp:featuredmedia":[{"embeddable":true,"href":"https:\/\/temucotelevision.cl\/web\/wp-json\/wp\/v2\/media\/37231"}],"wp:attachment":[{"href":"https:\/\/temucotelevision.cl\/web\/wp-json\/wp\/v2\/media?parent=37230"}],"wp:term":[{"taxonomy":"category","embeddable":true,"href":"https:\/\/temucotelevision.cl\/web\/wp-json\/wp\/v2\/categories?post=37230"},{"taxonomy":"post_tag","embeddable":true,"href":"https:\/\/temucotelevision.cl\/web\/wp-json\/wp\/v2\/tags?post=37230"}],"curies":[{"name":"wp","href":"https:\/\/api.w.org\/{rel}","templated":true}]}}