{"id":37222,"date":"2022-12-14T17:13:28","date_gmt":"2022-12-14T20:13:28","guid":{"rendered":"https:\/\/temucotelevision.cl\/web\/?p=37222"},"modified":"2022-12-14T17:13:29","modified_gmt":"2022-12-14T20:13:29","slug":"benja-valencia-y-dj-ram-se-la-juegan-con-poderoso-junte","status":"publish","type":"post","link":"https:\/\/temucotelevision.cl\/web\/2022\/12\/14\/benja-valencia-y-dj-ram-se-la-juegan-con-poderoso-junte\/","title":{"rendered":"Benja Valencia y DJ RAM se la juegan con poderoso junte"},"content":{"rendered":"<div class=\"pvc_clear\"><\/div><p id=\"pvc_stats_37222\" class=\"pvc_stats total_only  \" data-element-id=\"37222\" style=\"\"><i class=\"pvc-stats-icon large\" aria-hidden=\"true\"><svg aria-hidden=\"true\" focusable=\"false\" data-prefix=\"far\" data-icon=\"chart-bar\" role=\"img\" xmlns=\"http:\/\/www.w3.org\/2000\/svg\" viewBox=\"0 0 512 512\" class=\"svg-inline--fa fa-chart-bar fa-w-16 fa-2x\"><path fill=\"currentColor\" d=\"M396.8 352h22.4c6.4 0 12.8-6.4 12.8-12.8V108.8c0-6.4-6.4-12.8-12.8-12.8h-22.4c-6.4 0-12.8 6.4-12.8 12.8v230.4c0 6.4 6.4 12.8 12.8 12.8zm-192 0h22.4c6.4 0 12.8-6.4 12.8-12.8V140.8c0-6.4-6.4-12.8-12.8-12.8h-22.4c-6.4 0-12.8 6.4-12.8 12.8v198.4c0 6.4 6.4 12.8 12.8 12.8zm96 0h22.4c6.4 0 12.8-6.4 12.8-12.8V204.8c0-6.4-6.4-12.8-12.8-12.8h-22.4c-6.4 0-12.8 6.4-12.8 12.8v134.4c0 6.4 6.4 12.8 12.8 12.8zM496 400H48V80c0-8.84-7.16-16-16-16H16C7.16 64 0 71.16 0 80v336c0 17.67 14.33 32 32 32h464c8.84 0 16-7.16 16-16v-16c0-8.84-7.16-16-16-16zm-387.2-48h22.4c6.4 0 12.8-6.4 12.8-12.8v-70.4c0-6.4-6.4-12.8-12.8-12.8h-22.4c-6.4 0-12.8 6.4-12.8 12.8v70.4c0 6.4 6.4 12.8 12.8 12.8z\" class=\"\"><\/path><\/svg><\/i> <img loading=\"lazy\" decoding=\"async\" width=\"16\" height=\"16\" alt=\"Loading\" src=\"https:\/\/temucotelevision.cl\/web\/wp-content\/plugins\/page-views-count\/ajax-loader-2x.gif\" border=0 \/><\/p><div class=\"pvc_clear\"><\/div>\n<p class=\"has-medium-font-size\"><strong>Los artistas se unen en<\/strong>\u00a0<a href=\"http:\/\/tracker.cl1.fidelizador.com\/L107FAB3EGE10F7B31HF1B4B8JF10440A079K107FAB3E940284B4CBF965EC89\">\u201c<\/a><strong><a href=\"http:\/\/tracker.cl1.fidelizador.com\/L107FAB3EGE10F7B31HF1B4B8JF10440A079K107FAB3E940284B4CBF965EC89\">BENJA X RAM\u201d<\/a>, single lleno de ritmo que har\u00e1 bailar a todos sus seguidores.\u00a0<\/strong><\/p>\n\n\n\n<p>La promisoria voz de la escena&nbsp;<strong>urbana<\/strong>,&nbsp;<strong>Benja Valencia<\/strong>, sorprende nuevamente con un en\u00e9rgico tema que mezcla lo mejor de su propuesta con la del reconocido&nbsp;<strong>Dj RAM<\/strong>. El sencillo&nbsp;<strong>\u201cBENJA X RAM\u201d<\/strong>, que ya est\u00e1 disponible en las plataformas de m\u00fasica y YouTube, promete prender estos d\u00edas de primavera al ritmo del&nbsp;<strong>pop urbano y el tech<\/strong>.<\/p>\n\n\n\n<p>El responsable de los \u00e9xitos, \u201c<strong>Asiento pa tras\u201d, \u201cCaf\u00e9\u201d, \u201cD\u00e9jate ver\u201d, \u201cUna vez\u201d y \u201cSalu mi Amor\u201d<\/strong>, ahora se une a&nbsp;<strong>Dj RAM<\/strong>, c\u00e9lebre&nbsp;<strong>Dj chileno&nbsp;<\/strong>que con su particular estilo ha conquistado la escena local y es un referente a nivel internacional.<\/p>\n\n\n\n<p>Sobre este nuevo lanzamiento, Benja Valencia comenta que \u201ces una colaboraci\u00f3n muy importante para m\u00ed ya que con RAM pudimos sacar la mejor versi\u00f3n de una canci\u00f3n para bailar, tocarla en vivo y hasta saltar, ya que al ser Dj, \u00e9l lo lleva en la sangre\u201d.<\/p>\n\n\n\n<p>En cuanto al proceso creativo, Benja se\u00f1ala que \u201cse dio muy org\u00e1nicamente y por el amor a la m\u00fasica; nos juntamos en un estudio y todo fluy\u00f3 a la perfecci\u00f3n\u201d. En esta l\u00ednea, agrega que \u201cse trata de una canci\u00f3n que empieza con reggaet\u00f3n y al final es mezclada con tech, as\u00ed que se podr\u00eda decir que son dos canciones en una \u00a1Espero que les guste mucho y el video tambi\u00e9n! Porque todo est\u00e1 hecho con mucho amor y vibra positiva\u201d.<\/p>\n\n\n\n<p>El videoclip de&nbsp;<strong>\u201cBENJA X RAM\u201d,<\/strong>&nbsp;dirigido por el destacado realizador chileno<strong>&nbsp;MrSebas<\/strong>, fue grabado en un set completamente en blanco para luego otorgar color mediante luces, a trav\u00e9s de las cuales lograron el resultado que Benja y la producci\u00f3n estaban&nbsp; buscando.<\/p>\n\n\n\n<p>Desde su aparici\u00f3n en la escena,\u00a0<strong>Dj RAM\u00a0<\/strong>ha logrado gran connotaci\u00f3n conquistando los escenarios con su especial carisma y energ\u00eda. Si bien comenz\u00f3 muy joven en el mundo de la m\u00fasica, en 2015 se decidi\u00f3 por desarrollar su talento como Dj, carrera que posicion\u00f3 en la competencia de\u00a0<strong>Redbull 3Style (2017)<\/strong>\u00a0donde obtuvo el segundo lugar en Chile. Desde entonces, se ha presentado en importantes festivales, clubes y discotecas, ayud\u00e1ndose de sus redes sociales para llegar a m\u00e1s p\u00fablico dentro y fuera del pa\u00eds. En 2020 viaj\u00f3 a EEUU para realizar su primera gira fuera del pa\u00eds, present\u00e1ndose en las ciudades de Nueva York (ciudad de residencia actual),\u00a0<strong>Chicago y Miami<\/strong>, as\u00ed como tambi\u00e9n en San Juan de Puerto Rico. Por estos d\u00edas\u00a0<strong>Dj RAM\u00a0<\/strong>se encuentra en una\u00a0<strong>gira por Sudam\u00e9rica<\/strong>, teniendo diversas fechas en<strong>\u00a0Chile, Uruguay, Brasil, Colombia, Argentina<\/strong>.<\/p>\n\n\n\n<figure class=\"wp-block-embed is-type-video is-provider-youtube wp-block-embed-youtube wp-embed-aspect-16-9 wp-has-aspect-ratio\"><div class=\"wp-block-embed__wrapper\">\n<div class=\"epyt-video-wrapper\"><iframe loading=\"lazy\"  id=\"_ytid_88619\"  width=\"800\" height=\"450\"  data-origwidth=\"800\" data-origheight=\"450\" src=\"https:\/\/www.youtube.com\/embed\/BsMiZm7TqaQ?enablejsapi=1&#038;autoplay=0&#038;cc_load_policy=0&#038;cc_lang_pref=&#038;iv_load_policy=1&#038;loop=0&#038;rel=1&#038;fs=1&#038;playsinline=0&#038;autohide=2&#038;theme=dark&#038;color=red&#038;controls=1&#038;disablekb=0&#038;\" class=\"__youtube_prefs__  epyt-is-override  no-lazyload\" title=\"YouTube player\"  allow=\"fullscreen; accelerometer; autoplay; clipboard-write; encrypted-media; gyroscope; picture-in-picture; web-share\" referrerpolicy=\"strict-origin-when-cross-origin\" allowfullscreen data-no-lazy=\"1\" data-skipgform_ajax_framebjll=\"\"><\/iframe><\/div>\n<\/div><\/figure>\n","protected":false},"excerpt":{"rendered":"<div class=\"pvc_clear\"><\/div>\n<p id=\"pvc_stats_37222\" class=\"pvc_stats total_only  \" data-element-id=\"37222\" style=\"\"><i class=\"pvc-stats-icon large\" aria-hidden=\"true\"><svg aria-hidden=\"true\" focusable=\"false\" data-prefix=\"far\" data-icon=\"chart-bar\" role=\"img\" xmlns=\"http:\/\/www.w3.org\/2000\/svg\" viewBox=\"0 0 512 512\" class=\"svg-inline--fa fa-chart-bar fa-w-16 fa-2x\"><path fill=\"currentColor\" d=\"M396.8 352h22.4c6.4 0 12.8-6.4 12.8-12.8V108.8c0-6.4-6.4-12.8-12.8-12.8h-22.4c-6.4 0-12.8 6.4-12.8 12.8v230.4c0 6.4 6.4 12.8 12.8 12.8zm-192 0h22.4c6.4 0 12.8-6.4 12.8-12.8V140.8c0-6.4-6.4-12.8-12.8-12.8h-22.4c-6.4 0-12.8 6.4-12.8 12.8v198.4c0 6.4 6.4 12.8 12.8 12.8zm96 0h22.4c6.4 0 12.8-6.4 12.8-12.8V204.8c0-6.4-6.4-12.8-12.8-12.8h-22.4c-6.4 0-12.8 6.4-12.8 12.8v134.4c0 6.4 6.4 12.8 12.8 12.8zM496 400H48V80c0-8.84-7.16-16-16-16H16C7.16 64 0 71.16 0 80v336c0 17.67 14.33 32 32 32h464c8.84 0 16-7.16 16-16v-16c0-8.84-7.16-16-16-16zm-387.2-48h22.4c6.4 0 12.8-6.4 12.8-12.8v-70.4c0-6.4-6.4-12.8-12.8-12.8h-22.4c-6.4 0-12.8 6.4-12.8 12.8v70.4c0 6.4 6.4 12.8 12.8 12.8z\" class=\"\"><\/path><\/svg><\/i> <img loading=\"lazy\" decoding=\"async\" width=\"16\" height=\"16\" alt=\"Loading\" src=\"https:\/\/temucotelevision.cl\/web\/wp-content\/plugins\/page-views-count\/ajax-loader-2x.gif\" border=0 \/><\/p>\n<div class=\"pvc_clear\"><\/div>\n<p>Los artistas se unen en\u00a0\u201cBENJA X RAM\u201d, single lleno de ritmo que har\u00e1 bailar a todos sus seguidores.\u00a0 La promisoria<\/p>\n","protected":false},"author":1,"featured_media":37227,"comment_status":"open","ping_status":"open","sticky":false,"template":"","format":"standard","meta":{"colormag_page_container_layout":"default_layout","colormag_page_sidebar_layout":"default_layout","footnotes":""},"categories":[369],"tags":[],"class_list":["post-37222","post","type-post","status-publish","format-standard","has-post-thumbnail","hentry","category-musica"],"a3_pvc":{"activated":true,"total_views":85,"today_views":0},"_links":{"self":[{"href":"https:\/\/temucotelevision.cl\/web\/wp-json\/wp\/v2\/posts\/37222","targetHints":{"allow":["GET"]}}],"collection":[{"href":"https:\/\/temucotelevision.cl\/web\/wp-json\/wp\/v2\/posts"}],"about":[{"href":"https:\/\/temucotelevision.cl\/web\/wp-json\/wp\/v2\/types\/post"}],"author":[{"embeddable":true,"href":"https:\/\/temucotelevision.cl\/web\/wp-json\/wp\/v2\/users\/1"}],"replies":[{"embeddable":true,"href":"https:\/\/temucotelevision.cl\/web\/wp-json\/wp\/v2\/comments?post=37222"}],"version-history":[{"count":1,"href":"https:\/\/temucotelevision.cl\/web\/wp-json\/wp\/v2\/posts\/37222\/revisions"}],"predecessor-version":[{"id":37224,"href":"https:\/\/temucotelevision.cl\/web\/wp-json\/wp\/v2\/posts\/37222\/revisions\/37224"}],"wp:featuredmedia":[{"embeddable":true,"href":"https:\/\/temucotelevision.cl\/web\/wp-json\/wp\/v2\/media\/37227"}],"wp:attachment":[{"href":"https:\/\/temucotelevision.cl\/web\/wp-json\/wp\/v2\/media?parent=37222"}],"wp:term":[{"taxonomy":"category","embeddable":true,"href":"https:\/\/temucotelevision.cl\/web\/wp-json\/wp\/v2\/categories?post=37222"},{"taxonomy":"post_tag","embeddable":true,"href":"https:\/\/temucotelevision.cl\/web\/wp-json\/wp\/v2\/tags?post=37222"}],"curies":[{"name":"wp","href":"https:\/\/api.w.org\/{rel}","templated":true}]}}