{"id":37218,"date":"2022-12-13T19:54:57","date_gmt":"2022-12-13T22:54:57","guid":{"rendered":"https:\/\/temucotelevision.cl\/web\/?p=37218"},"modified":"2022-12-13T19:54:59","modified_gmt":"2022-12-13T22:54:59","slug":"damian-evil-muestra-nuevo-sencillo-y-anuncia-firma-con-sello-mexicano","status":"publish","type":"post","link":"https:\/\/temucotelevision.cl\/web\/2022\/12\/13\/damian-evil-muestra-nuevo-sencillo-y-anuncia-firma-con-sello-mexicano\/","title":{"rendered":"Dami\u00e1n Evil muestra nuevo sencillo y anuncia firma con sello mexicano"},"content":{"rendered":"<div class=\"pvc_clear\"><\/div><p id=\"pvc_stats_37218\" class=\"pvc_stats total_only  \" data-element-id=\"37218\" style=\"\"><i class=\"pvc-stats-icon large\" aria-hidden=\"true\"><svg aria-hidden=\"true\" focusable=\"false\" data-prefix=\"far\" data-icon=\"chart-bar\" role=\"img\" xmlns=\"http:\/\/www.w3.org\/2000\/svg\" viewBox=\"0 0 512 512\" class=\"svg-inline--fa fa-chart-bar fa-w-16 fa-2x\"><path fill=\"currentColor\" d=\"M396.8 352h22.4c6.4 0 12.8-6.4 12.8-12.8V108.8c0-6.4-6.4-12.8-12.8-12.8h-22.4c-6.4 0-12.8 6.4-12.8 12.8v230.4c0 6.4 6.4 12.8 12.8 12.8zm-192 0h22.4c6.4 0 12.8-6.4 12.8-12.8V140.8c0-6.4-6.4-12.8-12.8-12.8h-22.4c-6.4 0-12.8 6.4-12.8 12.8v198.4c0 6.4 6.4 12.8 12.8 12.8zm96 0h22.4c6.4 0 12.8-6.4 12.8-12.8V204.8c0-6.4-6.4-12.8-12.8-12.8h-22.4c-6.4 0-12.8 6.4-12.8 12.8v134.4c0 6.4 6.4 12.8 12.8 12.8zM496 400H48V80c0-8.84-7.16-16-16-16H16C7.16 64 0 71.16 0 80v336c0 17.67 14.33 32 32 32h464c8.84 0 16-7.16 16-16v-16c0-8.84-7.16-16-16-16zm-387.2-48h22.4c6.4 0 12.8-6.4 12.8-12.8v-70.4c0-6.4-6.4-12.8-12.8-12.8h-22.4c-6.4 0-12.8 6.4-12.8 12.8v70.4c0 6.4 6.4 12.8 12.8 12.8z\" class=\"\"><\/path><\/svg><\/i> <img loading=\"lazy\" decoding=\"async\" width=\"16\" height=\"16\" alt=\"Loading\" src=\"https:\/\/temucotelevision.cl\/web\/wp-content\/plugins\/page-views-count\/ajax-loader-2x.gif\" border=0 \/><\/p><div class=\"pvc_clear\"><\/div>\n<p class=\"has-medium-font-size\"><strong>Varias novedades trae el cierre de este a\u00f1o para el m\u00fasico nacional que adem\u00e1s de interpretar su repertorio, mostrar\u00e1 su \u00faltimo single en el marco de la firma con el sello mexicano\u00a0\u201cCasete\u201d\u00a0quienes estar\u00e1n a cargo de distribuirlo en el pa\u00eds del norte.<\/strong><\/p>\n\n\n\n<p>El cantautor chileno\u00a0<a href=\"https:\/\/instagram.com\/damian_evil?igshid=NTdlMDg3MTY=\">Damian Evil<\/a>\u00a0se presentar\u00e1 este\u00a0<strong>27 de diciembre en el \u201cBar de Ren\u00e9\u201d<\/strong>\u00a0(Santa Isabel 369) junto a su banda\u00a0<strong>\u201cEl Imperio De Las Aves P\u00e9rdidas\u201d integrada por Alexis Pinilla (guitarra), Max Gonz\u00e1lez (bajo) y Felipe Barbosa (bater\u00eda).\u00a0<\/strong>El m\u00fasico, cantante y guitarrista estren\u00f3 recientemente su primer sencillo llamado\u00a0<strong>\u201cPerd\u00f3name\u201d<\/strong>\u00a0que fusiona el rock alternativo con tem\u00e1ticas relacionadas con las vivencias que dej\u00f3 el encierro producto del per\u00edodo pand\u00e9mico que vivi\u00f3 el mundo en el \u00faltimo tiempo. De esta manera nacieron sonidos melanc\u00f3licos, potentes y pasajes musicales que dejan una gran puesta en escena que mostrar\u00e1 en el tradicional y m\u00edtico local del barrio Santa Isabel.<\/p>\n\n\n\n<p><strong>Dami\u00e1n<\/strong>&nbsp;aprovechar\u00e1 este momento para mostrar su nuevo material en el marco de la novedad de ser uno de los artistas recientemente integrado al sello<strong>&nbsp;\u201cCasete\u201d con sede en M\u00e9xico&nbsp;<\/strong>(con presencia en Am\u00e9rica del Norte, Europa y el resto del mundo), quienes se encargar\u00e1 de la promoci\u00f3n, desarrollo y distribuci\u00f3n del nuevo material del m\u00fasico nacional.<\/p>\n\n\n\n<p>El cantautor mostrar\u00e1 adem\u00e1s en vivo su nuevo single&nbsp;<a href=\"https:\/\/open.spotify.com\/album\/0sGhi3zZ5FPzf8bsiM95Q5?si=h9Qm4-6WTlmV4p89oc-07w&amp;utm_source=copy-link\">Perd\u00f3name<\/a>, grabado y masterizado en estudios CHT por el destacado Ingeniero en Sonido&nbsp;<strong>\u201cChalo\u201d Gonz\u00e1lez.&nbsp;<\/strong>El estreno de Perd\u00f3name fue el 11 de agosto de este a\u00f1o el que el musico interpretar\u00e1 en vivo en esta oportunidad junto a su repertorio.<\/p>\n\n\n\n<p>En la oportunidad tambi\u00e9n estar\u00e1n presentes como invitados el cuarteto de rock&nbsp;<a href=\"https:\/\/instagram.com\/amestrabanda?igshid=NTdlMDg3MTY=\"><strong>Amestra<\/strong><\/a>, banda de rock alternativo que recientemente estren\u00f3 el single \u201c91\u201d.<\/p>\n\n\n\n<p>Sigue a&nbsp;<strong>Dami\u00e1n Evil<\/strong>&nbsp;en&nbsp;<a href=\"https:\/\/instagram.com\/damian_evil?igshid=NTdlMDg3MTY=\">Instagram<\/a>&nbsp;para conocer las novedades de este emergente y promisorio cantautor.<\/p>\n\n\n\n<p><strong>La cita es en el m\u00edtico Bar de Ren\u00e9, martes 27 de diciembre desde las 21.00 hrs en \u201cEscenario El\u00e9ctrico\u201d.&nbsp;<\/strong><\/p>\n\n\n\n<p><strong>Adquiere tus entradas escribiendo al correo electr\u00f3nico management.damianevil@gmail.com.&nbsp;<\/strong><\/p>\n\n\n\n<p><strong>Valor entrada: $6.000 general<\/strong><\/p>\n\n\n\n<figure class=\"wp-block-embed is-type-video is-provider-youtube wp-block-embed-youtube wp-embed-aspect-16-9 wp-has-aspect-ratio\"><div class=\"wp-block-embed__wrapper\">\n<div class=\"epyt-video-wrapper\"><iframe loading=\"lazy\"  id=\"_ytid_12337\"  width=\"800\" height=\"450\"  data-origwidth=\"800\" data-origheight=\"450\" src=\"https:\/\/www.youtube.com\/embed\/qIS9n9gW3CM?enablejsapi=1&#038;autoplay=0&#038;cc_load_policy=0&#038;cc_lang_pref=&#038;iv_load_policy=1&#038;loop=0&#038;rel=1&#038;fs=1&#038;playsinline=0&#038;autohide=2&#038;theme=dark&#038;color=red&#038;controls=1&#038;disablekb=0&#038;\" class=\"__youtube_prefs__  epyt-is-override  no-lazyload\" title=\"YouTube player\"  allow=\"fullscreen; accelerometer; autoplay; clipboard-write; encrypted-media; gyroscope; picture-in-picture; web-share\" referrerpolicy=\"strict-origin-when-cross-origin\" allowfullscreen data-no-lazy=\"1\" data-skipgform_ajax_framebjll=\"\"><\/iframe><\/div>\n<\/div><\/figure>\n","protected":false},"excerpt":{"rendered":"<div class=\"pvc_clear\"><\/div>\n<p id=\"pvc_stats_37218\" class=\"pvc_stats total_only  \" data-element-id=\"37218\" style=\"\"><i class=\"pvc-stats-icon large\" aria-hidden=\"true\"><svg aria-hidden=\"true\" focusable=\"false\" data-prefix=\"far\" data-icon=\"chart-bar\" role=\"img\" xmlns=\"http:\/\/www.w3.org\/2000\/svg\" viewBox=\"0 0 512 512\" class=\"svg-inline--fa fa-chart-bar fa-w-16 fa-2x\"><path fill=\"currentColor\" d=\"M396.8 352h22.4c6.4 0 12.8-6.4 12.8-12.8V108.8c0-6.4-6.4-12.8-12.8-12.8h-22.4c-6.4 0-12.8 6.4-12.8 12.8v230.4c0 6.4 6.4 12.8 12.8 12.8zm-192 0h22.4c6.4 0 12.8-6.4 12.8-12.8V140.8c0-6.4-6.4-12.8-12.8-12.8h-22.4c-6.4 0-12.8 6.4-12.8 12.8v198.4c0 6.4 6.4 12.8 12.8 12.8zm96 0h22.4c6.4 0 12.8-6.4 12.8-12.8V204.8c0-6.4-6.4-12.8-12.8-12.8h-22.4c-6.4 0-12.8 6.4-12.8 12.8v134.4c0 6.4 6.4 12.8 12.8 12.8zM496 400H48V80c0-8.84-7.16-16-16-16H16C7.16 64 0 71.16 0 80v336c0 17.67 14.33 32 32 32h464c8.84 0 16-7.16 16-16v-16c0-8.84-7.16-16-16-16zm-387.2-48h22.4c6.4 0 12.8-6.4 12.8-12.8v-70.4c0-6.4-6.4-12.8-12.8-12.8h-22.4c-6.4 0-12.8 6.4-12.8 12.8v70.4c0 6.4 6.4 12.8 12.8 12.8z\" class=\"\"><\/path><\/svg><\/i> <img loading=\"lazy\" decoding=\"async\" width=\"16\" height=\"16\" alt=\"Loading\" src=\"https:\/\/temucotelevision.cl\/web\/wp-content\/plugins\/page-views-count\/ajax-loader-2x.gif\" border=0 \/><\/p>\n<div class=\"pvc_clear\"><\/div>\n<p>Varias novedades trae el cierre de este a\u00f1o para el m\u00fasico nacional que adem\u00e1s de interpretar su repertorio, mostrar\u00e1 su<\/p>\n","protected":false},"author":1,"featured_media":37219,"comment_status":"open","ping_status":"open","sticky":false,"template":"","format":"standard","meta":{"colormag_page_container_layout":"default_layout","colormag_page_sidebar_layout":"default_layout","footnotes":""},"categories":[369],"tags":[],"class_list":["post-37218","post","type-post","status-publish","format-standard","has-post-thumbnail","hentry","category-musica"],"a3_pvc":{"activated":true,"total_views":92,"today_views":0},"_links":{"self":[{"href":"https:\/\/temucotelevision.cl\/web\/wp-json\/wp\/v2\/posts\/37218","targetHints":{"allow":["GET"]}}],"collection":[{"href":"https:\/\/temucotelevision.cl\/web\/wp-json\/wp\/v2\/posts"}],"about":[{"href":"https:\/\/temucotelevision.cl\/web\/wp-json\/wp\/v2\/types\/post"}],"author":[{"embeddable":true,"href":"https:\/\/temucotelevision.cl\/web\/wp-json\/wp\/v2\/users\/1"}],"replies":[{"embeddable":true,"href":"https:\/\/temucotelevision.cl\/web\/wp-json\/wp\/v2\/comments?post=37218"}],"version-history":[{"count":1,"href":"https:\/\/temucotelevision.cl\/web\/wp-json\/wp\/v2\/posts\/37218\/revisions"}],"predecessor-version":[{"id":37220,"href":"https:\/\/temucotelevision.cl\/web\/wp-json\/wp\/v2\/posts\/37218\/revisions\/37220"}],"wp:featuredmedia":[{"embeddable":true,"href":"https:\/\/temucotelevision.cl\/web\/wp-json\/wp\/v2\/media\/37219"}],"wp:attachment":[{"href":"https:\/\/temucotelevision.cl\/web\/wp-json\/wp\/v2\/media?parent=37218"}],"wp:term":[{"taxonomy":"category","embeddable":true,"href":"https:\/\/temucotelevision.cl\/web\/wp-json\/wp\/v2\/categories?post=37218"},{"taxonomy":"post_tag","embeddable":true,"href":"https:\/\/temucotelevision.cl\/web\/wp-json\/wp\/v2\/tags?post=37218"}],"curies":[{"name":"wp","href":"https:\/\/api.w.org\/{rel}","templated":true}]}}