{"id":37206,"date":"2022-12-13T17:58:15","date_gmt":"2022-12-13T20:58:15","guid":{"rendered":"https:\/\/temucotelevision.cl\/web\/?p=37206"},"modified":"2022-12-13T17:58:16","modified_gmt":"2022-12-13T20:58:16","slug":"serviu-contrata-brigada-de-seguridad-para-avenida-dillman-bullock","status":"publish","type":"post","link":"https:\/\/temucotelevision.cl\/web\/2022\/12\/13\/serviu-contrata-brigada-de-seguridad-para-avenida-dillman-bullock\/","title":{"rendered":"Serviu contrata brigada de seguridad para Avenida Dillman Bullock"},"content":{"rendered":"<div class=\"pvc_clear\"><\/div><p id=\"pvc_stats_37206\" class=\"pvc_stats total_only  \" data-element-id=\"37206\" style=\"\"><i class=\"pvc-stats-icon large\" aria-hidden=\"true\"><svg aria-hidden=\"true\" focusable=\"false\" data-prefix=\"far\" data-icon=\"chart-bar\" role=\"img\" xmlns=\"http:\/\/www.w3.org\/2000\/svg\" viewBox=\"0 0 512 512\" class=\"svg-inline--fa fa-chart-bar fa-w-16 fa-2x\"><path fill=\"currentColor\" d=\"M396.8 352h22.4c6.4 0 12.8-6.4 12.8-12.8V108.8c0-6.4-6.4-12.8-12.8-12.8h-22.4c-6.4 0-12.8 6.4-12.8 12.8v230.4c0 6.4 6.4 12.8 12.8 12.8zm-192 0h22.4c6.4 0 12.8-6.4 12.8-12.8V140.8c0-6.4-6.4-12.8-12.8-12.8h-22.4c-6.4 0-12.8 6.4-12.8 12.8v198.4c0 6.4 6.4 12.8 12.8 12.8zm96 0h22.4c6.4 0 12.8-6.4 12.8-12.8V204.8c0-6.4-6.4-12.8-12.8-12.8h-22.4c-6.4 0-12.8 6.4-12.8 12.8v134.4c0 6.4 6.4 12.8 12.8 12.8zM496 400H48V80c0-8.84-7.16-16-16-16H16C7.16 64 0 71.16 0 80v336c0 17.67 14.33 32 32 32h464c8.84 0 16-7.16 16-16v-16c0-8.84-7.16-16-16-16zm-387.2-48h22.4c6.4 0 12.8-6.4 12.8-12.8v-70.4c0-6.4-6.4-12.8-12.8-12.8h-22.4c-6.4 0-12.8 6.4-12.8 12.8v70.4c0 6.4 6.4 12.8 12.8 12.8z\" class=\"\"><\/path><\/svg><\/i> <img loading=\"lazy\" decoding=\"async\" width=\"16\" height=\"16\" alt=\"Loading\" src=\"https:\/\/temucotelevision.cl\/web\/wp-content\/plugins\/page-views-count\/ajax-loader-2x.gif\" border=0 \/><\/p><div class=\"pvc_clear\"><\/div>\n<p>El compromiso asumido por el director del Serviu, Jos\u00e9 Luis Sep\u00falveda, se materializar\u00e1 en los pr\u00f3ximos d\u00edas.&nbsp;<\/p>\n\n\n\n<p>Mejorar la seguridad vial y peatonal, es una de las prioridades que ha fijado el Servicio de Vivienda y Urbanizaci\u00f3n para hacer frente a la paralizaci\u00f3n de la obra de mejoramiento de la Avenida Dillman Bullock, que gener\u00f3 la quiebra de la empresa Claro Vicu\u00f1a, que actualmente se encuentra en pleno proceso de liquidaci\u00f3n para volver a contratar las obras pendientes.&nbsp;<\/p>\n\n\n\n<p>Es por ello que el Director de Serviu Araucan\u00eda, Jos\u00e9 Luis Sep\u00falveda, destac\u00f3 que en los pr\u00f3ximos d\u00edas, comenzar\u00e1 a trabajar una empresa de seguridad en el sector: \u201cEl objetivo principal que tendr\u00e1 esta empresa es atender y mantener la seguridad vial y peatonal, tales como; cruces peatonales, se\u00f1alizaci\u00f3n, desv\u00edo, canalizaci\u00f3n tr\u00e1nsito vial, limpieza, disminuci\u00f3n de poluci\u00f3n en calzadas y aceras. Debiendo resolver cualquier imprevisto que surja y requiera de una atenci\u00f3n r\u00e1pida y oportuna, con la finalidad de evitar exponer a la comunidad a condiciones de peligro y alteraciones en el tr\u00e1nsito vehicular y peatonal.\u201d<\/p>\n\n\n\n<p>Asimismo, la autoridad se\u00f1al\u00f3 que la empresa Aguas Araucan\u00eda se encuentra realizando trabajos llamados proforma, los cuales son anexos al contrato de mejoramiento de la avenida y que se realizan de forma paralela con recursos extras, que son necesarios para el proyecto final &nbsp;&nbsp;<\/p>\n\n\n\n<p>La m\u00e1xima autoridad del Serviu en la regi\u00f3n, aprovech\u00f3 de indicar que los trabajadores que se encuentran con deudas y finiquitos pendientes y que ser\u00edan abordados, en primera instancia por SERVIU, deber\u00e1n canalizar sus demandas con la Inspecci\u00f3n del Trabajo, para que se haga el nexo con el S\u00edndico de Quiebras, quien fue nombrado por el tribunal para estos efectos y pueda cancelar las obligaciones laborales correspondientes. &nbsp;&nbsp;<\/p>\n","protected":false},"excerpt":{"rendered":"<div class=\"pvc_clear\"><\/div>\n<p id=\"pvc_stats_37206\" class=\"pvc_stats total_only  \" data-element-id=\"37206\" style=\"\"><i class=\"pvc-stats-icon large\" aria-hidden=\"true\"><svg aria-hidden=\"true\" focusable=\"false\" data-prefix=\"far\" data-icon=\"chart-bar\" role=\"img\" xmlns=\"http:\/\/www.w3.org\/2000\/svg\" viewBox=\"0 0 512 512\" class=\"svg-inline--fa fa-chart-bar fa-w-16 fa-2x\"><path fill=\"currentColor\" d=\"M396.8 352h22.4c6.4 0 12.8-6.4 12.8-12.8V108.8c0-6.4-6.4-12.8-12.8-12.8h-22.4c-6.4 0-12.8 6.4-12.8 12.8v230.4c0 6.4 6.4 12.8 12.8 12.8zm-192 0h22.4c6.4 0 12.8-6.4 12.8-12.8V140.8c0-6.4-6.4-12.8-12.8-12.8h-22.4c-6.4 0-12.8 6.4-12.8 12.8v198.4c0 6.4 6.4 12.8 12.8 12.8zm96 0h22.4c6.4 0 12.8-6.4 12.8-12.8V204.8c0-6.4-6.4-12.8-12.8-12.8h-22.4c-6.4 0-12.8 6.4-12.8 12.8v134.4c0 6.4 6.4 12.8 12.8 12.8zM496 400H48V80c0-8.84-7.16-16-16-16H16C7.16 64 0 71.16 0 80v336c0 17.67 14.33 32 32 32h464c8.84 0 16-7.16 16-16v-16c0-8.84-7.16-16-16-16zm-387.2-48h22.4c6.4 0 12.8-6.4 12.8-12.8v-70.4c0-6.4-6.4-12.8-12.8-12.8h-22.4c-6.4 0-12.8 6.4-12.8 12.8v70.4c0 6.4 6.4 12.8 12.8 12.8z\" class=\"\"><\/path><\/svg><\/i> <img loading=\"lazy\" decoding=\"async\" width=\"16\" height=\"16\" alt=\"Loading\" src=\"https:\/\/temucotelevision.cl\/web\/wp-content\/plugins\/page-views-count\/ajax-loader-2x.gif\" border=0 \/><\/p>\n<div class=\"pvc_clear\"><\/div>\n<p>El compromiso asumido por el director del Serviu, Jos\u00e9 Luis Sep\u00falveda, se materializar\u00e1 en los pr\u00f3ximos d\u00edas.&nbsp; Mejorar la seguridad<\/p>\n","protected":false},"author":1,"featured_media":37207,"comment_status":"open","ping_status":"open","sticky":false,"template":"","format":"standard","meta":{"colormag_page_container_layout":"default_layout","colormag_page_sidebar_layout":"default_layout","footnotes":""},"categories":[14],"tags":[305,931,399,336],"class_list":["post-37206","post","type-post","status-publish","format-standard","has-post-thumbnail","hentry","category-temuco","tag-avenida","tag-brigada","tag-seguridad","tag-serviu"],"a3_pvc":{"activated":true,"total_views":55,"today_views":0},"_links":{"self":[{"href":"https:\/\/temucotelevision.cl\/web\/wp-json\/wp\/v2\/posts\/37206","targetHints":{"allow":["GET"]}}],"collection":[{"href":"https:\/\/temucotelevision.cl\/web\/wp-json\/wp\/v2\/posts"}],"about":[{"href":"https:\/\/temucotelevision.cl\/web\/wp-json\/wp\/v2\/types\/post"}],"author":[{"embeddable":true,"href":"https:\/\/temucotelevision.cl\/web\/wp-json\/wp\/v2\/users\/1"}],"replies":[{"embeddable":true,"href":"https:\/\/temucotelevision.cl\/web\/wp-json\/wp\/v2\/comments?post=37206"}],"version-history":[{"count":1,"href":"https:\/\/temucotelevision.cl\/web\/wp-json\/wp\/v2\/posts\/37206\/revisions"}],"predecessor-version":[{"id":37208,"href":"https:\/\/temucotelevision.cl\/web\/wp-json\/wp\/v2\/posts\/37206\/revisions\/37208"}],"wp:featuredmedia":[{"embeddable":true,"href":"https:\/\/temucotelevision.cl\/web\/wp-json\/wp\/v2\/media\/37207"}],"wp:attachment":[{"href":"https:\/\/temucotelevision.cl\/web\/wp-json\/wp\/v2\/media?parent=37206"}],"wp:term":[{"taxonomy":"category","embeddable":true,"href":"https:\/\/temucotelevision.cl\/web\/wp-json\/wp\/v2\/categories?post=37206"},{"taxonomy":"post_tag","embeddable":true,"href":"https:\/\/temucotelevision.cl\/web\/wp-json\/wp\/v2\/tags?post=37206"}],"curies":[{"name":"wp","href":"https:\/\/api.w.org\/{rel}","templated":true}]}}