{"id":36926,"date":"2022-11-27T16:02:59","date_gmt":"2022-11-27T19:02:59","guid":{"rendered":"https:\/\/temucotelevision.cl\/web\/?p=36926"},"modified":"2022-11-27T16:03:00","modified_gmt":"2022-11-27T19:03:00","slug":"senadora-aravena-llama-al-gobierno-y-transportistasa-llegar-a-acuerdo-y-evitar-un-impacto-mayor-para-el-pais","status":"publish","type":"post","link":"https:\/\/temucotelevision.cl\/web\/2022\/11\/27\/senadora-aravena-llama-al-gobierno-y-transportistasa-llegar-a-acuerdo-y-evitar-un-impacto-mayor-para-el-pais\/","title":{"rendered":"Senadora Aravena llama al gobierno y transportistasa llegar a acuerdo y evitar un impacto mayor para el pa\u00eds"},"content":{"rendered":"<div class=\"pvc_clear\"><\/div><p id=\"pvc_stats_36926\" class=\"pvc_stats total_only  \" data-element-id=\"36926\" style=\"\"><i class=\"pvc-stats-icon large\" aria-hidden=\"true\"><svg aria-hidden=\"true\" focusable=\"false\" data-prefix=\"far\" data-icon=\"chart-bar\" role=\"img\" xmlns=\"http:\/\/www.w3.org\/2000\/svg\" viewBox=\"0 0 512 512\" class=\"svg-inline--fa fa-chart-bar fa-w-16 fa-2x\"><path fill=\"currentColor\" d=\"M396.8 352h22.4c6.4 0 12.8-6.4 12.8-12.8V108.8c0-6.4-6.4-12.8-12.8-12.8h-22.4c-6.4 0-12.8 6.4-12.8 12.8v230.4c0 6.4 6.4 12.8 12.8 12.8zm-192 0h22.4c6.4 0 12.8-6.4 12.8-12.8V140.8c0-6.4-6.4-12.8-12.8-12.8h-22.4c-6.4 0-12.8 6.4-12.8 12.8v198.4c0 6.4 6.4 12.8 12.8 12.8zm96 0h22.4c6.4 0 12.8-6.4 12.8-12.8V204.8c0-6.4-6.4-12.8-12.8-12.8h-22.4c-6.4 0-12.8 6.4-12.8 12.8v134.4c0 6.4 6.4 12.8 12.8 12.8zM496 400H48V80c0-8.84-7.16-16-16-16H16C7.16 64 0 71.16 0 80v336c0 17.67 14.33 32 32 32h464c8.84 0 16-7.16 16-16v-16c0-8.84-7.16-16-16-16zm-387.2-48h22.4c6.4 0 12.8-6.4 12.8-12.8v-70.4c0-6.4-6.4-12.8-12.8-12.8h-22.4c-6.4 0-12.8 6.4-12.8 12.8v70.4c0 6.4 6.4 12.8 12.8 12.8z\" class=\"\"><\/path><\/svg><\/i> <img loading=\"lazy\" decoding=\"async\" width=\"16\" height=\"16\" alt=\"Loading\" src=\"https:\/\/temucotelevision.cl\/web\/wp-content\/plugins\/page-views-count\/ajax-loader-2x.gif\" border=0 \/><\/p><div class=\"pvc_clear\"><\/div>\n<p>Legisladora pidi\u00f3 al gobierno sentarse a la mesa con todas las organizaciones de transportistas del pa\u00eds y dijo entender las demandas del sector, especialmente por mayor seguridad en las rutas. Tambi\u00e9n indic\u00f3 que la movilizaci\u00f3n no beneficia a nadie y que el Congreso tiene que estar disponible para apoyar soluciones que requieran cambios legislativos.<\/p>\n\n\n\n<p>Domingo 27 de noviembre de 2022. Un llamado al gobierno y los transportistas a llegar a un pronto acuerdo con todas las organizaciones de transportistas y evitar un impacto en la poblaci\u00f3n ante un eventual desabastecimiento y aumento de la inflaci\u00f3n, hizo la Senadora por La Araucan\u00eda, Carmen Gloria Aravena, luego que las negociaciones entre el Ejecutivo y los representantes de los camioneros sigue sin soluci\u00f3n, y se mantienen las movilizaciones por s\u00e9ptimo d\u00eda.<\/p>\n\n\n\n<p>Al respecto, la congresista dijo \u201centender y empatizar\u201d con las demandas de los transportistas, especialmente la solicitud de que el gobierno garantice la seguridad en las rutas ante el fuerte incremento de la delincuencia que tambi\u00e9n ha afectado a los conductores. \u201cEs esencial que el Estado tenga la capacidad de brindarle a los transportistas las condiciones fundamentales de seguridad para que puedan desempe\u00f1ar su trabajo con normalidad y sin riesgos, ya que nadie puede trabajar bajo amenazas constantes de ser v\u00edctimas de la violencia. Esa es una demanda leg\u00edtima de la que el Ejecutivo tiene que hacerse cargo, como ocurri\u00f3 en abril pasado, cuando las movilizaciones de los transportistas en el sur del pa\u00eds llevaron al Ejecutivo a asumir que era fundamental mantener el Estado de Excepci\u00f3n en la Macrozona Sur\u201d, asegur\u00f3 la Senadora Aravena.<\/p>\n\n\n\n<p>La parlamentaria expres\u00f3 que \u201csi bien existen otras demandas, como establecer mecanismos que frenen el alza sostenida de combustibles y que permitan traspasar ese incremento a tarifa, lo importante es que las partes puedan llegar a un pronto acuerdo y se deponga el paro, ya que su prolongaci\u00f3n tendr\u00e1 un efecto nocivo en la ciudadan\u00eda y en diferentes sectores de la econom\u00eda.<\/p>\n\n\n\n<p>\u201cMi llamado es a que tanto el gobierno como los transportistas puedan llegar a puntos de encuentro que permitan alcanzar un acuerdo que ponga pronto fin al paro, o de lo contrario, ser\u00e1 el pa\u00eds el que resulte perjudicado. Es importante que el Ejecutivo se siente a la mesa con las distintas agrupaciones del sector transporte, del norte, centro y sur, para que en conjunto arriben a una soluci\u00f3n y no se siga extendiendo la movilizaci\u00f3n\u201d, concluy\u00f3 Carmen Gloria Aravena.<\/p>\n","protected":false},"excerpt":{"rendered":"<div class=\"pvc_clear\"><\/div>\n<p id=\"pvc_stats_36926\" class=\"pvc_stats total_only  \" data-element-id=\"36926\" style=\"\"><i class=\"pvc-stats-icon large\" aria-hidden=\"true\"><svg aria-hidden=\"true\" focusable=\"false\" data-prefix=\"far\" data-icon=\"chart-bar\" role=\"img\" xmlns=\"http:\/\/www.w3.org\/2000\/svg\" viewBox=\"0 0 512 512\" class=\"svg-inline--fa fa-chart-bar fa-w-16 fa-2x\"><path fill=\"currentColor\" d=\"M396.8 352h22.4c6.4 0 12.8-6.4 12.8-12.8V108.8c0-6.4-6.4-12.8-12.8-12.8h-22.4c-6.4 0-12.8 6.4-12.8 12.8v230.4c0 6.4 6.4 12.8 12.8 12.8zm-192 0h22.4c6.4 0 12.8-6.4 12.8-12.8V140.8c0-6.4-6.4-12.8-12.8-12.8h-22.4c-6.4 0-12.8 6.4-12.8 12.8v198.4c0 6.4 6.4 12.8 12.8 12.8zm96 0h22.4c6.4 0 12.8-6.4 12.8-12.8V204.8c0-6.4-6.4-12.8-12.8-12.8h-22.4c-6.4 0-12.8 6.4-12.8 12.8v134.4c0 6.4 6.4 12.8 12.8 12.8zM496 400H48V80c0-8.84-7.16-16-16-16H16C7.16 64 0 71.16 0 80v336c0 17.67 14.33 32 32 32h464c8.84 0 16-7.16 16-16v-16c0-8.84-7.16-16-16-16zm-387.2-48h22.4c6.4 0 12.8-6.4 12.8-12.8v-70.4c0-6.4-6.4-12.8-12.8-12.8h-22.4c-6.4 0-12.8 6.4-12.8 12.8v70.4c0 6.4 6.4 12.8 12.8 12.8z\" class=\"\"><\/path><\/svg><\/i> <img loading=\"lazy\" decoding=\"async\" width=\"16\" height=\"16\" alt=\"Loading\" src=\"https:\/\/temucotelevision.cl\/web\/wp-content\/plugins\/page-views-count\/ajax-loader-2x.gif\" border=0 \/><\/p>\n<div class=\"pvc_clear\"><\/div>\n<p>Legisladora pidi\u00f3 al gobierno sentarse a la mesa con todas las organizaciones de transportistas del pa\u00eds y dijo entender las<\/p>\n","protected":false},"author":1,"featured_media":34081,"comment_status":"open","ping_status":"open","sticky":false,"template":"","format":"standard","meta":{"colormag_page_container_layout":"default_layout","colormag_page_sidebar_layout":"default_layout","footnotes":""},"categories":[84],"tags":[206,2065,3016],"class_list":["post-36926","post","type-post","status-publish","format-standard","has-post-thumbnail","hentry","category-politica","tag-gobierno","tag-senadora","tag-transportistas"],"a3_pvc":{"activated":true,"total_views":37,"today_views":0},"_links":{"self":[{"href":"https:\/\/temucotelevision.cl\/web\/wp-json\/wp\/v2\/posts\/36926","targetHints":{"allow":["GET"]}}],"collection":[{"href":"https:\/\/temucotelevision.cl\/web\/wp-json\/wp\/v2\/posts"}],"about":[{"href":"https:\/\/temucotelevision.cl\/web\/wp-json\/wp\/v2\/types\/post"}],"author":[{"embeddable":true,"href":"https:\/\/temucotelevision.cl\/web\/wp-json\/wp\/v2\/users\/1"}],"replies":[{"embeddable":true,"href":"https:\/\/temucotelevision.cl\/web\/wp-json\/wp\/v2\/comments?post=36926"}],"version-history":[{"count":1,"href":"https:\/\/temucotelevision.cl\/web\/wp-json\/wp\/v2\/posts\/36926\/revisions"}],"predecessor-version":[{"id":36927,"href":"https:\/\/temucotelevision.cl\/web\/wp-json\/wp\/v2\/posts\/36926\/revisions\/36927"}],"wp:featuredmedia":[{"embeddable":true,"href":"https:\/\/temucotelevision.cl\/web\/wp-json\/wp\/v2\/media\/34081"}],"wp:attachment":[{"href":"https:\/\/temucotelevision.cl\/web\/wp-json\/wp\/v2\/media?parent=36926"}],"wp:term":[{"taxonomy":"category","embeddable":true,"href":"https:\/\/temucotelevision.cl\/web\/wp-json\/wp\/v2\/categories?post=36926"},{"taxonomy":"post_tag","embeddable":true,"href":"https:\/\/temucotelevision.cl\/web\/wp-json\/wp\/v2\/tags?post=36926"}],"curies":[{"name":"wp","href":"https:\/\/api.w.org\/{rel}","templated":true}]}}