{"id":36923,"date":"2022-11-27T13:35:29","date_gmt":"2022-11-27T16:35:29","guid":{"rendered":"https:\/\/temucotelevision.cl\/web\/?p=36923"},"modified":"2022-11-27T13:35:30","modified_gmt":"2022-11-27T16:35:30","slug":"subsecretaria-de-educacion-superior-y-demre-entregan-datos-y-consejos-para-la-primera-rendicion-de-la-paes","status":"publish","type":"post","link":"https:\/\/temucotelevision.cl\/web\/2022\/11\/27\/subsecretaria-de-educacion-superior-y-demre-entregan-datos-y-consejos-para-la-primera-rendicion-de-la-paes\/","title":{"rendered":"Subsecretar\u00eda de Educaci\u00f3n Superior y DEMRE entregan datos y consejos para la primera rendici\u00f3n de la PAES\u00a0"},"content":{"rendered":"<div class=\"pvc_clear\"><\/div><p id=\"pvc_stats_36923\" class=\"pvc_stats total_only  \" data-element-id=\"36923\" style=\"\"><i class=\"pvc-stats-icon large\" aria-hidden=\"true\"><svg aria-hidden=\"true\" focusable=\"false\" data-prefix=\"far\" data-icon=\"chart-bar\" role=\"img\" xmlns=\"http:\/\/www.w3.org\/2000\/svg\" viewBox=\"0 0 512 512\" class=\"svg-inline--fa fa-chart-bar fa-w-16 fa-2x\"><path fill=\"currentColor\" d=\"M396.8 352h22.4c6.4 0 12.8-6.4 12.8-12.8V108.8c0-6.4-6.4-12.8-12.8-12.8h-22.4c-6.4 0-12.8 6.4-12.8 12.8v230.4c0 6.4 6.4 12.8 12.8 12.8zm-192 0h22.4c6.4 0 12.8-6.4 12.8-12.8V140.8c0-6.4-6.4-12.8-12.8-12.8h-22.4c-6.4 0-12.8 6.4-12.8 12.8v198.4c0 6.4 6.4 12.8 12.8 12.8zm96 0h22.4c6.4 0 12.8-6.4 12.8-12.8V204.8c0-6.4-6.4-12.8-12.8-12.8h-22.4c-6.4 0-12.8 6.4-12.8 12.8v134.4c0 6.4 6.4 12.8 12.8 12.8zM496 400H48V80c0-8.84-7.16-16-16-16H16C7.16 64 0 71.16 0 80v336c0 17.67 14.33 32 32 32h464c8.84 0 16-7.16 16-16v-16c0-8.84-7.16-16-16-16zm-387.2-48h22.4c6.4 0 12.8-6.4 12.8-12.8v-70.4c0-6.4-6.4-12.8-12.8-12.8h-22.4c-6.4 0-12.8 6.4-12.8 12.8v70.4c0 6.4 6.4 12.8 12.8 12.8z\" class=\"\"><\/path><\/svg><\/i> <img loading=\"lazy\" decoding=\"async\" width=\"16\" height=\"16\" alt=\"Loading\" src=\"https:\/\/temucotelevision.cl\/web\/wp-content\/plugins\/page-views-count\/ajax-loader-2x.gif\" border=0 \/><\/p><div class=\"pvc_clear\"><\/div>\n<ul class=\"wp-block-list\"><li><em>M\u00e1s de 275.000 personas est\u00e1n inscritas para dar la nueva prueba de acceso a la educaci\u00f3n superior, que evaluar\u00e1 competencias y que, entre sus novedades, incorpora un nuevo examen espec\u00edfico de Matem\u00e1tica.&nbsp;<\/em><\/li><\/ul>\n\n\n\n<p>El lunes 28, martes 29 y mi\u00e9rcoles 30 de noviembre se aplicar\u00e1, por primera vez, la nueva Prueba de Acceso a la Educaci\u00f3n Superior (PAES), que reemplazar\u00e1 de forma definitiva a la antigua PSU y a la PDT transitoria. Este nuevo instrumento evaluar\u00e1 las competencias de quienes la rinden, integrando habilidades y conocimientos necesarios para el \u00e9xito en la formaci\u00f3n universitaria. Asimismo, contempla temarios acordes a la priorizaci\u00f3n curricular que realiz\u00f3 el Mineduc y que considera los efectos educacionales de la pandemia.\u00a0<\/p>\n\n\n\n<p>La subsecretaria de Educaci\u00f3n Superior, Ver\u00f3nica Figueroa Huencho, explica que \u201cestas pruebas son el resultado de un trabajo realizado en conjunto con el Comit\u00e9 T\u00e9cnico de Acceso al Subsistema Universitario con el prop\u00f3sito de transitar hacia un sistema de acceso m\u00e1s equitativo y justo, que pone al centro a las y los postulantes y que, adem\u00e1s, reconoce la diversidad de sus talentos\u201d.&nbsp;<\/p>\n\n\n\n<p>Por su parte, la directora de DEMRE, Leonor Varas, enfatiza en que \u201clo principal en estos d\u00edas previos a la rendici\u00f3n de la PAES es que las y los j\u00f3venes compartan con sus amigos, con sus compa\u00f1eros, que practiquen si quieren, pero que tambi\u00e9n se distraigan, descansen y se alimenten bien. La prueba es importante, pero no se va la vida en ella. Hay m\u00e1s oportunidades y opciones, y la vida da muchas vueltas\u201d.&nbsp;<\/p>\n\n\n\n<p>M\u00e1s de 275.000 personas est\u00e1n inscritas para rendir esta primera versi\u00f3n de la PAES. El s\u00e1bado 26 de noviembre, a partir de las 09:00 horas, podr\u00e1n descargar su Tarjeta de Identificaci\u00f3n desde&nbsp;<a href=\"http:\/\/acceso.mineduc.cl\/\" target=\"_blank\" rel=\"noreferrer noopener\">acceso.mineduc.cl<\/a>&nbsp;y&nbsp;<a href=\"https:\/\/nam02.safelinks.protection.outlook.com\/?url=http%3A%2F%2Fwww.demre.cl%2F&amp;data=05%7C01%7Ccomunicaciones.arauc%40mineduc.cl%7C3a18a9ef1c914070b8d408dace501943%7C2e4cfe500580414093874ecde39def60%7C0%7C0%7C638049140681545152%7CUnknown%7CTWFpbGZsb3d8eyJWIjoiMC4wLjAwMDAiLCJQIjoiV2luMzIiLCJBTiI6Ik1haWwiLCJXVCI6Mn0%3D%7C3000%7C%7C%7C&amp;sdata=Rko2G1Bl41G5cTCV0WY2bz3D%2B5J0Gka8fJl%2BbC3HhXI%3D&amp;reserved=0\" target=\"_blank\" rel=\"noreferrer noopener\">www.demre.cl<\/a>, donde se detallar\u00e1 el local y la sala de rendici\u00f3n. Cada postulante debe descargarla, imprimirla y llevarla el d\u00eda de la aplicaci\u00f3n.&nbsp;<\/p>\n\n\n\n<p><strong><u>Recomendaciones para la PAES&nbsp;<\/u><\/strong><\/p>\n\n\n\n<p>Este a\u00f1o, se incluye una nueva prueba de Matem\u00e1tica, por lo tanto, la rendici\u00f3n se llevar\u00e1 a cabo durante tres d\u00edas. El orden de rendici\u00f3n de las pruebas ya no ser\u00e1 el que tradicionalmente se utilizaba, por lo tanto, es importante que las y los postulantes tengan muy claro el d\u00eda y la hora en que se aplicar\u00e1 cada examen:&nbsp;<\/p>\n\n\n\n<figure class=\"wp-block-table\"><table><tbody><tr><td><\/td><td><strong>Lunes 28 de noviembre<\/strong>&nbsp;<\/td><td><strong>Martes 29 de noviembre<\/strong>&nbsp;<\/td><td><strong>Mi\u00e9rcoles 30 de noviembre<\/strong>&nbsp;<\/td><\/tr><tr><td><strong>09.00 horas<\/strong>&nbsp;<\/td><td><\/td><td>Prueba de Competencia Lectora&nbsp;<\/td><td>Prueba de Competencia Matem\u00e1tica 1&nbsp;<\/td><\/tr><tr><td><strong>15.00 horas<\/strong>&nbsp;<\/td><td>Prueba electiva de Ciencias&nbsp;<\/td><td>Prueba de Competencia Matem\u00e1tica 2&nbsp;<\/td><td>Prueba electiva de Historia y Ciencias Sociales&nbsp;<\/td><\/tr><\/tbody><\/table><\/figure>\n\n\n\n<p>Nota: En Rapa Nui todas las pruebas se aplicar\u00e1n una hora antes.&nbsp;<\/p>\n\n\n\n<p><strong>Algunos consejos:&nbsp;<\/strong><\/p>\n\n\n\n<ul class=\"wp-block-list\"><li>Dado que por primera vez en dos a\u00f1os no hay restricciones sanitarias, el llamado es a que las y los postulantes cuiden su salud en los d\u00edas previos. El uso de mascarilla es opcional y tanto las entradas como las salidas de locales estar\u00e1n separadas y se\u00f1alizadas.<\/li><li>No est\u00e1 permitido ingerir alimentos durante la rendici\u00f3n ni compartir art\u00edculos personales.&nbsp;<\/li><\/ul>\n\n\n\n<ul class=\"wp-block-list\"><li>Se recomienda llegar 15 minutos antes del inicio de la aplicaci\u00f3n y se sugiere que las y los estudiantes conozcan bien el trayecto hacia el local para que planifiquen su viaje con antelaci\u00f3n.&nbsp;<\/li><\/ul>\n\n\n\n<ul class=\"wp-block-list\"><li>Cada postulante debe llevar su c\u00e9dula de identidad chilena o pasaporte, seg\u00fan corresponda, l\u00e1piz grafito N\u00b02 o portaminas HB, goma de borrar y su tarjeta de identificaci\u00f3n impresa.&nbsp;<br>&nbsp;<\/li><li>No se permitir\u00e1 el ingreso con aparatos electr\u00f3nicos como celulares, tablets, calculadoras, m\u00e1quinas fotogr\u00e1ficas y relojes inteligentes, entre otros.&nbsp;<br>&nbsp;<\/li><li>Tampoco podr\u00e1n entrar con carteras, bolsos, mochilas o cualquier elemento que no sea necesario durante la prueba.&nbsp;<\/li><\/ul>\n","protected":false},"excerpt":{"rendered":"<div class=\"pvc_clear\"><\/div>\n<p id=\"pvc_stats_36923\" class=\"pvc_stats total_only  \" data-element-id=\"36923\" style=\"\"><i class=\"pvc-stats-icon large\" aria-hidden=\"true\"><svg aria-hidden=\"true\" focusable=\"false\" data-prefix=\"far\" data-icon=\"chart-bar\" role=\"img\" xmlns=\"http:\/\/www.w3.org\/2000\/svg\" viewBox=\"0 0 512 512\" class=\"svg-inline--fa fa-chart-bar fa-w-16 fa-2x\"><path fill=\"currentColor\" d=\"M396.8 352h22.4c6.4 0 12.8-6.4 12.8-12.8V108.8c0-6.4-6.4-12.8-12.8-12.8h-22.4c-6.4 0-12.8 6.4-12.8 12.8v230.4c0 6.4 6.4 12.8 12.8 12.8zm-192 0h22.4c6.4 0 12.8-6.4 12.8-12.8V140.8c0-6.4-6.4-12.8-12.8-12.8h-22.4c-6.4 0-12.8 6.4-12.8 12.8v198.4c0 6.4 6.4 12.8 12.8 12.8zm96 0h22.4c6.4 0 12.8-6.4 12.8-12.8V204.8c0-6.4-6.4-12.8-12.8-12.8h-22.4c-6.4 0-12.8 6.4-12.8 12.8v134.4c0 6.4 6.4 12.8 12.8 12.8zM496 400H48V80c0-8.84-7.16-16-16-16H16C7.16 64 0 71.16 0 80v336c0 17.67 14.33 32 32 32h464c8.84 0 16-7.16 16-16v-16c0-8.84-7.16-16-16-16zm-387.2-48h22.4c6.4 0 12.8-6.4 12.8-12.8v-70.4c0-6.4-6.4-12.8-12.8-12.8h-22.4c-6.4 0-12.8 6.4-12.8 12.8v70.4c0 6.4 6.4 12.8 12.8 12.8z\" class=\"\"><\/path><\/svg><\/i> <img loading=\"lazy\" decoding=\"async\" width=\"16\" height=\"16\" alt=\"Loading\" src=\"https:\/\/temucotelevision.cl\/web\/wp-content\/plugins\/page-views-count\/ajax-loader-2x.gif\" border=0 \/><\/p>\n<div class=\"pvc_clear\"><\/div>\n<p>M\u00e1s de 275.000 personas est\u00e1n inscritas para dar la nueva prueba de acceso a la educaci\u00f3n superior, que evaluar\u00e1 competencias<\/p>\n","protected":false},"author":1,"featured_media":36924,"comment_status":"open","ping_status":"open","sticky":false,"template":"","format":"standard","meta":{"colormag_page_container_layout":"default_layout","colormag_page_sidebar_layout":"default_layout","footnotes":""},"categories":[15],"tags":[2260,2622,148,5681],"class_list":["post-36923","post","type-post","status-publish","format-standard","has-post-thumbnail","hentry","category-la-araucania","tag-consejos","tag-datos","tag-educacion","tag-paes"],"a3_pvc":{"activated":true,"total_views":64,"today_views":0},"_links":{"self":[{"href":"https:\/\/temucotelevision.cl\/web\/wp-json\/wp\/v2\/posts\/36923","targetHints":{"allow":["GET"]}}],"collection":[{"href":"https:\/\/temucotelevision.cl\/web\/wp-json\/wp\/v2\/posts"}],"about":[{"href":"https:\/\/temucotelevision.cl\/web\/wp-json\/wp\/v2\/types\/post"}],"author":[{"embeddable":true,"href":"https:\/\/temucotelevision.cl\/web\/wp-json\/wp\/v2\/users\/1"}],"replies":[{"embeddable":true,"href":"https:\/\/temucotelevision.cl\/web\/wp-json\/wp\/v2\/comments?post=36923"}],"version-history":[{"count":1,"href":"https:\/\/temucotelevision.cl\/web\/wp-json\/wp\/v2\/posts\/36923\/revisions"}],"predecessor-version":[{"id":36925,"href":"https:\/\/temucotelevision.cl\/web\/wp-json\/wp\/v2\/posts\/36923\/revisions\/36925"}],"wp:featuredmedia":[{"embeddable":true,"href":"https:\/\/temucotelevision.cl\/web\/wp-json\/wp\/v2\/media\/36924"}],"wp:attachment":[{"href":"https:\/\/temucotelevision.cl\/web\/wp-json\/wp\/v2\/media?parent=36923"}],"wp:term":[{"taxonomy":"category","embeddable":true,"href":"https:\/\/temucotelevision.cl\/web\/wp-json\/wp\/v2\/categories?post=36923"},{"taxonomy":"post_tag","embeddable":true,"href":"https:\/\/temucotelevision.cl\/web\/wp-json\/wp\/v2\/tags?post=36923"}],"curies":[{"name":"wp","href":"https:\/\/api.w.org\/{rel}","templated":true}]}}