{"id":36906,"date":"2022-11-26T20:22:43","date_gmt":"2022-11-26T23:22:43","guid":{"rendered":"https:\/\/temucotelevision.cl\/web\/?p=36906"},"modified":"2022-11-26T20:22:44","modified_gmt":"2022-11-26T23:22:44","slug":"unidad-de-infectologia-del-hospital-dr-hernan-henriquez-aravena-educara-a-la-comunidad-sobre-el-vih-sida","status":"publish","type":"post","link":"https:\/\/temucotelevision.cl\/web\/2022\/11\/26\/unidad-de-infectologia-del-hospital-dr-hernan-henriquez-aravena-educara-a-la-comunidad-sobre-el-vih-sida\/","title":{"rendered":"Unidad de Infectolog\u00eda del Hospital Dr. Hern\u00e1n Henr\u00edquez Aravena educar\u00e1 a la comunidad sobre el VIH SIDA"},"content":{"rendered":"<div class=\"pvc_clear\"><\/div><p id=\"pvc_stats_36906\" class=\"pvc_stats total_only  \" data-element-id=\"36906\" style=\"\"><i class=\"pvc-stats-icon large\" aria-hidden=\"true\"><svg aria-hidden=\"true\" focusable=\"false\" data-prefix=\"far\" data-icon=\"chart-bar\" role=\"img\" xmlns=\"http:\/\/www.w3.org\/2000\/svg\" viewBox=\"0 0 512 512\" class=\"svg-inline--fa fa-chart-bar fa-w-16 fa-2x\"><path fill=\"currentColor\" d=\"M396.8 352h22.4c6.4 0 12.8-6.4 12.8-12.8V108.8c0-6.4-6.4-12.8-12.8-12.8h-22.4c-6.4 0-12.8 6.4-12.8 12.8v230.4c0 6.4 6.4 12.8 12.8 12.8zm-192 0h22.4c6.4 0 12.8-6.4 12.8-12.8V140.8c0-6.4-6.4-12.8-12.8-12.8h-22.4c-6.4 0-12.8 6.4-12.8 12.8v198.4c0 6.4 6.4 12.8 12.8 12.8zm96 0h22.4c6.4 0 12.8-6.4 12.8-12.8V204.8c0-6.4-6.4-12.8-12.8-12.8h-22.4c-6.4 0-12.8 6.4-12.8 12.8v134.4c0 6.4 6.4 12.8 12.8 12.8zM496 400H48V80c0-8.84-7.16-16-16-16H16C7.16 64 0 71.16 0 80v336c0 17.67 14.33 32 32 32h464c8.84 0 16-7.16 16-16v-16c0-8.84-7.16-16-16-16zm-387.2-48h22.4c6.4 0 12.8-6.4 12.8-12.8v-70.4c0-6.4-6.4-12.8-12.8-12.8h-22.4c-6.4 0-12.8 6.4-12.8 12.8v70.4c0 6.4 6.4 12.8 12.8 12.8z\" class=\"\"><\/path><\/svg><\/i> <img loading=\"lazy\" decoding=\"async\" width=\"16\" height=\"16\" alt=\"Loading\" src=\"https:\/\/temucotelevision.cl\/web\/wp-content\/plugins\/page-views-count\/ajax-loader-2x.gif\" border=0 \/><\/p><div class=\"pvc_clear\"><\/div>\n<p>En el contexto del D\u00eda Mundial de la lucha contra el SIDA que se conmemora todos los 1 de diciembre,&nbsp;con el fin de concientizar y brindar apoyo a las personas que padecen VIH, la Unidad de Infectolog\u00eda del Hospital Regional realizar\u00e1 stands informativos los d\u00edas 28, 29 y 30 de diciembre a contar de las 11.00 y hasta las 16.00 hrs.&nbsp;<\/p>\n\n\n\n<p>El objetivo principal de esta actividad es dar a conocer el programa PrEP a la comunidad, fomentar conciencia en torno a la prevenci\u00f3n del virus de inmunodeficiencia humana (VIH) y aumentar su pesquisa a trav\u00e9s de 67 testeos r\u00e1pidos diarios que se realizar\u00e1n durante la jornada.&nbsp;<\/p>\n\n\n\n<p>La mortalidad causada por el VIH ha disminuido, por el acceso universal a la terapia antirretroviral, sin embargo, los contagios siguen creciendo, y los mitos y estigmatizaci\u00f3n sobre la enfermedad persisten, obstaculizando su comprensi\u00f3n y prevenci\u00f3n.&nbsp; De ah\u00ed el llamado del equipo hospitalario a la poblaci\u00f3n es a realizarse el examen, ya que ser portador de VIH es una enfermedad que puede afectar a cualquier persona, pero existen los mecanismos para prevenirla y su tratamiento est\u00e1 garantizado a trav\u00e9s del AUGE.<\/p>\n\n\n\n<p>La \u00fanica gran diferencia en el control de la pandemia VIH es que los profesionales de la salud, la poblaci\u00f3n portadora del virus y la poblaci\u00f3n general tenga responsabilidad y alturas de miras al tratar este tema. La educaci\u00f3n y la cultura son los recursos m\u00e1s importantes que se necesitan para combatirla.<\/p>\n\n\n\n<p><strong>Tratamiento preventivo PreP<\/strong><\/p>\n\n\n\n<p>En la oportunidad se educar\u00e1 a las personas asistentes respecto al tratamiento preventivo PreP que es un programa orientado a reducir el riesgo de adquirir VIH. Para acceder a este programa es de suma relevancia conocer su serolog\u00eda (a trav\u00e9s de examen), pues es una estrategia de prevenci\u00f3n para los sero negativos\u201d.<\/p>\n\n\n\n<p>El objetivo de dar a conocer esta forma de tratamiento es que existe desconocimiento sobre la importancia de que sea preventivo al virus del VIH y consiste en la toma de un medicamento para reducir el riesgo de adquirirlo. El PrEP est\u00e1 disponible en el Hospital, pero se debe cumplir con ciertos requisitos para llegar al programa.<\/p>\n","protected":false},"excerpt":{"rendered":"<div class=\"pvc_clear\"><\/div>\n<p id=\"pvc_stats_36906\" class=\"pvc_stats total_only  \" data-element-id=\"36906\" style=\"\"><i class=\"pvc-stats-icon large\" aria-hidden=\"true\"><svg aria-hidden=\"true\" focusable=\"false\" data-prefix=\"far\" data-icon=\"chart-bar\" role=\"img\" xmlns=\"http:\/\/www.w3.org\/2000\/svg\" viewBox=\"0 0 512 512\" class=\"svg-inline--fa fa-chart-bar fa-w-16 fa-2x\"><path fill=\"currentColor\" d=\"M396.8 352h22.4c6.4 0 12.8-6.4 12.8-12.8V108.8c0-6.4-6.4-12.8-12.8-12.8h-22.4c-6.4 0-12.8 6.4-12.8 12.8v230.4c0 6.4 6.4 12.8 12.8 12.8zm-192 0h22.4c6.4 0 12.8-6.4 12.8-12.8V140.8c0-6.4-6.4-12.8-12.8-12.8h-22.4c-6.4 0-12.8 6.4-12.8 12.8v198.4c0 6.4 6.4 12.8 12.8 12.8zm96 0h22.4c6.4 0 12.8-6.4 12.8-12.8V204.8c0-6.4-6.4-12.8-12.8-12.8h-22.4c-6.4 0-12.8 6.4-12.8 12.8v134.4c0 6.4 6.4 12.8 12.8 12.8zM496 400H48V80c0-8.84-7.16-16-16-16H16C7.16 64 0 71.16 0 80v336c0 17.67 14.33 32 32 32h464c8.84 0 16-7.16 16-16v-16c0-8.84-7.16-16-16-16zm-387.2-48h22.4c6.4 0 12.8-6.4 12.8-12.8v-70.4c0-6.4-6.4-12.8-12.8-12.8h-22.4c-6.4 0-12.8 6.4-12.8 12.8v70.4c0 6.4 6.4 12.8 12.8 12.8z\" class=\"\"><\/path><\/svg><\/i> <img loading=\"lazy\" decoding=\"async\" width=\"16\" height=\"16\" alt=\"Loading\" src=\"https:\/\/temucotelevision.cl\/web\/wp-content\/plugins\/page-views-count\/ajax-loader-2x.gif\" border=0 \/><\/p>\n<div class=\"pvc_clear\"><\/div>\n<p>En el contexto del D\u00eda Mundial de la lucha contra el SIDA que se conmemora todos los 1 de diciembre,&nbsp;con<\/p>\n","protected":false},"author":1,"featured_media":36907,"comment_status":"open","ping_status":"open","sticky":false,"template":"","format":"standard","meta":{"colormag_page_container_layout":"default_layout","colormag_page_sidebar_layout":"default_layout","footnotes":""},"categories":[15],"tags":[1038,128,5982,234],"class_list":["post-36906","post","type-post","status-publish","format-standard","has-post-thumbnail","hentry","category-la-araucania","tag-comunidad","tag-hospital","tag-sida","tag-vih"],"a3_pvc":{"activated":true,"total_views":91,"today_views":0},"_links":{"self":[{"href":"https:\/\/temucotelevision.cl\/web\/wp-json\/wp\/v2\/posts\/36906","targetHints":{"allow":["GET"]}}],"collection":[{"href":"https:\/\/temucotelevision.cl\/web\/wp-json\/wp\/v2\/posts"}],"about":[{"href":"https:\/\/temucotelevision.cl\/web\/wp-json\/wp\/v2\/types\/post"}],"author":[{"embeddable":true,"href":"https:\/\/temucotelevision.cl\/web\/wp-json\/wp\/v2\/users\/1"}],"replies":[{"embeddable":true,"href":"https:\/\/temucotelevision.cl\/web\/wp-json\/wp\/v2\/comments?post=36906"}],"version-history":[{"count":1,"href":"https:\/\/temucotelevision.cl\/web\/wp-json\/wp\/v2\/posts\/36906\/revisions"}],"predecessor-version":[{"id":36908,"href":"https:\/\/temucotelevision.cl\/web\/wp-json\/wp\/v2\/posts\/36906\/revisions\/36908"}],"wp:featuredmedia":[{"embeddable":true,"href":"https:\/\/temucotelevision.cl\/web\/wp-json\/wp\/v2\/media\/36907"}],"wp:attachment":[{"href":"https:\/\/temucotelevision.cl\/web\/wp-json\/wp\/v2\/media?parent=36906"}],"wp:term":[{"taxonomy":"category","embeddable":true,"href":"https:\/\/temucotelevision.cl\/web\/wp-json\/wp\/v2\/categories?post=36906"},{"taxonomy":"post_tag","embeddable":true,"href":"https:\/\/temucotelevision.cl\/web\/wp-json\/wp\/v2\/tags?post=36906"}],"curies":[{"name":"wp","href":"https:\/\/api.w.org\/{rel}","templated":true}]}}