{"id":36895,"date":"2022-11-26T17:12:44","date_gmt":"2022-11-26T20:12:44","guid":{"rendered":"https:\/\/temucotelevision.cl\/web\/?p=36895"},"modified":"2022-11-27T13:21:42","modified_gmt":"2022-11-27T16:21:42","slug":"inmobiliaria-plaenge-debera-ir-a-evaluacion-por-afectar-biodiversidad-en-fundo-el-carmen","status":"publish","type":"post","link":"https:\/\/temucotelevision.cl\/web\/2022\/11\/26\/inmobiliaria-plaenge-debera-ir-a-evaluacion-por-afectar-biodiversidad-en-fundo-el-carmen\/","title":{"rendered":"Inmobiliaria Plaenge deber\u00e1 ir a evaluaci\u00f3n por afectar biodiversidad en Fundo El Carmen"},"content":{"rendered":"<div class=\"pvc_clear\"><\/div><p id=\"pvc_stats_36895\" class=\"pvc_stats total_only  \" data-element-id=\"36895\" style=\"\"><i class=\"pvc-stats-icon large\" aria-hidden=\"true\"><svg aria-hidden=\"true\" focusable=\"false\" data-prefix=\"far\" data-icon=\"chart-bar\" role=\"img\" xmlns=\"http:\/\/www.w3.org\/2000\/svg\" viewBox=\"0 0 512 512\" class=\"svg-inline--fa fa-chart-bar fa-w-16 fa-2x\"><path fill=\"currentColor\" d=\"M396.8 352h22.4c6.4 0 12.8-6.4 12.8-12.8V108.8c0-6.4-6.4-12.8-12.8-12.8h-22.4c-6.4 0-12.8 6.4-12.8 12.8v230.4c0 6.4 6.4 12.8 12.8 12.8zm-192 0h22.4c6.4 0 12.8-6.4 12.8-12.8V140.8c0-6.4-6.4-12.8-12.8-12.8h-22.4c-6.4 0-12.8 6.4-12.8 12.8v198.4c0 6.4 6.4 12.8 12.8 12.8zm96 0h22.4c6.4 0 12.8-6.4 12.8-12.8V204.8c0-6.4-6.4-12.8-12.8-12.8h-22.4c-6.4 0-12.8 6.4-12.8 12.8v134.4c0 6.4 6.4 12.8 12.8 12.8zM496 400H48V80c0-8.84-7.16-16-16-16H16C7.16 64 0 71.16 0 80v336c0 17.67 14.33 32 32 32h464c8.84 0 16-7.16 16-16v-16c0-8.84-7.16-16-16-16zm-387.2-48h22.4c6.4 0 12.8-6.4 12.8-12.8v-70.4c0-6.4-6.4-12.8-12.8-12.8h-22.4c-6.4 0-12.8 6.4-12.8 12.8v70.4c0 6.4 6.4 12.8 12.8 12.8z\" class=\"\"><\/path><\/svg><\/i> <img loading=\"lazy\" decoding=\"async\" width=\"16\" height=\"16\" alt=\"Loading\" src=\"https:\/\/temucotelevision.cl\/web\/wp-content\/plugins\/page-views-count\/ajax-loader-2x.gif\" border=0 \/><\/p><div class=\"pvc_clear\"><\/div>\n<p><strong><em>Fiscalizaciones fueron realizadas por SuperIntendencia de Medio Ambiente a proyecto que incluye 188 casas ubicadas en Av. Luis Duran de Temuco<\/em><\/strong>, resultado de denuncia de ex Core Daniel Sandoval y comunidades<\/p>\n\n\n\n<p>Exigir la evaluaci\u00f3n ambiental del proyecto inmobiliario terranova home en el sector Fundo El Carmen, fue el resultado del requerimiento de fiscalizaci\u00f3n que solicit\u00f3 el ex \u2013 consejero regional Daniel Sandoval (FREVS) y las comunidades del sector a la Superintendencia de Medio Ambiente, esto tras detectar en terreno afectaci\u00f3n al humedal Lircay y su biodiversidad adem\u00e1s de superar la superficie requerida para ingresar a evaluaci\u00f3n.<\/p>\n\n\n\n<p>Para Daniel Sandoval, periodista y ex consejero regional de La Araucania, \u201caqu\u00ed hubo una eventual elusi\u00f3n al sistema de evaluaci\u00f3n de impacto ambiental, con el objeto de buscar disfrazar o evitar ingresar a este sistema que busca resguardar el patrimonio ambiental de todas y todos bajo la nueva ley de humedales urbanos, por ello se necesita de empresas que cumplan con la normativa donde el desarrollo inmobiliario sea con respeto, dialogo y convivencia con todos los tipos de vida que colindan con estas iniciativas\u201d.<\/p>\n\n\n\n<p>Agreg\u00f3 el ex Core militante de la Federaci\u00f3n Regionalista Verde \u201cque esta denuncia la formulamos junto a la comunidad Antonio Huilcapan y la Asociacion We-nepen de Lircay, donde junto a Conaf y a la Superintendencia de Medio Ambiente, recorrimos el territorio percatandonos de una serie de afectaciones que debe resguardar el sistema de evaluaci\u00f3n de impacto ambiental SEA\u201d.<\/p>\n\n\n\n<p>\u201cEsperamos que tras el informe de fiscalizaci\u00f3n que concluy\u00f3 que el\u00a0proyecto inmobiliaria Terranova se emplaza en una superficie mayor a 7 ha y que presenta una descarga de aguas lluvias en el Humedal Estero Lircay, sin duda, son elementos que deben ser presentados al SEA, los que esperamos sean trabajados y subsanados por la empresa y as\u00ed cumplir con la legislaci\u00f3n ambiental que resguarda la biodiversidad de nuestro pa\u00eds\u201d, finaliz\u00f3 Daniel Sandoval.<\/p>\n\n\n\n<figure class=\"wp-block-image size-full\"><img loading=\"lazy\" decoding=\"async\" width=\"960\" height=\"960\" src=\"https:\/\/temucotelevision.cl\/web\/wp-content\/uploads\/2022\/11\/Fundo-El-Carmen2.jpg\" alt=\"\" class=\"wp-image-36921\" srcset=\"https:\/\/temucotelevision.cl\/web\/wp-content\/uploads\/2022\/11\/Fundo-El-Carmen2.jpg 960w, https:\/\/temucotelevision.cl\/web\/wp-content\/uploads\/2022\/11\/Fundo-El-Carmen2-768x768.jpg 768w\" sizes=\"auto, (max-width: 960px) 100vw, 960px\" \/><\/figure>\n\n\n\n<figure class=\"wp-block-image size-full\"><img loading=\"lazy\" decoding=\"async\" width=\"1024\" height=\"473\" src=\"https:\/\/temucotelevision.cl\/web\/wp-content\/uploads\/2022\/11\/Fundo-El-Carmen.jpg\" alt=\"\" class=\"wp-image-36916\" srcset=\"https:\/\/temucotelevision.cl\/web\/wp-content\/uploads\/2022\/11\/Fundo-El-Carmen.jpg 1024w, https:\/\/temucotelevision.cl\/web\/wp-content\/uploads\/2022\/11\/Fundo-El-Carmen-768x355.jpg 768w\" sizes=\"auto, (max-width: 1024px) 100vw, 1024px\" \/><\/figure>\n\n\n\n<div data-wp-interactive=\"core\/file\" class=\"wp-block-file\"><object data-wp-bind--hidden=\"!state.hasPdfPreview\" hidden class=\"wp-block-file__embed\" data=\"https:\/\/temucotelevision.cl\/web\/wp-content\/uploads\/2022\/11\/comprobante-denuncia-digital_N14196_20210819.pdf\" type=\"application\/pdf\" style=\"width:100%;height:600px\" aria-label=\"Incrustado de Embed of comprobante-denuncia-digital_N14196_20210819..\"><\/object><a id=\"wp-block-file--media-83395e14-75c5-4933-8968-37caa9394ea4\" href=\"https:\/\/temucotelevision.cl\/web\/wp-content\/uploads\/2022\/11\/comprobante-denuncia-digital_N14196_20210819.pdf\">comprobante-denuncia-digital_N14196_20210819<\/a><a href=\"https:\/\/temucotelevision.cl\/web\/wp-content\/uploads\/2022\/11\/comprobante-denuncia-digital_N14196_20210819.pdf\" class=\"wp-block-file__button\" download aria-describedby=\"wp-block-file--media-83395e14-75c5-4933-8968-37caa9394ea4\">Descargar<\/a><\/div>\n\n\n\n<div data-wp-interactive=\"core\/file\" class=\"wp-block-file\"><object data-wp-bind--hidden=\"!state.hasPdfPreview\" hidden class=\"wp-block-file__embed\" data=\"https:\/\/temucotelevision.cl\/web\/wp-content\/uploads\/2022\/11\/IFA-SRCA-Inmobiliaria-terranova_04.07.202-F.pdf\" type=\"application\/pdf\" style=\"width:100%;height:600px\" aria-label=\"Incrustado de Embed of IFA-SRCA-Inmobiliaria-terranova_04.07.202-F..\"><\/object><a id=\"wp-block-file--media-ba278a96-3d12-4214-b870-6a5c7c60960d\" href=\"https:\/\/temucotelevision.cl\/web\/wp-content\/uploads\/2022\/11\/IFA-SRCA-Inmobiliaria-terranova_04.07.202-F.pdf\">IFA-SRCA-Inmobiliaria-terranova_04.07.202-F<\/a><a href=\"https:\/\/temucotelevision.cl\/web\/wp-content\/uploads\/2022\/11\/IFA-SRCA-Inmobiliaria-terranova_04.07.202-F.pdf\" class=\"wp-block-file__button\" download aria-describedby=\"wp-block-file--media-ba278a96-3d12-4214-b870-6a5c7c60960d\">Descargar<\/a><\/div>\n","protected":false},"excerpt":{"rendered":"<div class=\"pvc_clear\"><\/div>\n<p id=\"pvc_stats_36895\" class=\"pvc_stats total_only  \" data-element-id=\"36895\" style=\"\"><i class=\"pvc-stats-icon large\" aria-hidden=\"true\"><svg aria-hidden=\"true\" focusable=\"false\" data-prefix=\"far\" data-icon=\"chart-bar\" role=\"img\" xmlns=\"http:\/\/www.w3.org\/2000\/svg\" viewBox=\"0 0 512 512\" class=\"svg-inline--fa fa-chart-bar fa-w-16 fa-2x\"><path fill=\"currentColor\" d=\"M396.8 352h22.4c6.4 0 12.8-6.4 12.8-12.8V108.8c0-6.4-6.4-12.8-12.8-12.8h-22.4c-6.4 0-12.8 6.4-12.8 12.8v230.4c0 6.4 6.4 12.8 12.8 12.8zm-192 0h22.4c6.4 0 12.8-6.4 12.8-12.8V140.8c0-6.4-6.4-12.8-12.8-12.8h-22.4c-6.4 0-12.8 6.4-12.8 12.8v198.4c0 6.4 6.4 12.8 12.8 12.8zm96 0h22.4c6.4 0 12.8-6.4 12.8-12.8V204.8c0-6.4-6.4-12.8-12.8-12.8h-22.4c-6.4 0-12.8 6.4-12.8 12.8v134.4c0 6.4 6.4 12.8 12.8 12.8zM496 400H48V80c0-8.84-7.16-16-16-16H16C7.16 64 0 71.16 0 80v336c0 17.67 14.33 32 32 32h464c8.84 0 16-7.16 16-16v-16c0-8.84-7.16-16-16-16zm-387.2-48h22.4c6.4 0 12.8-6.4 12.8-12.8v-70.4c0-6.4-6.4-12.8-12.8-12.8h-22.4c-6.4 0-12.8 6.4-12.8 12.8v70.4c0 6.4 6.4 12.8 12.8 12.8z\" class=\"\"><\/path><\/svg><\/i> <img loading=\"lazy\" decoding=\"async\" width=\"16\" height=\"16\" alt=\"Loading\" src=\"https:\/\/temucotelevision.cl\/web\/wp-content\/plugins\/page-views-count\/ajax-loader-2x.gif\" border=0 \/><\/p>\n<div class=\"pvc_clear\"><\/div>\n<p>Fiscalizaciones fueron realizadas por SuperIntendencia de Medio Ambiente a proyecto que incluye 188 casas ubicadas en Av. Luis Duran de<\/p>\n","protected":false},"author":1,"featured_media":36896,"comment_status":"open","ping_status":"open","sticky":false,"template":"","format":"standard","meta":{"colormag_page_container_layout":"default_layout","colormag_page_sidebar_layout":"default_layout","footnotes":""},"categories":[14],"tags":[5614,3467,5980,5981],"class_list":["post-36895","post","type-post","status-publish","format-standard","has-post-thumbnail","hentry","category-temuco","tag-biodiversidad","tag-fundo-el-carmen","tag-inmoviliaria","tag-plaenge"],"a3_pvc":{"activated":true,"total_views":115,"today_views":0},"_links":{"self":[{"href":"https:\/\/temucotelevision.cl\/web\/wp-json\/wp\/v2\/posts\/36895","targetHints":{"allow":["GET"]}}],"collection":[{"href":"https:\/\/temucotelevision.cl\/web\/wp-json\/wp\/v2\/posts"}],"about":[{"href":"https:\/\/temucotelevision.cl\/web\/wp-json\/wp\/v2\/types\/post"}],"author":[{"embeddable":true,"href":"https:\/\/temucotelevision.cl\/web\/wp-json\/wp\/v2\/users\/1"}],"replies":[{"embeddable":true,"href":"https:\/\/temucotelevision.cl\/web\/wp-json\/wp\/v2\/comments?post=36895"}],"version-history":[{"count":6,"href":"https:\/\/temucotelevision.cl\/web\/wp-json\/wp\/v2\/posts\/36895\/revisions"}],"predecessor-version":[{"id":36922,"href":"https:\/\/temucotelevision.cl\/web\/wp-json\/wp\/v2\/posts\/36895\/revisions\/36922"}],"wp:featuredmedia":[{"embeddable":true,"href":"https:\/\/temucotelevision.cl\/web\/wp-json\/wp\/v2\/media\/36896"}],"wp:attachment":[{"href":"https:\/\/temucotelevision.cl\/web\/wp-json\/wp\/v2\/media?parent=36895"}],"wp:term":[{"taxonomy":"category","embeddable":true,"href":"https:\/\/temucotelevision.cl\/web\/wp-json\/wp\/v2\/categories?post=36895"},{"taxonomy":"post_tag","embeddable":true,"href":"https:\/\/temucotelevision.cl\/web\/wp-json\/wp\/v2\/tags?post=36895"}],"curies":[{"name":"wp","href":"https:\/\/api.w.org\/{rel}","templated":true}]}}