{"id":36890,"date":"2022-11-26T17:07:27","date_gmt":"2022-11-26T20:07:27","guid":{"rendered":"https:\/\/temucotelevision.cl\/web\/?p=36890"},"modified":"2022-11-26T17:07:28","modified_gmt":"2022-11-26T20:07:28","slug":"mercado-de-abastos-de-curacautin-y-el-parque-isla-cautin-de-temuco-fueron-galardonados-en-la-octava-version-del-premio-aporte-urbano","status":"publish","type":"post","link":"https:\/\/temucotelevision.cl\/web\/2022\/11\/26\/mercado-de-abastos-de-curacautin-y-el-parque-isla-cautin-de-temuco-fueron-galardonados-en-la-octava-version-del-premio-aporte-urbano\/","title":{"rendered":"Mercado de Abastos de Curacaut\u00edn y el Parque Isla Caut\u00edn de Temuco fueron galardonados en la octava versi\u00f3n del Premio Aporte Urbano"},"content":{"rendered":"<div class=\"pvc_clear\"><\/div><p id=\"pvc_stats_36890\" class=\"pvc_stats total_only  \" data-element-id=\"36890\" style=\"\"><i class=\"pvc-stats-icon large\" aria-hidden=\"true\"><svg aria-hidden=\"true\" focusable=\"false\" data-prefix=\"far\" data-icon=\"chart-bar\" role=\"img\" xmlns=\"http:\/\/www.w3.org\/2000\/svg\" viewBox=\"0 0 512 512\" class=\"svg-inline--fa fa-chart-bar fa-w-16 fa-2x\"><path fill=\"currentColor\" d=\"M396.8 352h22.4c6.4 0 12.8-6.4 12.8-12.8V108.8c0-6.4-6.4-12.8-12.8-12.8h-22.4c-6.4 0-12.8 6.4-12.8 12.8v230.4c0 6.4 6.4 12.8 12.8 12.8zm-192 0h22.4c6.4 0 12.8-6.4 12.8-12.8V140.8c0-6.4-6.4-12.8-12.8-12.8h-22.4c-6.4 0-12.8 6.4-12.8 12.8v198.4c0 6.4 6.4 12.8 12.8 12.8zm96 0h22.4c6.4 0 12.8-6.4 12.8-12.8V204.8c0-6.4-6.4-12.8-12.8-12.8h-22.4c-6.4 0-12.8 6.4-12.8 12.8v134.4c0 6.4 6.4 12.8 12.8 12.8zM496 400H48V80c0-8.84-7.16-16-16-16H16C7.16 64 0 71.16 0 80v336c0 17.67 14.33 32 32 32h464c8.84 0 16-7.16 16-16v-16c0-8.84-7.16-16-16-16zm-387.2-48h22.4c6.4 0 12.8-6.4 12.8-12.8v-70.4c0-6.4-6.4-12.8-12.8-12.8h-22.4c-6.4 0-12.8 6.4-12.8 12.8v70.4c0 6.4 6.4 12.8 12.8 12.8z\" class=\"\"><\/path><\/svg><\/i> <img loading=\"lazy\" decoding=\"async\" width=\"16\" height=\"16\" alt=\"Loading\" src=\"https:\/\/temucotelevision.cl\/web\/wp-content\/plugins\/page-views-count\/ajax-loader-2x.gif\" border=0 \/><\/p><div class=\"pvc_clear\"><\/div>\n<p><em>Las obras de infraestructura p\u00fablica fueron distinguidas en las categor\u00edas &#8220;Mejor proyecto de equipamiento o edificio de uso mixto&#8221; y &#8220;mejor proyecto de espacio de uso p\u00fablico &#8211; escala comunal&#8221; respectivamente.<\/em><\/p>\n\n\n\n<figure class=\"wp-block-image size-full\"><img loading=\"lazy\" decoding=\"async\" width=\"1024\" height=\"576\" src=\"https:\/\/temucotelevision.cl\/web\/wp-content\/uploads\/2022\/11\/PLAZA_DE_LA_INFANCIA_1.jpg\" alt=\"\" class=\"wp-image-36893\" srcset=\"https:\/\/temucotelevision.cl\/web\/wp-content\/uploads\/2022\/11\/PLAZA_DE_LA_INFANCIA_1.jpg 1024w, https:\/\/temucotelevision.cl\/web\/wp-content\/uploads\/2022\/11\/PLAZA_DE_LA_INFANCIA_1-768x432.jpg 768w\" sizes=\"auto, (max-width: 1024px) 100vw, 1024px\" \/><\/figure>\n\n\n\n<p>Con la presencia del ministro de Vivienda y Urbanismo Carlos Montes, el presidente de la C\u00e1mara Chilena de la Construcci\u00f3n (CChC), Juan Armando Vicu\u00f1a, y el director del Premio Aporte Urbano, Crist\u00f3bal Prado, fueron premiados los proyectos regionales Mercado de Abastos de Curacaut\u00edn y el Parque Isla Caut\u00edn de Temuco en la versi\u00f3n 2022 del PAU.&nbsp;<\/p>\n\n\n\n<p>El Premio Aporte Urbano, concurso de car\u00e1cter nacional que visibiliza aquellas obras significativas para su entorno inmediato, tanto en materia de densificaci\u00f3n, como de utilidad y aporte para la comunidad, reuni\u00f3 a 18 proyectos de todo el pa\u00eds.<\/p>\n\n\n\n<p>Al respecto, la seremi de Vivienda, Ximena Sep\u00falveda, se\u00f1al\u00f3 que \u201cestamos s\u00faper orgullosos como Minvu Araucan\u00eda, que re\u00fane a nuestra Seremi y el SERVIU, porque tenemos un equipo fabuloso que hace maravillas y que gracias a ellos hoy hemos recibido este reconocimiento nacional en la premiaci\u00f3n del Premio Aporte Urbano. Ten\u00edamos tres nominaciones, de las cuales ganamos dos, un motivo de orgullo por la calidad de profesionales con que contamos en nuestra regi\u00f3n.&nbsp;Queremos seguir avanzando en aportar al desarrollo urbano de nuestros territorios y seguir el mandato de nuestro presidente y ministro que es avanzar en territorios que nos cuiden\u201d.<\/p>\n\n\n\n<p>Por su parte, el presidente de la CChC Temuco, Luis Felipe Braithwaite, destac\u00f3 que \u201ccomo gremio de la construcci\u00f3n estamos muy felices de que nuestra regi\u00f3n destaque por la calidad de sus obras. Ya lo hemos dicho, la Araucan\u00eda es un referente por el nivel de su industria de la construcci\u00f3n, que es conformada por profesionales especialistas y constructoras y esta es una muestra m\u00e1s de ello. Ambas obras emblem\u00e1ticas de nuestra regi\u00f3n son un ejemplo de espacio p\u00fablico de calidad y debemos seguir trabajando, de la mano p\u00fablico y privada, en desarrollar proyectos que impacten en mejorar la calidad de vida de nuestros&nbsp;habitantes\u201d.<\/p>\n\n\n\n<p>En la misma l\u00ednea, el director regional del SERVIU, Jos\u00e9 Luis Sep\u00falveda, expres\u00f3 que \u201cquiero agradecer a todos nuestras y nuestros colegas, tanto de la seremi de Vivienda como del Serviu Araucan\u00eda, por el importante reconocimiento que hemos recibido por dos de nuestras m\u00faltiples obras, pero muy emblem\u00e1ticas, como son el Parque Isla Caut\u00edn y el Mercado de Abastos de Curacaut\u00edn, ambos proyectos que recibieron este reconocimiento nacional como mejor obra de espacio p\u00fablico y mejor proyecto de equipamiento 2022\u201d.<\/p>\n\n\n\n<p>Asimismo, el alcalde de Temuco, Roberto Neira, reiter\u00f3 la importancia de \u201chaber destacado a nivel nacional por contar con obras p\u00fablicas de calidad. Gracias al Parque Isla Caut\u00edn hemos sido premiados por contar con el parque de uso urbano m\u00e1s importante de Chile\u201d.<\/p>\n\n\n\n<p>El alcalde de Curacaut\u00edn, V\u00edctor Barrera, en tanto, profundiz\u00f3 en que \u201cpara nosotros es sumamente importante haber ganado este premio, porque somos una provincia que necesita de estas cosas buenas para pasar algunos malos momentos en materia de seguridad. Vamos a seguir en esta senda, este fue un programa de peque\u00f1as localidades que se gan\u00f3 en 2016 y ahora nos ganamos otro fondo del mismo programa que se enfocar\u00e1 en la construcci\u00f3n de infraestructura siempre en armon\u00eda con nuestro territorio. Este espacio le ha cambiado la cara a Curacaut\u00edn, porque cobija historia y testimonios a trav\u00e9s de los emprendedores que dan vida al mercado en diferentes rubros. Agradecer al equipo del Minvu regional y del Serviu que hacen posible generar estos proyectos en base a la necesidad de la gente y los territorios\u201d.<\/p>\n\n\n\n<p><strong>Proyectos premiados<\/strong><\/p>\n\n\n\n<p>En la categor\u00eda \u201cMejor proyecto de equipamiento o edificio de uso mixto\u201d fue premiado el Mercado de Abastos de Curacaut\u00edn, proyecto que naci\u00f3 gracias al Programa para Peque\u00f1as Localidades del Ministerio de Vivienda y Urbanismo,&nbsp;que apost\u00f3 por convertir a Curacaut\u00edn en una plataforma de servicios locales y tur\u00edsticos que potencien nuevos emprendimientos locales.<\/p>\n\n\n\n<p>Esta obra se emplaza de manera conjunta con el nuevo Terminal Rodoviario, obra que reconstruye la antigua estaci\u00f3n ferroviaria del ramal P\u00faa- Lonquimay, incluyendo su plaza como un lugar de encuentro ciudadano. Se genera, entre ambas obras, un conjunto arm\u00f3nico que definir\u00e1 la nueva puerta de entrada hacia los destinos tur\u00edsticos de la comuna.<\/p>\n\n\n\n<p>La construcci\u00f3n del Parque Urbano Isla Caut\u00edn, por su parte, se llev\u00f3 la distinci\u00f3n a \u201cMejor proyecto de espacio de uso p\u00fablico &#8211; escala comunal\u201d,&nbsp;obra que se constituye como un parche ecol\u00f3gico de 27 hect\u00e1reas que contribuye a la conectividad de los sistemas naturales conformados por el corredor R\u00edo Caut\u00edn, el Cerro \u00d1ielol y el cerro Conun Huenu.<\/p>\n\n\n\n<p>Este proyecto contempla diversos programas recreativos, culturales y deportivos organizados en torno a un \u00e1rea verde central, conectados por circulaciones interiores y con accesibilidad desde los tres principales ejes que lo delimitan: avenida Los Poetas, avenida Prat, y la nueva Avenida Isla Caut\u00edn.<\/p>\n\n\n\n<p>El PAU es un premio que se entrega a\u00f1o a a\u00f1o y que es promovido por El Ministerio de Vivienda y Urbanismo, el Consejo Nacional de Desarrollo Urbano, el Colegio de Arquitectos de Chile, la Asociaci\u00f3n de Desarrolladores Inmobiliarios, la Asociaci\u00f3n de Oficinas de Arquitectos de Chile y la C\u00e1mara Chilena de la Construcci\u00f3n.<\/p>\n\n\n\n<figure class=\"wp-block-image size-large\"><img loading=\"lazy\" decoding=\"async\" width=\"1024\" height=\"683\" src=\"https:\/\/temucotelevision.cl\/web\/wp-content\/uploads\/2022\/11\/Obras2-1024x683.jpg\" alt=\"\" class=\"wp-image-36892\" srcset=\"https:\/\/temucotelevision.cl\/web\/wp-content\/uploads\/2022\/11\/Obras2-1024x683.jpg 1024w, https:\/\/temucotelevision.cl\/web\/wp-content\/uploads\/2022\/11\/Obras2-768x512.jpg 768w, https:\/\/temucotelevision.cl\/web\/wp-content\/uploads\/2022\/11\/Obras2-1536x1024.jpg 1536w, https:\/\/temucotelevision.cl\/web\/wp-content\/uploads\/2022\/11\/Obras2.jpg 1620w\" sizes=\"auto, (max-width: 1024px) 100vw, 1024px\" \/><\/figure>\n","protected":false},"excerpt":{"rendered":"<div class=\"pvc_clear\"><\/div>\n<p id=\"pvc_stats_36890\" class=\"pvc_stats total_only  \" data-element-id=\"36890\" style=\"\"><i class=\"pvc-stats-icon large\" aria-hidden=\"true\"><svg aria-hidden=\"true\" focusable=\"false\" data-prefix=\"far\" data-icon=\"chart-bar\" role=\"img\" xmlns=\"http:\/\/www.w3.org\/2000\/svg\" viewBox=\"0 0 512 512\" class=\"svg-inline--fa fa-chart-bar fa-w-16 fa-2x\"><path fill=\"currentColor\" d=\"M396.8 352h22.4c6.4 0 12.8-6.4 12.8-12.8V108.8c0-6.4-6.4-12.8-12.8-12.8h-22.4c-6.4 0-12.8 6.4-12.8 12.8v230.4c0 6.4 6.4 12.8 12.8 12.8zm-192 0h22.4c6.4 0 12.8-6.4 12.8-12.8V140.8c0-6.4-6.4-12.8-12.8-12.8h-22.4c-6.4 0-12.8 6.4-12.8 12.8v198.4c0 6.4 6.4 12.8 12.8 12.8zm96 0h22.4c6.4 0 12.8-6.4 12.8-12.8V204.8c0-6.4-6.4-12.8-12.8-12.8h-22.4c-6.4 0-12.8 6.4-12.8 12.8v134.4c0 6.4 6.4 12.8 12.8 12.8zM496 400H48V80c0-8.84-7.16-16-16-16H16C7.16 64 0 71.16 0 80v336c0 17.67 14.33 32 32 32h464c8.84 0 16-7.16 16-16v-16c0-8.84-7.16-16-16-16zm-387.2-48h22.4c6.4 0 12.8-6.4 12.8-12.8v-70.4c0-6.4-6.4-12.8-12.8-12.8h-22.4c-6.4 0-12.8 6.4-12.8 12.8v70.4c0 6.4 6.4 12.8 12.8 12.8z\" class=\"\"><\/path><\/svg><\/i> <img loading=\"lazy\" decoding=\"async\" width=\"16\" height=\"16\" alt=\"Loading\" src=\"https:\/\/temucotelevision.cl\/web\/wp-content\/plugins\/page-views-count\/ajax-loader-2x.gif\" border=0 \/><\/p>\n<div class=\"pvc_clear\"><\/div>\n<p>Las obras de infraestructura p\u00fablica fueron distinguidas en las categor\u00edas &#8220;Mejor proyecto de equipamiento o edificio de uso mixto&#8221; y<\/p>\n","protected":false},"author":1,"featured_media":36891,"comment_status":"open","ping_status":"open","sticky":false,"template":"","format":"standard","meta":{"colormag_page_container_layout":"default_layout","colormag_page_sidebar_layout":"default_layout","footnotes":""},"categories":[15],"tags":[2286,361,360,527,333,279,4638],"class_list":["post-36890","post","type-post","status-publish","format-standard","has-post-thumbnail","hentry","category-la-araucania","tag-aporte","tag-cautin","tag-isla","tag-mercado","tag-obras","tag-parque","tag-urbano"],"a3_pvc":{"activated":true,"total_views":167,"today_views":0},"_links":{"self":[{"href":"https:\/\/temucotelevision.cl\/web\/wp-json\/wp\/v2\/posts\/36890","targetHints":{"allow":["GET"]}}],"collection":[{"href":"https:\/\/temucotelevision.cl\/web\/wp-json\/wp\/v2\/posts"}],"about":[{"href":"https:\/\/temucotelevision.cl\/web\/wp-json\/wp\/v2\/types\/post"}],"author":[{"embeddable":true,"href":"https:\/\/temucotelevision.cl\/web\/wp-json\/wp\/v2\/users\/1"}],"replies":[{"embeddable":true,"href":"https:\/\/temucotelevision.cl\/web\/wp-json\/wp\/v2\/comments?post=36890"}],"version-history":[{"count":1,"href":"https:\/\/temucotelevision.cl\/web\/wp-json\/wp\/v2\/posts\/36890\/revisions"}],"predecessor-version":[{"id":36894,"href":"https:\/\/temucotelevision.cl\/web\/wp-json\/wp\/v2\/posts\/36890\/revisions\/36894"}],"wp:featuredmedia":[{"embeddable":true,"href":"https:\/\/temucotelevision.cl\/web\/wp-json\/wp\/v2\/media\/36891"}],"wp:attachment":[{"href":"https:\/\/temucotelevision.cl\/web\/wp-json\/wp\/v2\/media?parent=36890"}],"wp:term":[{"taxonomy":"category","embeddable":true,"href":"https:\/\/temucotelevision.cl\/web\/wp-json\/wp\/v2\/categories?post=36890"},{"taxonomy":"post_tag","embeddable":true,"href":"https:\/\/temucotelevision.cl\/web\/wp-json\/wp\/v2\/tags?post=36890"}],"curies":[{"name":"wp","href":"https:\/\/api.w.org\/{rel}","templated":true}]}}