{"id":36885,"date":"2022-11-26T16:24:15","date_gmt":"2022-11-26T19:24:15","guid":{"rendered":"https:\/\/temucotelevision.cl\/web\/?p=36885"},"modified":"2022-11-26T16:24:16","modified_gmt":"2022-11-26T19:24:16","slug":"diputado-becker-por-premio-a-parque-urbano-isla-cautin-es-una-alegria-y-satisfaccion","status":"publish","type":"post","link":"https:\/\/temucotelevision.cl\/web\/2022\/11\/26\/diputado-becker-por-premio-a-parque-urbano-isla-cautin-es-una-alegria-y-satisfaccion\/","title":{"rendered":"Diputado Becker por premio a Parque Urbano Isla Caut\u00edn: &#8220;Es una alegr\u00eda y satisfacci\u00f3n&#8221;"},"content":{"rendered":"<div class=\"pvc_clear\"><\/div><p id=\"pvc_stats_36885\" class=\"pvc_stats total_only  \" data-element-id=\"36885\" style=\"\"><i class=\"pvc-stats-icon large\" aria-hidden=\"true\"><svg aria-hidden=\"true\" focusable=\"false\" data-prefix=\"far\" data-icon=\"chart-bar\" role=\"img\" xmlns=\"http:\/\/www.w3.org\/2000\/svg\" viewBox=\"0 0 512 512\" class=\"svg-inline--fa fa-chart-bar fa-w-16 fa-2x\"><path fill=\"currentColor\" d=\"M396.8 352h22.4c6.4 0 12.8-6.4 12.8-12.8V108.8c0-6.4-6.4-12.8-12.8-12.8h-22.4c-6.4 0-12.8 6.4-12.8 12.8v230.4c0 6.4 6.4 12.8 12.8 12.8zm-192 0h22.4c6.4 0 12.8-6.4 12.8-12.8V140.8c0-6.4-6.4-12.8-12.8-12.8h-22.4c-6.4 0-12.8 6.4-12.8 12.8v198.4c0 6.4 6.4 12.8 12.8 12.8zm96 0h22.4c6.4 0 12.8-6.4 12.8-12.8V204.8c0-6.4-6.4-12.8-12.8-12.8h-22.4c-6.4 0-12.8 6.4-12.8 12.8v134.4c0 6.4 6.4 12.8 12.8 12.8zM496 400H48V80c0-8.84-7.16-16-16-16H16C7.16 64 0 71.16 0 80v336c0 17.67 14.33 32 32 32h464c8.84 0 16-7.16 16-16v-16c0-8.84-7.16-16-16-16zm-387.2-48h22.4c6.4 0 12.8-6.4 12.8-12.8v-70.4c0-6.4-6.4-12.8-12.8-12.8h-22.4c-6.4 0-12.8 6.4-12.8 12.8v70.4c0 6.4 6.4 12.8 12.8 12.8z\" class=\"\"><\/path><\/svg><\/i> <img loading=\"lazy\" decoding=\"async\" width=\"16\" height=\"16\" alt=\"Loading\" src=\"https:\/\/temucotelevision.cl\/web\/wp-content\/plugins\/page-views-count\/ajax-loader-2x.gif\" border=0 \/><\/p><div class=\"pvc_clear\"><\/div>\n<p><em>El principal parque urbano de Temuco fue reconocido como el Mejor Proyecto de Espacio de Uso P\u00fablico a Escala Comunal<\/em><\/p>\n\n\n\n<p>&nbsp;&nbsp;&nbsp;&nbsp;&nbsp;&nbsp;&nbsp;&nbsp;&nbsp;&nbsp;&nbsp;&nbsp;&nbsp;&nbsp;&nbsp;&nbsp;&nbsp;&nbsp;Este jueves la C\u00e1mara Chilena de la Construcci\u00f3n desarroll\u00f3 la ceremonia de premiaci\u00f3n del concurso Premio Aporte Urbano 2022, que distingue a los proyectos nacionales que destacan por su aporte a su espacio p\u00fablico y calidad de vida de los territorios y personas.<\/p>\n\n\n\n<p>En la octava versi\u00f3n del evento, organizado por la C\u00e1mara Chilena de la Construcci\u00f3n y el Ministerio de Vivienda y Urbanismo, junto al Consejo de Desarrollo Urbano, la Asociaci\u00f3n de Desarrolladores Inmobiliarios, la Asociaci\u00f3n de Oficinas de Arquitectos y el Colegio de Arquitectos, se premi\u00f3 a iniciativas que generen impactos positivos en el pa\u00eds.<\/p>\n\n\n\n<p>En esta versi\u00f3n, se reconoci\u00f3 a proyectos en las categor\u00edas Mejor Proyecto Inmobiliario de Densificaci\u00f3n Equilibrada; Mejor Proyecto de Integraci\u00f3n Social; Mejor proyecto de Equipamiento o Edificio de Uso Mixto; Mejor Proyecto de Intervenci\u00f3n Patrimonial y Mejor Proyecto de Espacio de Uso P\u00fablico. En esta \u00faltima categor\u00eda se distingui\u00f3 la construcci\u00f3n del Parque Urbano Isla Caut\u00edn.&nbsp;<\/p>\n\n\n\n<p>Durante la premiaci\u00f3n se destac\u00f3 que la&nbsp;obra&nbsp;emplazada&nbsp;en un predio de 27 hect\u00e1reas&nbsp;se trata de \u201cun parque sustentable, con alta rentabilidad social, costos de mantenci\u00f3n adecuados y bajas tasas de consumo h\u00eddrico y energ\u00e9tico. Adem\u00e1s de un \u201cparche\u201d ecol\u00f3gico, que contribuye a la conectividad de los sistemas naturales conformados por el corredor r\u00edo Caut\u00edn, Cerro \u00d1ielol y cerro Conun Huenu\u201d<\/p>\n\n\n\n<p>Tras conocer el reconocimiento, el exalcalde de Temuco y art\u00edfice del proyecto del parque, Miguel Becker, manifest\u00f3 que el premio \u201ces una alegr\u00eda y satisfacci\u00f3n ver que este hermoso sue\u00f1o que comenzamos hace a\u00f1os hoy recibe la distinci\u00f3n como el mejor proyecto de espacio de uso p\u00fablico comunal en Chile, en los Premios Aporte Urbano\u201d.<\/p>\n\n\n\n<p>Por ello, el actual diputado agradeci\u00f3 y felicit\u00f3 \u201ca todas las personas que estuvieron detr\u00e1s de esta maravillosa obra que le pertenece a Temuco y La Araucan\u00eda\u201d<\/p>\n","protected":false},"excerpt":{"rendered":"<div class=\"pvc_clear\"><\/div>\n<p id=\"pvc_stats_36885\" class=\"pvc_stats total_only  \" data-element-id=\"36885\" style=\"\"><i class=\"pvc-stats-icon large\" aria-hidden=\"true\"><svg aria-hidden=\"true\" focusable=\"false\" data-prefix=\"far\" data-icon=\"chart-bar\" role=\"img\" xmlns=\"http:\/\/www.w3.org\/2000\/svg\" viewBox=\"0 0 512 512\" class=\"svg-inline--fa fa-chart-bar fa-w-16 fa-2x\"><path fill=\"currentColor\" d=\"M396.8 352h22.4c6.4 0 12.8-6.4 12.8-12.8V108.8c0-6.4-6.4-12.8-12.8-12.8h-22.4c-6.4 0-12.8 6.4-12.8 12.8v230.4c0 6.4 6.4 12.8 12.8 12.8zm-192 0h22.4c6.4 0 12.8-6.4 12.8-12.8V140.8c0-6.4-6.4-12.8-12.8-12.8h-22.4c-6.4 0-12.8 6.4-12.8 12.8v198.4c0 6.4 6.4 12.8 12.8 12.8zm96 0h22.4c6.4 0 12.8-6.4 12.8-12.8V204.8c0-6.4-6.4-12.8-12.8-12.8h-22.4c-6.4 0-12.8 6.4-12.8 12.8v134.4c0 6.4 6.4 12.8 12.8 12.8zM496 400H48V80c0-8.84-7.16-16-16-16H16C7.16 64 0 71.16 0 80v336c0 17.67 14.33 32 32 32h464c8.84 0 16-7.16 16-16v-16c0-8.84-7.16-16-16-16zm-387.2-48h22.4c6.4 0 12.8-6.4 12.8-12.8v-70.4c0-6.4-6.4-12.8-12.8-12.8h-22.4c-6.4 0-12.8 6.4-12.8 12.8v70.4c0 6.4 6.4 12.8 12.8 12.8z\" class=\"\"><\/path><\/svg><\/i> <img loading=\"lazy\" decoding=\"async\" width=\"16\" height=\"16\" alt=\"Loading\" src=\"https:\/\/temucotelevision.cl\/web\/wp-content\/plugins\/page-views-count\/ajax-loader-2x.gif\" border=0 \/><\/p>\n<div class=\"pvc_clear\"><\/div>\n<p>El principal parque urbano de Temuco fue reconocido como el Mejor Proyecto de Espacio de Uso P\u00fablico a Escala Comunal<\/p>\n","protected":false},"author":1,"featured_media":12824,"comment_status":"open","ping_status":"open","sticky":false,"template":"","format":"standard","meta":{"colormag_page_container_layout":"default_layout","colormag_page_sidebar_layout":"default_layout","footnotes":""},"categories":[84],"tags":[467,361,154,360,279],"class_list":["post-36885","post","type-post","status-publish","format-standard","has-post-thumbnail","hentry","category-politica","tag-becker","tag-cautin","tag-diputado","tag-isla","tag-parque"],"a3_pvc":{"activated":true,"total_views":113,"today_views":0},"_links":{"self":[{"href":"https:\/\/temucotelevision.cl\/web\/wp-json\/wp\/v2\/posts\/36885","targetHints":{"allow":["GET"]}}],"collection":[{"href":"https:\/\/temucotelevision.cl\/web\/wp-json\/wp\/v2\/posts"}],"about":[{"href":"https:\/\/temucotelevision.cl\/web\/wp-json\/wp\/v2\/types\/post"}],"author":[{"embeddable":true,"href":"https:\/\/temucotelevision.cl\/web\/wp-json\/wp\/v2\/users\/1"}],"replies":[{"embeddable":true,"href":"https:\/\/temucotelevision.cl\/web\/wp-json\/wp\/v2\/comments?post=36885"}],"version-history":[{"count":1,"href":"https:\/\/temucotelevision.cl\/web\/wp-json\/wp\/v2\/posts\/36885\/revisions"}],"predecessor-version":[{"id":36886,"href":"https:\/\/temucotelevision.cl\/web\/wp-json\/wp\/v2\/posts\/36885\/revisions\/36886"}],"wp:featuredmedia":[{"embeddable":true,"href":"https:\/\/temucotelevision.cl\/web\/wp-json\/wp\/v2\/media\/12824"}],"wp:attachment":[{"href":"https:\/\/temucotelevision.cl\/web\/wp-json\/wp\/v2\/media?parent=36885"}],"wp:term":[{"taxonomy":"category","embeddable":true,"href":"https:\/\/temucotelevision.cl\/web\/wp-json\/wp\/v2\/categories?post=36885"},{"taxonomy":"post_tag","embeddable":true,"href":"https:\/\/temucotelevision.cl\/web\/wp-json\/wp\/v2\/tags?post=36885"}],"curies":[{"name":"wp","href":"https:\/\/api.w.org\/{rel}","templated":true}]}}