{"id":36882,"date":"2022-11-26T16:12:34","date_gmt":"2022-11-26T19:12:34","guid":{"rendered":"https:\/\/temucotelevision.cl\/web\/?p=36882"},"modified":"2022-11-26T16:12:34","modified_gmt":"2022-11-26T19:12:34","slug":"educacion-y-onemi-realizan-acciones-de-actualizacion-del-plan-de-seguridad-escolar","status":"publish","type":"post","link":"https:\/\/temucotelevision.cl\/web\/2022\/11\/26\/educacion-y-onemi-realizan-acciones-de-actualizacion-del-plan-de-seguridad-escolar\/","title":{"rendered":"Educaci\u00f3n y ONEMI\u00a0\u00a0realizan acciones de actualizaci\u00f3n del Plan de Seguridad Escolar\u00a0"},"content":{"rendered":"<div class=\"pvc_clear\"><\/div><p id=\"pvc_stats_36882\" class=\"pvc_stats total_only  \" data-element-id=\"36882\" style=\"\"><i class=\"pvc-stats-icon large\" aria-hidden=\"true\"><svg aria-hidden=\"true\" focusable=\"false\" data-prefix=\"far\" data-icon=\"chart-bar\" role=\"img\" xmlns=\"http:\/\/www.w3.org\/2000\/svg\" viewBox=\"0 0 512 512\" class=\"svg-inline--fa fa-chart-bar fa-w-16 fa-2x\"><path fill=\"currentColor\" d=\"M396.8 352h22.4c6.4 0 12.8-6.4 12.8-12.8V108.8c0-6.4-6.4-12.8-12.8-12.8h-22.4c-6.4 0-12.8 6.4-12.8 12.8v230.4c0 6.4 6.4 12.8 12.8 12.8zm-192 0h22.4c6.4 0 12.8-6.4 12.8-12.8V140.8c0-6.4-6.4-12.8-12.8-12.8h-22.4c-6.4 0-12.8 6.4-12.8 12.8v198.4c0 6.4 6.4 12.8 12.8 12.8zm96 0h22.4c6.4 0 12.8-6.4 12.8-12.8V204.8c0-6.4-6.4-12.8-12.8-12.8h-22.4c-6.4 0-12.8 6.4-12.8 12.8v134.4c0 6.4 6.4 12.8 12.8 12.8zM496 400H48V80c0-8.84-7.16-16-16-16H16C7.16 64 0 71.16 0 80v336c0 17.67 14.33 32 32 32h464c8.84 0 16-7.16 16-16v-16c0-8.84-7.16-16-16-16zm-387.2-48h22.4c6.4 0 12.8-6.4 12.8-12.8v-70.4c0-6.4-6.4-12.8-12.8-12.8h-22.4c-6.4 0-12.8 6.4-12.8 12.8v70.4c0 6.4 6.4 12.8 12.8 12.8z\" class=\"\"><\/path><\/svg><\/i> <img loading=\"lazy\" decoding=\"async\" width=\"16\" height=\"16\" alt=\"Loading\" src=\"https:\/\/temucotelevision.cl\/web\/wp-content\/plugins\/page-views-count\/ajax-loader-2x.gif\" border=0 \/><\/p><div class=\"pvc_clear\"><\/div>\n<p><em>Capacitaci\u00f3n reuni\u00f3 a representantes de establecimientos&nbsp;&nbsp;de toda la regi\u00f3n&nbsp;<\/em><\/p>\n\n\n\n<p><strong>\u00a0<\/strong>\u201cPlan Integral de Seguridad Escolar\u201d (PISE) se denomina el documento que cada establecimiento educacional debe mantener ante posibles situaciones de emergencia, y que tras reuni\u00f3n sostenida entre la directora de ONEMI, Janet Medrano, la seremi de Educaci\u00f3n, Mar\u00eda Isabel Mari\u00f1anco, los jefes provinciales y la directora (s) de la Superintendencia de Educaci\u00f3n, Norka Silva, se estableci\u00f3 actualizar en las escuelas y liceos de la regi\u00f3n.\u00a0<\/p>\n\n\n\n<p>Lo anterior, a trav\u00e9s de una capacitaci\u00f3n online la cual fue dirigida a todos los directores de Establecimientos Educacionales y Encargados PISE de cada establecimiento de la regi\u00f3n, la cual cont\u00f3 con la participaci\u00f3n de cerca de 200 personas, entre las que destacaron funcionarios de educaci\u00f3n, Servicio Local Costa Araucan\u00eda y Superintendencia de educaci\u00f3n.&nbsp;&nbsp;<\/p>\n\n\n\n<p>Para la titular regional de educaci\u00f3n, la realizaci\u00f3n de esta jornada cobra a\u00fan mayor relevancia en atenci\u00f3n al trabajo conjunto que la Serem\u00eda y&nbsp;&nbsp;ONEMI se encuentran realizando en el marco de la alerta amarilla del Volc\u00e1n Villarrica.&nbsp;&nbsp;<\/p>\n\n\n\n<p>\u201cFue una jornada interactiva y participativa con una duraci\u00f3n de 3 horas, y en la cual se trataron tem\u00e1ticas de Emergencias, Gesti\u00f3n del Riesgo de Desastres, los diferentes escenarios de Riesgos existentes en la regi\u00f3n, y principalmente la actualizaci\u00f3n de los Planes PISE de los establecimientos con un enfoque en la reducci\u00f3n del riesgo de desastres, y que cumplan los objetivos de una forma eficiente y eficaz, participativa e inclusiva para atender situaciones de emergencia, desastres y cat\u00e1strofes\u201d, precis\u00f3 \u00c1lvaro Cheuqueman, encargado del Departamento de gesti\u00f3n del riesgo de desastres de ONEMI Araucan\u00eda.&nbsp;&nbsp;<\/p>\n\n\n\n<p>La actividad culmin\u00f3 con una evaluaci\u00f3n y posterior certificaci\u00f3n de los establecimientos aprobados y que cuenten con RBD vigente a la fecha.&nbsp;<\/p>\n","protected":false},"excerpt":{"rendered":"<div class=\"pvc_clear\"><\/div>\n<p id=\"pvc_stats_36882\" class=\"pvc_stats total_only  \" data-element-id=\"36882\" style=\"\"><i class=\"pvc-stats-icon large\" aria-hidden=\"true\"><svg aria-hidden=\"true\" focusable=\"false\" data-prefix=\"far\" data-icon=\"chart-bar\" role=\"img\" xmlns=\"http:\/\/www.w3.org\/2000\/svg\" viewBox=\"0 0 512 512\" class=\"svg-inline--fa fa-chart-bar fa-w-16 fa-2x\"><path fill=\"currentColor\" d=\"M396.8 352h22.4c6.4 0 12.8-6.4 12.8-12.8V108.8c0-6.4-6.4-12.8-12.8-12.8h-22.4c-6.4 0-12.8 6.4-12.8 12.8v230.4c0 6.4 6.4 12.8 12.8 12.8zm-192 0h22.4c6.4 0 12.8-6.4 12.8-12.8V140.8c0-6.4-6.4-12.8-12.8-12.8h-22.4c-6.4 0-12.8 6.4-12.8 12.8v198.4c0 6.4 6.4 12.8 12.8 12.8zm96 0h22.4c6.4 0 12.8-6.4 12.8-12.8V204.8c0-6.4-6.4-12.8-12.8-12.8h-22.4c-6.4 0-12.8 6.4-12.8 12.8v134.4c0 6.4 6.4 12.8 12.8 12.8zM496 400H48V80c0-8.84-7.16-16-16-16H16C7.16 64 0 71.16 0 80v336c0 17.67 14.33 32 32 32h464c8.84 0 16-7.16 16-16v-16c0-8.84-7.16-16-16-16zm-387.2-48h22.4c6.4 0 12.8-6.4 12.8-12.8v-70.4c0-6.4-6.4-12.8-12.8-12.8h-22.4c-6.4 0-12.8 6.4-12.8 12.8v70.4c0 6.4 6.4 12.8 12.8 12.8z\" class=\"\"><\/path><\/svg><\/i> <img loading=\"lazy\" decoding=\"async\" width=\"16\" height=\"16\" alt=\"Loading\" src=\"https:\/\/temucotelevision.cl\/web\/wp-content\/plugins\/page-views-count\/ajax-loader-2x.gif\" border=0 \/><\/p>\n<div class=\"pvc_clear\"><\/div>\n<p>Capacitaci\u00f3n reuni\u00f3 a representantes de establecimientos&nbsp;&nbsp;de toda la regi\u00f3n&nbsp; \u00a0\u201cPlan Integral de Seguridad Escolar\u201d (PISE) se denomina el documento que<\/p>\n","protected":false},"author":1,"featured_media":36883,"comment_status":"open","ping_status":"open","sticky":false,"template":"","format":"standard","meta":{"colormag_page_container_layout":"default_layout","colormag_page_sidebar_layout":"default_layout","footnotes":""},"categories":[15],"tags":[148,660,292,205],"class_list":["post-36882","post","type-post","status-publish","format-standard","has-post-thumbnail","hentry","category-la-araucania","tag-educacion","tag-escolar","tag-onemi","tag-plan"],"a3_pvc":{"activated":true,"total_views":47,"today_views":0},"_links":{"self":[{"href":"https:\/\/temucotelevision.cl\/web\/wp-json\/wp\/v2\/posts\/36882","targetHints":{"allow":["GET"]}}],"collection":[{"href":"https:\/\/temucotelevision.cl\/web\/wp-json\/wp\/v2\/posts"}],"about":[{"href":"https:\/\/temucotelevision.cl\/web\/wp-json\/wp\/v2\/types\/post"}],"author":[{"embeddable":true,"href":"https:\/\/temucotelevision.cl\/web\/wp-json\/wp\/v2\/users\/1"}],"replies":[{"embeddable":true,"href":"https:\/\/temucotelevision.cl\/web\/wp-json\/wp\/v2\/comments?post=36882"}],"version-history":[{"count":1,"href":"https:\/\/temucotelevision.cl\/web\/wp-json\/wp\/v2\/posts\/36882\/revisions"}],"predecessor-version":[{"id":36884,"href":"https:\/\/temucotelevision.cl\/web\/wp-json\/wp\/v2\/posts\/36882\/revisions\/36884"}],"wp:featuredmedia":[{"embeddable":true,"href":"https:\/\/temucotelevision.cl\/web\/wp-json\/wp\/v2\/media\/36883"}],"wp:attachment":[{"href":"https:\/\/temucotelevision.cl\/web\/wp-json\/wp\/v2\/media?parent=36882"}],"wp:term":[{"taxonomy":"category","embeddable":true,"href":"https:\/\/temucotelevision.cl\/web\/wp-json\/wp\/v2\/categories?post=36882"},{"taxonomy":"post_tag","embeddable":true,"href":"https:\/\/temucotelevision.cl\/web\/wp-json\/wp\/v2\/tags?post=36882"}],"curies":[{"name":"wp","href":"https:\/\/api.w.org\/{rel}","templated":true}]}}