{"id":36878,"date":"2022-11-26T09:08:10","date_gmt":"2022-11-26T12:08:10","guid":{"rendered":"https:\/\/temucotelevision.cl\/web\/?p=36878"},"modified":"2022-11-26T09:08:10","modified_gmt":"2022-11-26T12:08:10","slug":"compania-diosa-camelia-estrena-obra-inspirada-en-la-vida-de-una-partera-de-tolten","status":"publish","type":"post","link":"https:\/\/temucotelevision.cl\/web\/2022\/11\/26\/compania-diosa-camelia-estrena-obra-inspirada-en-la-vida-de-una-partera-de-tolten\/","title":{"rendered":"Compa\u00f1\u00eda Diosa Camelia estrena obra inspirada en la vida de una partera de Tolt\u00e9n"},"content":{"rendered":"<div class=\"pvc_clear\"><\/div><p id=\"pvc_stats_36878\" class=\"pvc_stats total_only  \" data-element-id=\"36878\" style=\"\"><i class=\"pvc-stats-icon large\" aria-hidden=\"true\"><svg aria-hidden=\"true\" focusable=\"false\" data-prefix=\"far\" data-icon=\"chart-bar\" role=\"img\" xmlns=\"http:\/\/www.w3.org\/2000\/svg\" viewBox=\"0 0 512 512\" class=\"svg-inline--fa fa-chart-bar fa-w-16 fa-2x\"><path fill=\"currentColor\" d=\"M396.8 352h22.4c6.4 0 12.8-6.4 12.8-12.8V108.8c0-6.4-6.4-12.8-12.8-12.8h-22.4c-6.4 0-12.8 6.4-12.8 12.8v230.4c0 6.4 6.4 12.8 12.8 12.8zm-192 0h22.4c6.4 0 12.8-6.4 12.8-12.8V140.8c0-6.4-6.4-12.8-12.8-12.8h-22.4c-6.4 0-12.8 6.4-12.8 12.8v198.4c0 6.4 6.4 12.8 12.8 12.8zm96 0h22.4c6.4 0 12.8-6.4 12.8-12.8V204.8c0-6.4-6.4-12.8-12.8-12.8h-22.4c-6.4 0-12.8 6.4-12.8 12.8v134.4c0 6.4 6.4 12.8 12.8 12.8zM496 400H48V80c0-8.84-7.16-16-16-16H16C7.16 64 0 71.16 0 80v336c0 17.67 14.33 32 32 32h464c8.84 0 16-7.16 16-16v-16c0-8.84-7.16-16-16-16zm-387.2-48h22.4c6.4 0 12.8-6.4 12.8-12.8v-70.4c0-6.4-6.4-12.8-12.8-12.8h-22.4c-6.4 0-12.8 6.4-12.8 12.8v70.4c0 6.4 6.4 12.8 12.8 12.8z\" class=\"\"><\/path><\/svg><\/i> <img loading=\"lazy\" decoding=\"async\" width=\"16\" height=\"16\" alt=\"Loading\" src=\"https:\/\/temucotelevision.cl\/web\/wp-content\/plugins\/page-views-count\/ajax-loader-2x.gif\" border=0 \/><\/p><div class=\"pvc_clear\"><\/div>\n<p><em>La primera funci\u00f3n de la obra Mam\u00e1 Adelina ser\u00e1 el viernes 2 de diciembre a las 20 horas en el Gimnasio Municipal de Villa Los Boldos y al d\u00eda siguiente habr\u00e1 otra funci\u00f3n en el Gimnasio Municipal de Queule, tambi\u00e9n a las 20 horas, ambas localidades de Tolt\u00e9n. Otras fechas ser\u00e1n en Perquenco, Padre Las Casas y en Temuco. La entrada es liberada.<\/em><\/p>\n\n\n\n<p><strong>CULTURA.-<\/strong> Ya concluyendo un largo proceso creativo, la compa\u00f1\u00eda de teatro oriunda de Temuco y alrededores, Diosa Camelia, tiene confirmadas las fechas de itinerancia, por cuatro comunas de la Regi\u00f3n de La Araucan\u00eda, de su nueva obra \u201cMam\u00e1 Adelina\u201d.<\/p>\n\n\n\n<p>El montaje, financiado por el Fondo de Fomento y Desarrollo de las Artes Esc\u00e9nicas del Ministerio de Culturas, Artes y Patrimonio de Chile, cuenta la historia de una mujer al servicio de la naturaleza. Una partera y sanadora tradicional que protege el territorio que habita, \u201clugar que cuidar\u00e1 de las amenazas de fuerzas oscuras y poderosas que se ocultan en las fronteras y buscan destruir ese lugar contenedor de vida y magia\u201d, cuenta Jasmine Medina, directora y productora de la obra que tendr\u00e1 su estreno en Villa Los Boldos, localidad ubicada en la comuna de Tolt\u00e9n.<\/p>\n\n\n\n<p><strong>MAM\u00c1 ADELINA<\/strong><\/p>\n\n\n\n<p>La historia est\u00e1 basada en Adelina del Carmen Salas Carrillo, nacida en el a\u00f1o 1911 en Puerto Saavedra. Una mujer que vivi\u00f3 en Villa los Boldos, Tolt\u00e9n, hasta su fallecimiento en el a\u00f1o 1975. \u201cEra la partera y m\u00e9dica del pueblo de mi madre, Hilia Sep\u00falveda, y desde que yo era peque\u00f1a ella me contaba las historias de Mam\u00e1 Adelina, me contaba c\u00f3mo presenci\u00f3 el parto de su hermano menor en casa, y c\u00f3mo todos los partos de mi abuela fueron de esa manera\u201d, relata la directora de la obra que, adem\u00e1s, extendi\u00f3 sus agradecimientos a Artimidoro Neira, hijo de Adelina, \u201cpor compartir informaci\u00f3n generosa acerca de su madre\u201d.<\/p>\n\n\n\n<p>La obra toma vida gracias al trabajo en dise\u00f1o, m\u00fasica y creaci\u00f3n esc\u00e9nica de&nbsp; distintos artistas de la regi\u00f3n que conforman la agrupaci\u00f3n. El montaje no cuenta la historia de vida de la partera Adelina sino m\u00e1s bien, a trav\u00e9s de la ficci\u00f3n, busca conectarse con otros temas pol\u00edticos y medioambientales como la sobreexplotaci\u00f3n de las tierras por parte de la industria forestal y la escasez de agua que trae como consecuencia.&nbsp;<\/p>\n\n\n\n<p><strong>ITINERANCIA<\/strong><\/p>\n\n\n\n<p>Hay cinco fechas programadas en cuatro comunas de la regi\u00f3n. El estreno del montaje est\u00e1 fijado en dos localidades pertenecientes a la comuna de Tolt\u00e9n el viernes 2 de diciembre, a las 20 horas en el Gimnasio Municipal de Villa Los Boldos y el d\u00eda siguiente, el s\u00e1bado 3 de diciembre, en el Gimnasio Municipal de Queule, tambi\u00e9n a las 20 horas.&nbsp;<\/p>\n\n\n\n<p>Hasta el Centro Cultural de la comuna de Perquenco llegar\u00e1 la compa\u00f1\u00eda Diosa Camelia con una funci\u00f3n de la obra Mam\u00e1 Adelina, el viernes 9 de diciembre a las 19 horas.<\/p>\n\n\n\n<p>El Centro Cultural de Padre Las Casas ser\u00e1 escenario de la obra el s\u00e1bado 10 de diciembre a las 19 horas, mientras que en Temuco, el domingo 11 de diciembre a las 17 horas, llega a la Biblioteca Galo Sep\u00falveda ubicada en Arturo Prat #42. Todas las funciones son gratuitas y recomendadas para mayores de 7 a\u00f1os.<\/p>\n\n\n\n<p><strong>DIOSA CAMELIA<\/strong><\/p>\n\n\n\n<p>El elenco de la compa\u00f1\u00eda Diosa Camelia, para la obra Mam\u00e1 Adelina, est\u00e1 conformado por mujeres profesionales de las artes esc\u00e9nicas, Marioly Torres, Daniela Gonz\u00e1lez, Mar\u00eda-Paula Mora, Paula Mardones y Consuelo Henr\u00edquez . En la m\u00fasica y composici\u00f3n est\u00e1n Macarena Bernales y Maryorie Illanes. Guiadas por&nbsp; el equipo de Direcci\u00f3n compuesto por Daniela P\u00e9rez en la asistencia de direcci\u00f3n y Dise\u00f1o Integral, y Jasmine Medina en la Direcci\u00f3n. El gui\u00f3n fue construido con el apoyo del dramaturgo, Tomas Henriquez.&nbsp;&nbsp;<\/p>\n\n\n\n<p>El equipo de dise\u00f1o y confecci\u00f3n del vestuario de la obra est\u00e1 integrado por Constanza D\u00edaz en vestuario y Cristian Contreras en escenograf\u00eda. La t\u00e9cnica del montaje la lleva Javier Millar con el dise\u00f1o de Iluminaci\u00f3n y Celin Castaing en el dise\u00f1o de sonido.<\/p>\n\n\n\n<figure class=\"wp-block-image aligncenter size-large\"><img loading=\"lazy\" decoding=\"async\" width=\"723\" height=\"1024\" src=\"https:\/\/temucotelevision.cl\/web\/wp-content\/uploads\/2022\/11\/Afiche_mama_Adelina_page-0001-1-723x1024.jpg\" alt=\"\" class=\"wp-image-36880\" srcset=\"https:\/\/temucotelevision.cl\/web\/wp-content\/uploads\/2022\/11\/Afiche_mama_Adelina_page-0001-1-723x1024.jpg 723w, https:\/\/temucotelevision.cl\/web\/wp-content\/uploads\/2022\/11\/Afiche_mama_Adelina_page-0001-1-768x1087.jpg 768w, https:\/\/temucotelevision.cl\/web\/wp-content\/uploads\/2022\/11\/Afiche_mama_Adelina_page-0001-1.jpg 893w\" sizes=\"auto, (max-width: 723px) 100vw, 723px\" \/><\/figure>\n","protected":false},"excerpt":{"rendered":"<div class=\"pvc_clear\"><\/div>\n<p id=\"pvc_stats_36878\" class=\"pvc_stats total_only  \" data-element-id=\"36878\" style=\"\"><i class=\"pvc-stats-icon large\" aria-hidden=\"true\"><svg aria-hidden=\"true\" focusable=\"false\" data-prefix=\"far\" data-icon=\"chart-bar\" role=\"img\" xmlns=\"http:\/\/www.w3.org\/2000\/svg\" viewBox=\"0 0 512 512\" class=\"svg-inline--fa fa-chart-bar fa-w-16 fa-2x\"><path fill=\"currentColor\" d=\"M396.8 352h22.4c6.4 0 12.8-6.4 12.8-12.8V108.8c0-6.4-6.4-12.8-12.8-12.8h-22.4c-6.4 0-12.8 6.4-12.8 12.8v230.4c0 6.4 6.4 12.8 12.8 12.8zm-192 0h22.4c6.4 0 12.8-6.4 12.8-12.8V140.8c0-6.4-6.4-12.8-12.8-12.8h-22.4c-6.4 0-12.8 6.4-12.8 12.8v198.4c0 6.4 6.4 12.8 12.8 12.8zm96 0h22.4c6.4 0 12.8-6.4 12.8-12.8V204.8c0-6.4-6.4-12.8-12.8-12.8h-22.4c-6.4 0-12.8 6.4-12.8 12.8v134.4c0 6.4 6.4 12.8 12.8 12.8zM496 400H48V80c0-8.84-7.16-16-16-16H16C7.16 64 0 71.16 0 80v336c0 17.67 14.33 32 32 32h464c8.84 0 16-7.16 16-16v-16c0-8.84-7.16-16-16-16zm-387.2-48h22.4c6.4 0 12.8-6.4 12.8-12.8v-70.4c0-6.4-6.4-12.8-12.8-12.8h-22.4c-6.4 0-12.8 6.4-12.8 12.8v70.4c0 6.4 6.4 12.8 12.8 12.8z\" class=\"\"><\/path><\/svg><\/i> <img loading=\"lazy\" decoding=\"async\" width=\"16\" height=\"16\" alt=\"Loading\" src=\"https:\/\/temucotelevision.cl\/web\/wp-content\/plugins\/page-views-count\/ajax-loader-2x.gif\" border=0 \/><\/p>\n<div class=\"pvc_clear\"><\/div>\n<p>La primera funci\u00f3n de la obra Mam\u00e1 Adelina ser\u00e1 el viernes 2 de diciembre a las 20 horas en el<\/p>\n","protected":false},"author":1,"featured_media":36879,"comment_status":"open","ping_status":"open","sticky":false,"template":"","format":"standard","meta":{"colormag_page_container_layout":"default_layout","colormag_page_sidebar_layout":"default_layout","footnotes":""},"categories":[86],"tags":[1253,925,215],"class_list":["post-36878","post","type-post","status-publish","format-standard","has-post-thumbnail","hentry","category-panoramas","tag-compania","tag-obra","tag-tolten"],"a3_pvc":{"activated":true,"total_views":96,"today_views":0},"_links":{"self":[{"href":"https:\/\/temucotelevision.cl\/web\/wp-json\/wp\/v2\/posts\/36878","targetHints":{"allow":["GET"]}}],"collection":[{"href":"https:\/\/temucotelevision.cl\/web\/wp-json\/wp\/v2\/posts"}],"about":[{"href":"https:\/\/temucotelevision.cl\/web\/wp-json\/wp\/v2\/types\/post"}],"author":[{"embeddable":true,"href":"https:\/\/temucotelevision.cl\/web\/wp-json\/wp\/v2\/users\/1"}],"replies":[{"embeddable":true,"href":"https:\/\/temucotelevision.cl\/web\/wp-json\/wp\/v2\/comments?post=36878"}],"version-history":[{"count":1,"href":"https:\/\/temucotelevision.cl\/web\/wp-json\/wp\/v2\/posts\/36878\/revisions"}],"predecessor-version":[{"id":36881,"href":"https:\/\/temucotelevision.cl\/web\/wp-json\/wp\/v2\/posts\/36878\/revisions\/36881"}],"wp:featuredmedia":[{"embeddable":true,"href":"https:\/\/temucotelevision.cl\/web\/wp-json\/wp\/v2\/media\/36879"}],"wp:attachment":[{"href":"https:\/\/temucotelevision.cl\/web\/wp-json\/wp\/v2\/media?parent=36878"}],"wp:term":[{"taxonomy":"category","embeddable":true,"href":"https:\/\/temucotelevision.cl\/web\/wp-json\/wp\/v2\/categories?post=36878"},{"taxonomy":"post_tag","embeddable":true,"href":"https:\/\/temucotelevision.cl\/web\/wp-json\/wp\/v2\/tags?post=36878"}],"curies":[{"name":"wp","href":"https:\/\/api.w.org\/{rel}","templated":true}]}}