{"id":36875,"date":"2022-11-26T09:02:13","date_gmt":"2022-11-26T12:02:13","guid":{"rendered":"https:\/\/temucotelevision.cl\/web\/?p=36875"},"modified":"2022-11-26T09:02:13","modified_gmt":"2022-11-26T12:02:13","slug":"investigadores-se-congregaran-en-villarrica-para-reflexionar-en-torno-al-ocio-como-clave-para-el-desarrollo-humano","status":"publish","type":"post","link":"https:\/\/temucotelevision.cl\/web\/2022\/11\/26\/investigadores-se-congregaran-en-villarrica-para-reflexionar-en-torno-al-ocio-como-clave-para-el-desarrollo-humano\/","title":{"rendered":"Investigadores se congregar\u00e1n en Villarrica para reflexionar en torno al ocio como clave para el desarrollo humano"},"content":{"rendered":"<div class=\"pvc_clear\"><\/div><p id=\"pvc_stats_36875\" class=\"pvc_stats total_only  \" data-element-id=\"36875\" style=\"\"><i class=\"pvc-stats-icon large\" aria-hidden=\"true\"><svg aria-hidden=\"true\" focusable=\"false\" data-prefix=\"far\" data-icon=\"chart-bar\" role=\"img\" xmlns=\"http:\/\/www.w3.org\/2000\/svg\" viewBox=\"0 0 512 512\" class=\"svg-inline--fa fa-chart-bar fa-w-16 fa-2x\"><path fill=\"currentColor\" d=\"M396.8 352h22.4c6.4 0 12.8-6.4 12.8-12.8V108.8c0-6.4-6.4-12.8-12.8-12.8h-22.4c-6.4 0-12.8 6.4-12.8 12.8v230.4c0 6.4 6.4 12.8 12.8 12.8zm-192 0h22.4c6.4 0 12.8-6.4 12.8-12.8V140.8c0-6.4-6.4-12.8-12.8-12.8h-22.4c-6.4 0-12.8 6.4-12.8 12.8v198.4c0 6.4 6.4 12.8 12.8 12.8zm96 0h22.4c6.4 0 12.8-6.4 12.8-12.8V204.8c0-6.4-6.4-12.8-12.8-12.8h-22.4c-6.4 0-12.8 6.4-12.8 12.8v134.4c0 6.4 6.4 12.8 12.8 12.8zM496 400H48V80c0-8.84-7.16-16-16-16H16C7.16 64 0 71.16 0 80v336c0 17.67 14.33 32 32 32h464c8.84 0 16-7.16 16-16v-16c0-8.84-7.16-16-16-16zm-387.2-48h22.4c6.4 0 12.8-6.4 12.8-12.8v-70.4c0-6.4-6.4-12.8-12.8-12.8h-22.4c-6.4 0-12.8 6.4-12.8 12.8v70.4c0 6.4 6.4 12.8 12.8 12.8z\" class=\"\"><\/path><\/svg><\/i> <img loading=\"lazy\" decoding=\"async\" width=\"16\" height=\"16\" alt=\"Loading\" src=\"https:\/\/temucotelevision.cl\/web\/wp-content\/plugins\/page-views-count\/ajax-loader-2x.gif\" border=0 \/><\/p><div class=\"pvc_clear\"><\/div>\n<p><em>M\u00e1s de 25 ponentes de distintos puntos de Iberoam\u00e9rica participar\u00e1n del encuentro que se desarrollar\u00e1 por segunda vez en nuestro pa\u00eds el 12 y 13 de diciembre.<\/em><\/p>\n\n\n\n<p>\u00bfCu\u00e1les fueron los efectos del confinamiento en ni\u00f1os y j\u00f3venes? \u00bfDe qu\u00e9 forma se modificaron las pr\u00e1cticas de recreaci\u00f3n y ocio producto de la pandemia? \u00bfCu\u00e1les son los espacios p\u00fablicos m\u00e1s valorados para el ocio? \u00bfC\u00f3mo se entiende la noci\u00f3n de ocio y recreaci\u00f3n a la luz de la reflexi\u00f3n acad\u00e9mica? Estos ser\u00e1n algunos aspectos de la contingencia que abordar\u00e1 el XVI Encuentro Internacional Cient\u00edfico OTIUM, a realizarse el 12 y 13 de diciembre en dependencias de la Pontificia Universidad Cat\u00f3lica de Chile, Campus Villarrica.<\/p>\n\n\n\n<p>El congreso \u201cOcio y recreaci\u00f3n infantil y juvenil como claves para el desarrollo humano, el bienestar subjetivo y la sustentabilidad\u201d se enmarcar\u00e1 en los procesos legislativos y pol\u00edticos que se han movilizado el \u00faltimo tiempo en Latinoam\u00e9rica, en relaci\u00f3n a la consolidaci\u00f3n del ocio y la recreaci\u00f3n como derechos fundamentales, lo que se ha traducido en la presentaci\u00f3n de cartas magnas, leyes y\/o pol\u00edticas nacionales en diversos pa\u00edses.<\/p>\n\n\n\n<p>\u201cEl ocio puede ser entendido desde diferentes corrientes y disciplinas, pero en este evento se entiende desde un punto de vista humanista y experiencial, es decir, nos enfocamos en los alcances personales y sociales que tiene las pr\u00e1cticas de ocio, tanto en las personas como en los territorios donde \u00e9ste se despliega. Se entiende como una experiencia personal de gran alcance social que es libre, libertaria y satisfactoria\u201d, explica Andr\u00e9s Ried, acad\u00e9mico UC, Doctor en Ocio y coordinador del evento en Chile.<\/p>\n\n\n\n<p><strong>Presentaciones internacionales<\/strong><\/p>\n\n\n\n<p>En su d\u00e9cimo sexta versi\u00f3n, el evento contar\u00e1 con la participaci\u00f3n presencial de m\u00e1s de 15 acad\u00e9micos internacionales y cerca de 30 ponencias en formato h\u00edbrido, las que ser\u00e1n presentadas por cient\u00edficos de&nbsp;pa\u00edses como Chile,&nbsp;Uruguay,&nbsp;Brasil, Argentina, M\u00e9xico,&nbsp;Colombia&nbsp;y Espa\u00f1a. De igual modo, esta instancia acad\u00e9mica contar\u00e1 por primera vez con el apoyo de seis casas de estudios superiores chilenas: Universidad Metropolitana de Ciencias de la Educaci\u00f3n, Pontificia Universidad Cat\u00f3lica de Valpara\u00edso, Universidad Cat\u00f3lica del Maule, Universidad de Concepci\u00f3n, Universidad de Tarapac\u00e1 y Universidad de Las Am\u00e9ricas.&nbsp;<\/p>\n\n\n\n<p>Asimismo, en el marco del encuentro se desarrollar\u00e1 una mesa de conversaci\u00f3n sobre pol\u00edticas&nbsp;p\u00fablicas en ocio y recreaci\u00f3n junto al Ministerio del Deporte, quien a su vez act\u00faa como patrocinador oficial del congreso\u201d, precisa Ried.&nbsp;<\/p>\n\n\n\n<p>Ricardo Lema, docente e investigador de la Universidad Cat\u00f3lica del Uruguay, es integrante de OTIUM y ser\u00e1 uno de los expositores del encuentro, que volver\u00e1 a la presencialidad tras dos a\u00f1os de actividades virtuales.<\/p>\n\n\n\n<p>\u201cMe interesa aportar algunas reflexiones sobre el ocio y la recreaci\u00f3n que emergen en esta postpandemia, y en los aprendizajes que podemos capitalizar para humanizar el ocio, para consolidar pr\u00e1cticas de turismo y recreaci\u00f3n m\u00e1s sustentables en lo social, lo cultural y en lo personal\u201d, sostiene sobre lo que ser\u00e1 su presentaci\u00f3n.<\/p>\n\n\n\n<p>Para el investigador uruguayo, el encuentro internacional que se realizar\u00e1 en Villarrica tiene potencialidades distintas a los de a\u00f1os anteriores, lo que ser\u00e1 una gran contribuci\u00f3n al an\u00e1lisis y estudios sobre ocio.&nbsp;<\/p>\n\n\n\n<p>\u201cAdem\u00e1s de la presentaci\u00f3n de ponencias, tambi\u00e9n tendremos la presentaci\u00f3n de experiencias de formaci\u00f3n, gesti\u00f3n de programas y servicios. En nuestro campo le damos tanto valor a la producci\u00f3n de conocimiento que surge de las propias pr\u00e1cticas en el territorio como a la que surge de las instancias de producci\u00f3n acad\u00e9mica, por ello tendr\u00e1n un lugar de igual importancia los talleres y las conferencias. Creo que esto es un acierto de la propuesta 2022, pues permite acercar las Universidades y centros de investigaci\u00f3n a las organizaciones de la sociedad civil que son las protagonistas en el desarrollo de las propuestas de ocio\u201d, concluye.<\/p>\n\n\n\n<p>Las inscripciones al XVI Encuentro Internacional Cient\u00edfico OTIUM ya est\u00e1n abiertas y pueden efectuarse hasta el 2 de diciembre en www.otiumvillarrica2022.cl<\/p>\n","protected":false},"excerpt":{"rendered":"<div class=\"pvc_clear\"><\/div>\n<p id=\"pvc_stats_36875\" class=\"pvc_stats total_only  \" data-element-id=\"36875\" style=\"\"><i class=\"pvc-stats-icon large\" aria-hidden=\"true\"><svg aria-hidden=\"true\" focusable=\"false\" data-prefix=\"far\" data-icon=\"chart-bar\" role=\"img\" xmlns=\"http:\/\/www.w3.org\/2000\/svg\" viewBox=\"0 0 512 512\" class=\"svg-inline--fa fa-chart-bar fa-w-16 fa-2x\"><path fill=\"currentColor\" d=\"M396.8 352h22.4c6.4 0 12.8-6.4 12.8-12.8V108.8c0-6.4-6.4-12.8-12.8-12.8h-22.4c-6.4 0-12.8 6.4-12.8 12.8v230.4c0 6.4 6.4 12.8 12.8 12.8zm-192 0h22.4c6.4 0 12.8-6.4 12.8-12.8V140.8c0-6.4-6.4-12.8-12.8-12.8h-22.4c-6.4 0-12.8 6.4-12.8 12.8v198.4c0 6.4 6.4 12.8 12.8 12.8zm96 0h22.4c6.4 0 12.8-6.4 12.8-12.8V204.8c0-6.4-6.4-12.8-12.8-12.8h-22.4c-6.4 0-12.8 6.4-12.8 12.8v134.4c0 6.4 6.4 12.8 12.8 12.8zM496 400H48V80c0-8.84-7.16-16-16-16H16C7.16 64 0 71.16 0 80v336c0 17.67 14.33 32 32 32h464c8.84 0 16-7.16 16-16v-16c0-8.84-7.16-16-16-16zm-387.2-48h22.4c6.4 0 12.8-6.4 12.8-12.8v-70.4c0-6.4-6.4-12.8-12.8-12.8h-22.4c-6.4 0-12.8 6.4-12.8 12.8v70.4c0 6.4 6.4 12.8 12.8 12.8z\" class=\"\"><\/path><\/svg><\/i> <img loading=\"lazy\" decoding=\"async\" width=\"16\" height=\"16\" alt=\"Loading\" src=\"https:\/\/temucotelevision.cl\/web\/wp-content\/plugins\/page-views-count\/ajax-loader-2x.gif\" border=0 \/><\/p>\n<div class=\"pvc_clear\"><\/div>\n<p>M\u00e1s de 25 ponentes de distintos puntos de Iberoam\u00e9rica participar\u00e1n del encuentro que se desarrollar\u00e1 por segunda vez en nuestro<\/p>\n","protected":false},"author":1,"featured_media":36876,"comment_status":"open","ping_status":"open","sticky":false,"template":"","format":"standard","meta":{"colormag_page_container_layout":"default_layout","colormag_page_sidebar_layout":"default_layout","footnotes":""},"categories":[14],"tags":[1138,4884,5978,2312],"class_list":["post-36875","post","type-post","status-publish","format-standard","has-post-thumbnail","hentry","category-temuco","tag-encuentro","tag-investigadores","tag-ocio","tag-pandemia"],"a3_pvc":{"activated":true,"total_views":83,"today_views":0},"_links":{"self":[{"href":"https:\/\/temucotelevision.cl\/web\/wp-json\/wp\/v2\/posts\/36875","targetHints":{"allow":["GET"]}}],"collection":[{"href":"https:\/\/temucotelevision.cl\/web\/wp-json\/wp\/v2\/posts"}],"about":[{"href":"https:\/\/temucotelevision.cl\/web\/wp-json\/wp\/v2\/types\/post"}],"author":[{"embeddable":true,"href":"https:\/\/temucotelevision.cl\/web\/wp-json\/wp\/v2\/users\/1"}],"replies":[{"embeddable":true,"href":"https:\/\/temucotelevision.cl\/web\/wp-json\/wp\/v2\/comments?post=36875"}],"version-history":[{"count":1,"href":"https:\/\/temucotelevision.cl\/web\/wp-json\/wp\/v2\/posts\/36875\/revisions"}],"predecessor-version":[{"id":36877,"href":"https:\/\/temucotelevision.cl\/web\/wp-json\/wp\/v2\/posts\/36875\/revisions\/36877"}],"wp:featuredmedia":[{"embeddable":true,"href":"https:\/\/temucotelevision.cl\/web\/wp-json\/wp\/v2\/media\/36876"}],"wp:attachment":[{"href":"https:\/\/temucotelevision.cl\/web\/wp-json\/wp\/v2\/media?parent=36875"}],"wp:term":[{"taxonomy":"category","embeddable":true,"href":"https:\/\/temucotelevision.cl\/web\/wp-json\/wp\/v2\/categories?post=36875"},{"taxonomy":"post_tag","embeddable":true,"href":"https:\/\/temucotelevision.cl\/web\/wp-json\/wp\/v2\/tags?post=36875"}],"curies":[{"name":"wp","href":"https:\/\/api.w.org\/{rel}","templated":true}]}}