{"id":36872,"date":"2022-11-25T20:37:54","date_gmt":"2022-11-25T23:37:54","guid":{"rendered":"https:\/\/temucotelevision.cl\/web\/?p=36872"},"modified":"2022-11-25T20:37:55","modified_gmt":"2022-11-25T23:37:55","slug":"el-flecha-negra-estrena-album-desde-alemania","status":"publish","type":"post","link":"https:\/\/temucotelevision.cl\/web\/2022\/11\/25\/el-flecha-negra-estrena-album-desde-alemania\/","title":{"rendered":"&#8220;El Flecha Negra&#8221; estrena \u00e1lbum desde Alemania"},"content":{"rendered":"<div class=\"pvc_clear\"><\/div><p id=\"pvc_stats_36872\" class=\"pvc_stats total_only  \" data-element-id=\"36872\" style=\"\"><i class=\"pvc-stats-icon large\" aria-hidden=\"true\"><svg aria-hidden=\"true\" focusable=\"false\" data-prefix=\"far\" data-icon=\"chart-bar\" role=\"img\" xmlns=\"http:\/\/www.w3.org\/2000\/svg\" viewBox=\"0 0 512 512\" class=\"svg-inline--fa fa-chart-bar fa-w-16 fa-2x\"><path fill=\"currentColor\" d=\"M396.8 352h22.4c6.4 0 12.8-6.4 12.8-12.8V108.8c0-6.4-6.4-12.8-12.8-12.8h-22.4c-6.4 0-12.8 6.4-12.8 12.8v230.4c0 6.4 6.4 12.8 12.8 12.8zm-192 0h22.4c6.4 0 12.8-6.4 12.8-12.8V140.8c0-6.4-6.4-12.8-12.8-12.8h-22.4c-6.4 0-12.8 6.4-12.8 12.8v198.4c0 6.4 6.4 12.8 12.8 12.8zm96 0h22.4c6.4 0 12.8-6.4 12.8-12.8V204.8c0-6.4-6.4-12.8-12.8-12.8h-22.4c-6.4 0-12.8 6.4-12.8 12.8v134.4c0 6.4 6.4 12.8 12.8 12.8zM496 400H48V80c0-8.84-7.16-16-16-16H16C7.16 64 0 71.16 0 80v336c0 17.67 14.33 32 32 32h464c8.84 0 16-7.16 16-16v-16c0-8.84-7.16-16-16-16zm-387.2-48h22.4c6.4 0 12.8-6.4 12.8-12.8v-70.4c0-6.4-6.4-12.8-12.8-12.8h-22.4c-6.4 0-12.8 6.4-12.8 12.8v70.4c0 6.4 6.4 12.8 12.8 12.8z\" class=\"\"><\/path><\/svg><\/i> <img loading=\"lazy\" decoding=\"async\" width=\"16\" height=\"16\" alt=\"Loading\" src=\"https:\/\/temucotelevision.cl\/web\/wp-content\/plugins\/page-views-count\/ajax-loader-2x.gif\" border=0 \/><\/p><div class=\"pvc_clear\"><\/div>\n<p><strong>El Flecha Negra<\/strong> es una banda latina y multicultural con base en <strong>Freiburg, Alemani<\/strong>a. Sus integrantes provienen de <strong>Chile, Per\u00fa, Argentina, Espa\u00f1a y el mencionado pa\u00eds germano.<\/strong>\u00a0 Con un nombre que refiere a la ruta de una flecha cuando esta se lanza hacia su objetivo y que evoca a los pueblos originarios del mundo, <strong>El Flecha Negra<\/strong> rescata el sabor de la <strong>cumbia<\/strong> e incorpora tambi\u00e9n el <strong>reggae y la m\u00fasica chicha peruana<\/strong>. En esas tres corrientes, la banda canta sobre historias y mensajes que hablan acerca de migraci\u00f3n, igualdad y proyectan un sentido comunitario de la vida.<\/p>\n\n\n\n<p><strong>Renacer<\/strong>, es el nombre de su nuevo trabajo de estudio es una placa refrescante que marca una nueva etapa de la banda, un despertar junto a nuevas referencias y la integraci\u00f3n de m\u00fasicos de bandas como <strong>Santo Barrio, Tomo Como Rey, Gondwana y Santaferia, <\/strong>la popular banda de cumbia casera liderada por <strong>Pollo Gonz\u00e1lez,<\/strong> de quien <strong>Tat\u00e1n (vocalista &amp; trompetista de Flecha Negra)<\/strong> es hermano mayor.<\/p>\n\n\n\n<p>En la nueva producci\u00f3n de la agrupaci\u00f3n brillan temas como \u201c<strong>La suerte\u201d,<\/strong> un poderoso mambo urbano y \u00a0<strong>\u201cSu\u00e9ltate\u201d,<\/strong> una atractiva pieza merengue afro beat. <strong>\u201cLo que amamos, lo que nos define, lo que deseamos. \u00a1Siempre estuvo ah\u00ed y siempre claro!\u201d dijo uno de sus cantantes, Cristian Kata y con esa energ\u00eda, una mezcla especial de euforia, optimismo y motivaci\u00f3n, escribieron las canciones de &#8220;Renacer&#8221;<\/strong>, \u00a0su tercer \u00e1lbum de estudio.<\/p>\n\n\n\n<p><\/p>\n\n\n\n<figure class=\"wp-block-embed is-type-rich is-provider-spotify wp-block-embed-spotify wp-embed-aspect-21-9 wp-has-aspect-ratio\"><div class=\"wp-block-embed__wrapper\">\n<iframe title=\"Spotify Embed: Renacer\" style=\"border-radius: 12px\" width=\"100%\" height=\"380\" frameborder=\"0\" allowfullscreen allow=\"autoplay; clipboard-write; encrypted-media; fullscreen; picture-in-picture\" loading=\"lazy\" src=\"https:\/\/open.spotify.com\/embed\/album\/3S5ezVCcdeXsbRQrJyRrSx?utm_source=oembed\"><\/iframe>\n<\/div><\/figure>\n\n\n\n<p><\/p>\n","protected":false},"excerpt":{"rendered":"<div class=\"pvc_clear\"><\/div>\n<p id=\"pvc_stats_36872\" class=\"pvc_stats total_only  \" data-element-id=\"36872\" style=\"\"><i class=\"pvc-stats-icon large\" aria-hidden=\"true\"><svg aria-hidden=\"true\" focusable=\"false\" data-prefix=\"far\" data-icon=\"chart-bar\" role=\"img\" xmlns=\"http:\/\/www.w3.org\/2000\/svg\" viewBox=\"0 0 512 512\" class=\"svg-inline--fa fa-chart-bar fa-w-16 fa-2x\"><path fill=\"currentColor\" d=\"M396.8 352h22.4c6.4 0 12.8-6.4 12.8-12.8V108.8c0-6.4-6.4-12.8-12.8-12.8h-22.4c-6.4 0-12.8 6.4-12.8 12.8v230.4c0 6.4 6.4 12.8 12.8 12.8zm-192 0h22.4c6.4 0 12.8-6.4 12.8-12.8V140.8c0-6.4-6.4-12.8-12.8-12.8h-22.4c-6.4 0-12.8 6.4-12.8 12.8v198.4c0 6.4 6.4 12.8 12.8 12.8zm96 0h22.4c6.4 0 12.8-6.4 12.8-12.8V204.8c0-6.4-6.4-12.8-12.8-12.8h-22.4c-6.4 0-12.8 6.4-12.8 12.8v134.4c0 6.4 6.4 12.8 12.8 12.8zM496 400H48V80c0-8.84-7.16-16-16-16H16C7.16 64 0 71.16 0 80v336c0 17.67 14.33 32 32 32h464c8.84 0 16-7.16 16-16v-16c0-8.84-7.16-16-16-16zm-387.2-48h22.4c6.4 0 12.8-6.4 12.8-12.8v-70.4c0-6.4-6.4-12.8-12.8-12.8h-22.4c-6.4 0-12.8 6.4-12.8 12.8v70.4c0 6.4 6.4 12.8 12.8 12.8z\" class=\"\"><\/path><\/svg><\/i> <img loading=\"lazy\" decoding=\"async\" width=\"16\" height=\"16\" alt=\"Loading\" src=\"https:\/\/temucotelevision.cl\/web\/wp-content\/plugins\/page-views-count\/ajax-loader-2x.gif\" border=0 \/><\/p>\n<div class=\"pvc_clear\"><\/div>\n<p>El Flecha Negra es una banda latina y multicultural con base en Freiburg, Alemania. Sus integrantes provienen de Chile, Per\u00fa,<\/p>\n","protected":false},"author":1,"featured_media":36873,"comment_status":"open","ping_status":"open","sticky":false,"template":"","format":"standard","meta":{"colormag_page_container_layout":"default_layout","colormag_page_sidebar_layout":"default_layout","footnotes":""},"categories":[369,1],"tags":[],"class_list":["post-36872","post","type-post","status-publish","format-standard","has-post-thumbnail","hentry","category-musica","category-sin-categoria"],"a3_pvc":{"activated":true,"total_views":95,"today_views":0},"_links":{"self":[{"href":"https:\/\/temucotelevision.cl\/web\/wp-json\/wp\/v2\/posts\/36872","targetHints":{"allow":["GET"]}}],"collection":[{"href":"https:\/\/temucotelevision.cl\/web\/wp-json\/wp\/v2\/posts"}],"about":[{"href":"https:\/\/temucotelevision.cl\/web\/wp-json\/wp\/v2\/types\/post"}],"author":[{"embeddable":true,"href":"https:\/\/temucotelevision.cl\/web\/wp-json\/wp\/v2\/users\/1"}],"replies":[{"embeddable":true,"href":"https:\/\/temucotelevision.cl\/web\/wp-json\/wp\/v2\/comments?post=36872"}],"version-history":[{"count":1,"href":"https:\/\/temucotelevision.cl\/web\/wp-json\/wp\/v2\/posts\/36872\/revisions"}],"predecessor-version":[{"id":36874,"href":"https:\/\/temucotelevision.cl\/web\/wp-json\/wp\/v2\/posts\/36872\/revisions\/36874"}],"wp:featuredmedia":[{"embeddable":true,"href":"https:\/\/temucotelevision.cl\/web\/wp-json\/wp\/v2\/media\/36873"}],"wp:attachment":[{"href":"https:\/\/temucotelevision.cl\/web\/wp-json\/wp\/v2\/media?parent=36872"}],"wp:term":[{"taxonomy":"category","embeddable":true,"href":"https:\/\/temucotelevision.cl\/web\/wp-json\/wp\/v2\/categories?post=36872"},{"taxonomy":"post_tag","embeddable":true,"href":"https:\/\/temucotelevision.cl\/web\/wp-json\/wp\/v2\/tags?post=36872"}],"curies":[{"name":"wp","href":"https:\/\/api.w.org\/{rel}","templated":true}]}}