{"id":36868,"date":"2022-11-25T17:43:08","date_gmt":"2022-11-25T20:43:08","guid":{"rendered":"https:\/\/temucotelevision.cl\/web\/?p=36868"},"modified":"2022-11-25T17:43:09","modified_gmt":"2022-11-25T20:43:09","slug":"banda-de-paine-electrofonicos-lanza-nuevo-album-de-rock-alternativo","status":"publish","type":"post","link":"https:\/\/temucotelevision.cl\/web\/2022\/11\/25\/banda-de-paine-electrofonicos-lanza-nuevo-album-de-rock-alternativo\/","title":{"rendered":"Banda de Paine Electrof\u00f3nicos, lanza nuevo \u00e1lbum de rock alternativo"},"content":{"rendered":"<div class=\"pvc_clear\"><\/div><p id=\"pvc_stats_36868\" class=\"pvc_stats total_only  \" data-element-id=\"36868\" style=\"\"><i class=\"pvc-stats-icon large\" aria-hidden=\"true\"><svg aria-hidden=\"true\" focusable=\"false\" data-prefix=\"far\" data-icon=\"chart-bar\" role=\"img\" xmlns=\"http:\/\/www.w3.org\/2000\/svg\" viewBox=\"0 0 512 512\" class=\"svg-inline--fa fa-chart-bar fa-w-16 fa-2x\"><path fill=\"currentColor\" d=\"M396.8 352h22.4c6.4 0 12.8-6.4 12.8-12.8V108.8c0-6.4-6.4-12.8-12.8-12.8h-22.4c-6.4 0-12.8 6.4-12.8 12.8v230.4c0 6.4 6.4 12.8 12.8 12.8zm-192 0h22.4c6.4 0 12.8-6.4 12.8-12.8V140.8c0-6.4-6.4-12.8-12.8-12.8h-22.4c-6.4 0-12.8 6.4-12.8 12.8v198.4c0 6.4 6.4 12.8 12.8 12.8zm96 0h22.4c6.4 0 12.8-6.4 12.8-12.8V204.8c0-6.4-6.4-12.8-12.8-12.8h-22.4c-6.4 0-12.8 6.4-12.8 12.8v134.4c0 6.4 6.4 12.8 12.8 12.8zM496 400H48V80c0-8.84-7.16-16-16-16H16C7.16 64 0 71.16 0 80v336c0 17.67 14.33 32 32 32h464c8.84 0 16-7.16 16-16v-16c0-8.84-7.16-16-16-16zm-387.2-48h22.4c6.4 0 12.8-6.4 12.8-12.8v-70.4c0-6.4-6.4-12.8-12.8-12.8h-22.4c-6.4 0-12.8 6.4-12.8 12.8v70.4c0 6.4 6.4 12.8 12.8 12.8z\" class=\"\"><\/path><\/svg><\/i> <img loading=\"lazy\" decoding=\"async\" width=\"16\" height=\"16\" alt=\"Loading\" src=\"https:\/\/temucotelevision.cl\/web\/wp-content\/plugins\/page-views-count\/ajax-loader-2x.gif\" border=0 \/><\/p><div class=\"pvc_clear\"><\/div>\n<p><strong>Electrof\u00f3nicos <\/strong>es una banda que se inici\u00f3 en el a\u00f1o 2000, cuando <strong>Gonzalo Astudillo, Marco Arriagada y Sebasti\u00e1n Miranda,<\/strong> se reunieron para formar una agrupaci\u00f3n musical de rock alternativo. Tras 12 a\u00f1os de separaci\u00f3n, decidieron volver a retomar su proyecto,\u00a0 grabando el primer sencillo de esta nueva etapa, que los encontr\u00f3 con los sue\u00f1os intactos, m\u00e1s maduros y con mejoras t\u00e9cnicas gracias al paso de los a\u00f1os. En el 2019 se une Leonardo Vilches en la bater\u00eda, marcando una nueva etapa de la banda. As\u00ed fue el comienzo del nuevo viaje de <strong>Electrof\u00f3nicos<\/strong> y que actualmente los tiene estrenando su nuevo single\u00a0 \u201cLa \u00faltima vez\u201d, que puede escucharse en todas las plataformas musicales, redes sociales, y en su canal oficial de YouTube.<\/p>\n\n\n\n<p>La canci\u00f3n refleja la ansiedad y la desesperaci\u00f3n por la p\u00e9rdida de un amor, que se ve enfrascada en una situaci\u00f3n de desconsuelo y soledad. Esta forma involuntaria de control propone un lugar com\u00fan de la existencia humana,\u00a0 la sensaci\u00f3n de estar como reh\u00e9n de los recuerdos y de ese amor no correspondido.<\/p>\n\n\n\n<p>El single fue grabado en el estudio <strong>Rockstore <\/strong>de la comuna de <strong>Paine<\/strong>, con la producci\u00f3n musical de<strong> Brian Valenzuela y Marco Arriagada, <\/strong>quienes buscaron un sonido crudo y real, haciendo una re lectura de\u00a0 la sonoridad de los instrumentos, tomando la est\u00e9tica sonora del post punk brit\u00e1nico y el rock latino, junto con las t\u00e9cnicas actuales. <\/p>\n\n\n\n<p>El video de <strong>\u201c\u00daltima vez\u201d,<\/strong> fue dirigido por Christopher Becas y filmado en la comuna de <strong>Paine<\/strong>. La realizaci\u00f3n tom\u00f3 varias noches, con un equipo de producci\u00f3n joven que se est\u00e1 abriendo paso en el medio audiovisual. Ni el fr\u00edo, ni las horas mermaron las ganas de darle una imagen interesante a la canci\u00f3n.\u00a0<\/p>\n\n\n\n<p>Hoy\u00a0 <strong>Electrof\u00f3nicos <\/strong>est\u00e1n concentrados en componer nuevos temas, d\u00e1ndole forma al material que se presentar\u00e1 a futuro. Su intenci\u00f3n es volver para quedarse y recuperar los doce a\u00f1os de separaci\u00f3n de la formaci\u00f3n original.<\/p>\n\n\n\n<p class=\"has-medium-font-size\">Escucha a <strong>Electrof\u00f3nicos<\/strong> en <a href=\"https:\/\/open.spotify.com\/artist\/7DZYW7UMhxn8SBYdpSi5HH?si=DiuxoAERQYOPX_u1Kdw-Xw\">Spotify<\/a>.<\/p>\n\n\n\n<figure class=\"wp-block-embed is-type-video is-provider-youtube wp-block-embed-youtube wp-embed-aspect-16-9 wp-has-aspect-ratio\"><div class=\"wp-block-embed__wrapper\">\n<div class=\"epyt-video-wrapper\"><iframe loading=\"lazy\"  id=\"_ytid_54765\"  width=\"800\" height=\"450\"  data-origwidth=\"800\" data-origheight=\"450\" src=\"https:\/\/www.youtube.com\/embed\/K6A-abb7wpg?enablejsapi=1&#038;autoplay=0&#038;cc_load_policy=0&#038;cc_lang_pref=&#038;iv_load_policy=1&#038;loop=0&#038;rel=1&#038;fs=1&#038;playsinline=0&#038;autohide=2&#038;theme=dark&#038;color=red&#038;controls=1&#038;disablekb=0&#038;\" class=\"__youtube_prefs__  epyt-is-override  no-lazyload\" title=\"YouTube player\"  allow=\"fullscreen; accelerometer; autoplay; clipboard-write; encrypted-media; gyroscope; picture-in-picture; web-share\" referrerpolicy=\"strict-origin-when-cross-origin\" allowfullscreen data-no-lazy=\"1\" data-skipgform_ajax_framebjll=\"\"><\/iframe><\/div>\n<\/div><\/figure>\n\n\n\n<p><\/p>\n","protected":false},"excerpt":{"rendered":"<div class=\"pvc_clear\"><\/div>\n<p id=\"pvc_stats_36868\" class=\"pvc_stats total_only  \" data-element-id=\"36868\" style=\"\"><i class=\"pvc-stats-icon large\" aria-hidden=\"true\"><svg aria-hidden=\"true\" focusable=\"false\" data-prefix=\"far\" data-icon=\"chart-bar\" role=\"img\" xmlns=\"http:\/\/www.w3.org\/2000\/svg\" viewBox=\"0 0 512 512\" class=\"svg-inline--fa fa-chart-bar fa-w-16 fa-2x\"><path fill=\"currentColor\" d=\"M396.8 352h22.4c6.4 0 12.8-6.4 12.8-12.8V108.8c0-6.4-6.4-12.8-12.8-12.8h-22.4c-6.4 0-12.8 6.4-12.8 12.8v230.4c0 6.4 6.4 12.8 12.8 12.8zm-192 0h22.4c6.4 0 12.8-6.4 12.8-12.8V140.8c0-6.4-6.4-12.8-12.8-12.8h-22.4c-6.4 0-12.8 6.4-12.8 12.8v198.4c0 6.4 6.4 12.8 12.8 12.8zm96 0h22.4c6.4 0 12.8-6.4 12.8-12.8V204.8c0-6.4-6.4-12.8-12.8-12.8h-22.4c-6.4 0-12.8 6.4-12.8 12.8v134.4c0 6.4 6.4 12.8 12.8 12.8zM496 400H48V80c0-8.84-7.16-16-16-16H16C7.16 64 0 71.16 0 80v336c0 17.67 14.33 32 32 32h464c8.84 0 16-7.16 16-16v-16c0-8.84-7.16-16-16-16zm-387.2-48h22.4c6.4 0 12.8-6.4 12.8-12.8v-70.4c0-6.4-6.4-12.8-12.8-12.8h-22.4c-6.4 0-12.8 6.4-12.8 12.8v70.4c0 6.4 6.4 12.8 12.8 12.8z\" class=\"\"><\/path><\/svg><\/i> <img loading=\"lazy\" decoding=\"async\" width=\"16\" height=\"16\" alt=\"Loading\" src=\"https:\/\/temucotelevision.cl\/web\/wp-content\/plugins\/page-views-count\/ajax-loader-2x.gif\" border=0 \/><\/p>\n<div class=\"pvc_clear\"><\/div>\n<p>Electrof\u00f3nicos es una banda que se inici\u00f3 en el a\u00f1o 2000, cuando Gonzalo Astudillo, Marco Arriagada y Sebasti\u00e1n Miranda, se<\/p>\n","protected":false},"author":1,"featured_media":36869,"comment_status":"open","ping_status":"open","sticky":false,"template":"","format":"standard","meta":{"colormag_page_container_layout":"default_layout","colormag_page_sidebar_layout":"default_layout","footnotes":""},"categories":[369,1],"tags":[],"class_list":["post-36868","post","type-post","status-publish","format-standard","has-post-thumbnail","hentry","category-musica","category-sin-categoria"],"a3_pvc":{"activated":true,"total_views":67,"today_views":0},"_links":{"self":[{"href":"https:\/\/temucotelevision.cl\/web\/wp-json\/wp\/v2\/posts\/36868","targetHints":{"allow":["GET"]}}],"collection":[{"href":"https:\/\/temucotelevision.cl\/web\/wp-json\/wp\/v2\/posts"}],"about":[{"href":"https:\/\/temucotelevision.cl\/web\/wp-json\/wp\/v2\/types\/post"}],"author":[{"embeddable":true,"href":"https:\/\/temucotelevision.cl\/web\/wp-json\/wp\/v2\/users\/1"}],"replies":[{"embeddable":true,"href":"https:\/\/temucotelevision.cl\/web\/wp-json\/wp\/v2\/comments?post=36868"}],"version-history":[{"count":2,"href":"https:\/\/temucotelevision.cl\/web\/wp-json\/wp\/v2\/posts\/36868\/revisions"}],"predecessor-version":[{"id":36871,"href":"https:\/\/temucotelevision.cl\/web\/wp-json\/wp\/v2\/posts\/36868\/revisions\/36871"}],"wp:featuredmedia":[{"embeddable":true,"href":"https:\/\/temucotelevision.cl\/web\/wp-json\/wp\/v2\/media\/36869"}],"wp:attachment":[{"href":"https:\/\/temucotelevision.cl\/web\/wp-json\/wp\/v2\/media?parent=36868"}],"wp:term":[{"taxonomy":"category","embeddable":true,"href":"https:\/\/temucotelevision.cl\/web\/wp-json\/wp\/v2\/categories?post=36868"},{"taxonomy":"post_tag","embeddable":true,"href":"https:\/\/temucotelevision.cl\/web\/wp-json\/wp\/v2\/tags?post=36868"}],"curies":[{"name":"wp","href":"https:\/\/api.w.org\/{rel}","templated":true}]}}