{"id":36865,"date":"2022-11-25T16:09:59","date_gmt":"2022-11-25T19:09:59","guid":{"rendered":"https:\/\/temucotelevision.cl\/web\/?p=36865"},"modified":"2022-11-25T16:10:00","modified_gmt":"2022-11-25T19:10:00","slug":"shirel-la-nueva-voz-del-pop-nacional-presenta-su-esperado-disco-debut","status":"publish","type":"post","link":"https:\/\/temucotelevision.cl\/web\/2022\/11\/25\/shirel-la-nueva-voz-del-pop-nacional-presenta-su-esperado-disco-debut\/","title":{"rendered":"Shirel: La nueva voz del pop nacional presenta su esperado disco debut"},"content":{"rendered":"<div class=\"pvc_clear\"><\/div><p id=\"pvc_stats_36865\" class=\"pvc_stats total_only  \" data-element-id=\"36865\" style=\"\"><i class=\"pvc-stats-icon large\" aria-hidden=\"true\"><svg aria-hidden=\"true\" focusable=\"false\" data-prefix=\"far\" data-icon=\"chart-bar\" role=\"img\" xmlns=\"http:\/\/www.w3.org\/2000\/svg\" viewBox=\"0 0 512 512\" class=\"svg-inline--fa fa-chart-bar fa-w-16 fa-2x\"><path fill=\"currentColor\" d=\"M396.8 352h22.4c6.4 0 12.8-6.4 12.8-12.8V108.8c0-6.4-6.4-12.8-12.8-12.8h-22.4c-6.4 0-12.8 6.4-12.8 12.8v230.4c0 6.4 6.4 12.8 12.8 12.8zm-192 0h22.4c6.4 0 12.8-6.4 12.8-12.8V140.8c0-6.4-6.4-12.8-12.8-12.8h-22.4c-6.4 0-12.8 6.4-12.8 12.8v198.4c0 6.4 6.4 12.8 12.8 12.8zm96 0h22.4c6.4 0 12.8-6.4 12.8-12.8V204.8c0-6.4-6.4-12.8-12.8-12.8h-22.4c-6.4 0-12.8 6.4-12.8 12.8v134.4c0 6.4 6.4 12.8 12.8 12.8zM496 400H48V80c0-8.84-7.16-16-16-16H16C7.16 64 0 71.16 0 80v336c0 17.67 14.33 32 32 32h464c8.84 0 16-7.16 16-16v-16c0-8.84-7.16-16-16-16zm-387.2-48h22.4c6.4 0 12.8-6.4 12.8-12.8v-70.4c0-6.4-6.4-12.8-12.8-12.8h-22.4c-6.4 0-12.8 6.4-12.8 12.8v70.4c0 6.4 6.4 12.8 12.8 12.8z\" class=\"\"><\/path><\/svg><\/i> <img loading=\"lazy\" decoding=\"async\" width=\"16\" height=\"16\" alt=\"Loading\" src=\"https:\/\/temucotelevision.cl\/web\/wp-content\/plugins\/page-views-count\/ajax-loader-2x.gif\" border=0 \/><\/p><div class=\"pvc_clear\"><\/div>\n<p class=\"has-medium-font-size\"><strong>La promisoria cantante y compositora estrena \u201cCristal\u201d, \u00e1lbum producido por Cristian Heyne, que incluye su nuevo single<a rel=\"noreferrer noopener\" href=\"https:\/\/trackercl1.fidelizador.com\/L107FAB3EGE10F5E70H10BDB1JF1047010F7K107FAB3E940284918AFD80E184&amp;t=4993\" target=\"_blank\">\u00a0\u201cControl\u201d<\/a>.<\/strong><\/p>\n\n\n\n<p>Con una carrera en pleno ascenso y convertida en una de las sorpresas del pop nacional,\u00a0<strong>Shirel\u00a0<\/strong>lanza su primer disco llamado \u201c<strong>Cristal<\/strong>\u201d. La cantante y compositora chilena ha logrado gran popularidad, siendo una de las artistas con mayor proyecci\u00f3n nacional e internacional. Gracias a su novedoso y fresco proyecto fue convocada por el sello<strong>\u00a0Virgin Music Chile y la agencia Global Talent Services (GTS),<\/strong>\u00a0para estrenar en conjunto este \u00e1lbum.<\/p>\n\n\n\n<p>A sus 23 a\u00f1os, Shirel ya cuenta con varios \u00e9xitos, entre los cuales destacan \u201cFaroles\u201d, que interpreta con Denise Rosenthal, Soulfia y Kya, adem\u00e1s de los temas que se incluyen en\u00a0<strong>\u201cCristal\u201d: \u201cRomper Platos\u201d, \u201cScarlett O\u00b4hara\u201d y\u00a0\u201cLibre Albedr\u00edo&#8221;.<\/strong><\/p>\n\n\n\n<p>El lanzamiento \u201cCristal\u201d viene de la mano del nuevo single \u201cControl\u201d, que cuenta con un videoclip dirigido por Roc\u00edo Huerta. Sobre la canci\u00f3n, Shirel comenta:<\/p>\n\n\n\n<p><strong>\u201c\u2018Control\u2019 es la canci\u00f3n central del disco y fue la m\u00e1s dif\u00edcil de escribir, porque es muy personal y significa exponerme como alguien vulnerable, fue un proceso en el que transform\u00e9 en sonidos y melod\u00edas esas cosas que pasaban dentro m\u00edo. Es una canci\u00f3n que trata sobre la ansiedad y de esta b\u00fasqueda imposible de que las cosas salgan perfectas\u201d.<\/strong><\/p>\n\n\n\n<p>La cantante nacional se inici\u00f3 en la escena el a\u00f1o 2016, con su participaci\u00f3n en el programa de talentos The Voice Chile. Posteriormente, en 2020, de la mano del destacado productor\u00a0<strong>Cristi\u00e1n Heyne,<\/strong>\u00a0lanz\u00f3 sus tres primeros sencillos,<strong>\u00a0\u201cSola\u201d, \u201cD\u00edmelo\u201d y \u201cMoney\u201d<\/strong>. El remix de este \u00faltimo tema, fue estrenado luego junto a\u00a0<strong>Polim\u00e1 Westcoast<\/strong>.<\/p>\n\n\n\n<p>Con influencias del R&amp;B, el trap y\u00a0la m\u00fasica pop y una l\u00edrica que incluye una ingeniosa propuesta, Shirel se alza como una de las nuevas l\u00edderes femeninas de la m\u00fasica latina.\u00a0<\/p>\n\n\n\n<p>Ha sido su talento y proyecci\u00f3n, las caracter\u00edsticas que la llevaron a firmar con Virgin Music Chile y Global Talent Services (GTS), iniciando un co-management junto a Somos Persona. En esta nueva etapa de su carrera, Shirel es artista EQUAL CHILE de Spotify, programa global de la plataforma que fomenta la equidad de las mujeres en la m\u00fasica, iniciativa gracias a la cual apareci\u00f3 en Time Square como artista destacada.<\/p>\n\n\n\n<p>Hace unos d\u00edas, la cantante fue la invitada especial de AITANA en su primer concierto en Chile, ocasi\u00f3n en la que Shirel brill\u00f3 m\u00e1s que nunca, cautivando al p\u00fablico que cay\u00f3 a sus pies disfrutando de su talento y energ\u00eda. Esta misma experiencia, la vivi\u00f3 en Primavera Sound, presentaci\u00f3n que adelanta lo que ser\u00e1 su show en la pr\u00f3xima edici\u00f3n de Lollapalooza Chile, donde es una de las artistas confirmadas.<\/p>\n\n\n\n<figure class=\"wp-block-embed is-type-video is-provider-youtube wp-block-embed-youtube wp-embed-aspect-16-9 wp-has-aspect-ratio\"><div class=\"wp-block-embed__wrapper\">\n<div class=\"epyt-video-wrapper\"><iframe loading=\"lazy\"  id=\"_ytid_13886\"  width=\"800\" height=\"450\"  data-origwidth=\"800\" data-origheight=\"450\" src=\"https:\/\/www.youtube.com\/embed\/_YwvWtP9vB8?enablejsapi=1&#038;autoplay=0&#038;cc_load_policy=0&#038;cc_lang_pref=&#038;iv_load_policy=1&#038;loop=0&#038;rel=1&#038;fs=1&#038;playsinline=0&#038;autohide=2&#038;theme=dark&#038;color=red&#038;controls=1&#038;disablekb=0&#038;\" class=\"__youtube_prefs__  epyt-is-override  no-lazyload\" title=\"YouTube player\"  allow=\"fullscreen; accelerometer; autoplay; clipboard-write; encrypted-media; gyroscope; picture-in-picture; web-share\" referrerpolicy=\"strict-origin-when-cross-origin\" allowfullscreen data-no-lazy=\"1\" data-skipgform_ajax_framebjll=\"\"><\/iframe><\/div>\n<\/div><\/figure>\n\n\n\n<p><\/p>\n","protected":false},"excerpt":{"rendered":"<div class=\"pvc_clear\"><\/div>\n<p id=\"pvc_stats_36865\" class=\"pvc_stats total_only  \" data-element-id=\"36865\" style=\"\"><i class=\"pvc-stats-icon large\" aria-hidden=\"true\"><svg aria-hidden=\"true\" focusable=\"false\" data-prefix=\"far\" data-icon=\"chart-bar\" role=\"img\" xmlns=\"http:\/\/www.w3.org\/2000\/svg\" viewBox=\"0 0 512 512\" class=\"svg-inline--fa fa-chart-bar fa-w-16 fa-2x\"><path fill=\"currentColor\" d=\"M396.8 352h22.4c6.4 0 12.8-6.4 12.8-12.8V108.8c0-6.4-6.4-12.8-12.8-12.8h-22.4c-6.4 0-12.8 6.4-12.8 12.8v230.4c0 6.4 6.4 12.8 12.8 12.8zm-192 0h22.4c6.4 0 12.8-6.4 12.8-12.8V140.8c0-6.4-6.4-12.8-12.8-12.8h-22.4c-6.4 0-12.8 6.4-12.8 12.8v198.4c0 6.4 6.4 12.8 12.8 12.8zm96 0h22.4c6.4 0 12.8-6.4 12.8-12.8V204.8c0-6.4-6.4-12.8-12.8-12.8h-22.4c-6.4 0-12.8 6.4-12.8 12.8v134.4c0 6.4 6.4 12.8 12.8 12.8zM496 400H48V80c0-8.84-7.16-16-16-16H16C7.16 64 0 71.16 0 80v336c0 17.67 14.33 32 32 32h464c8.84 0 16-7.16 16-16v-16c0-8.84-7.16-16-16-16zm-387.2-48h22.4c6.4 0 12.8-6.4 12.8-12.8v-70.4c0-6.4-6.4-12.8-12.8-12.8h-22.4c-6.4 0-12.8 6.4-12.8 12.8v70.4c0 6.4 6.4 12.8 12.8 12.8z\" class=\"\"><\/path><\/svg><\/i> <img loading=\"lazy\" decoding=\"async\" width=\"16\" height=\"16\" alt=\"Loading\" src=\"https:\/\/temucotelevision.cl\/web\/wp-content\/plugins\/page-views-count\/ajax-loader-2x.gif\" border=0 \/><\/p>\n<div class=\"pvc_clear\"><\/div>\n<p>La promisoria cantante y compositora estrena \u201cCristal\u201d, \u00e1lbum producido por Cristian Heyne, que incluye su nuevo single\u00a0\u201cControl\u201d. Con una carrera<\/p>\n","protected":false},"author":1,"featured_media":36866,"comment_status":"open","ping_status":"open","sticky":false,"template":"","format":"standard","meta":{"colormag_page_container_layout":"default_layout","colormag_page_sidebar_layout":"default_layout","footnotes":""},"categories":[369,1],"tags":[],"class_list":["post-36865","post","type-post","status-publish","format-standard","has-post-thumbnail","hentry","category-musica","category-sin-categoria"],"a3_pvc":{"activated":true,"total_views":40,"today_views":0},"_links":{"self":[{"href":"https:\/\/temucotelevision.cl\/web\/wp-json\/wp\/v2\/posts\/36865","targetHints":{"allow":["GET"]}}],"collection":[{"href":"https:\/\/temucotelevision.cl\/web\/wp-json\/wp\/v2\/posts"}],"about":[{"href":"https:\/\/temucotelevision.cl\/web\/wp-json\/wp\/v2\/types\/post"}],"author":[{"embeddable":true,"href":"https:\/\/temucotelevision.cl\/web\/wp-json\/wp\/v2\/users\/1"}],"replies":[{"embeddable":true,"href":"https:\/\/temucotelevision.cl\/web\/wp-json\/wp\/v2\/comments?post=36865"}],"version-history":[{"count":1,"href":"https:\/\/temucotelevision.cl\/web\/wp-json\/wp\/v2\/posts\/36865\/revisions"}],"predecessor-version":[{"id":36867,"href":"https:\/\/temucotelevision.cl\/web\/wp-json\/wp\/v2\/posts\/36865\/revisions\/36867"}],"wp:featuredmedia":[{"embeddable":true,"href":"https:\/\/temucotelevision.cl\/web\/wp-json\/wp\/v2\/media\/36866"}],"wp:attachment":[{"href":"https:\/\/temucotelevision.cl\/web\/wp-json\/wp\/v2\/media?parent=36865"}],"wp:term":[{"taxonomy":"category","embeddable":true,"href":"https:\/\/temucotelevision.cl\/web\/wp-json\/wp\/v2\/categories?post=36865"},{"taxonomy":"post_tag","embeddable":true,"href":"https:\/\/temucotelevision.cl\/web\/wp-json\/wp\/v2\/tags?post=36865"}],"curies":[{"name":"wp","href":"https:\/\/api.w.org\/{rel}","templated":true}]}}