{"id":36861,"date":"2022-11-25T12:13:51","date_gmt":"2022-11-25T15:13:51","guid":{"rendered":"https:\/\/temucotelevision.cl\/web\/?p=36861"},"modified":"2022-11-25T12:13:52","modified_gmt":"2022-11-25T15:13:52","slug":"emociones-clandestinas-julius-popper-demian-rodriguez-se-preparan-para-el-gran-cierre-de-ano-en-el-festival-jardin-sonoro%ef%bf%bc","status":"publish","type":"post","link":"https:\/\/temucotelevision.cl\/web\/2022\/11\/25\/emociones-clandestinas-julius-popper-demian-rodriguez-se-preparan-para-el-gran-cierre-de-ano-en-el-festival-jardin-sonoro%ef%bf%bc\/","title":{"rendered":"Emociones Clandestinas, Julius Popper, Demian Rodr\u00edguez se preparan para el gran cierre de a\u00f1o en el Festival Jard\u00edn Sonoro\ufffc"},"content":{"rendered":"<div class=\"pvc_clear\"><\/div><p id=\"pvc_stats_36861\" class=\"pvc_stats total_only  \" data-element-id=\"36861\" style=\"\"><i class=\"pvc-stats-icon large\" aria-hidden=\"true\"><svg aria-hidden=\"true\" focusable=\"false\" data-prefix=\"far\" data-icon=\"chart-bar\" role=\"img\" xmlns=\"http:\/\/www.w3.org\/2000\/svg\" viewBox=\"0 0 512 512\" class=\"svg-inline--fa fa-chart-bar fa-w-16 fa-2x\"><path fill=\"currentColor\" d=\"M396.8 352h22.4c6.4 0 12.8-6.4 12.8-12.8V108.8c0-6.4-6.4-12.8-12.8-12.8h-22.4c-6.4 0-12.8 6.4-12.8 12.8v230.4c0 6.4 6.4 12.8 12.8 12.8zm-192 0h22.4c6.4 0 12.8-6.4 12.8-12.8V140.8c0-6.4-6.4-12.8-12.8-12.8h-22.4c-6.4 0-12.8 6.4-12.8 12.8v198.4c0 6.4 6.4 12.8 12.8 12.8zm96 0h22.4c6.4 0 12.8-6.4 12.8-12.8V204.8c0-6.4-6.4-12.8-12.8-12.8h-22.4c-6.4 0-12.8 6.4-12.8 12.8v134.4c0 6.4 6.4 12.8 12.8 12.8zM496 400H48V80c0-8.84-7.16-16-16-16H16C7.16 64 0 71.16 0 80v336c0 17.67 14.33 32 32 32h464c8.84 0 16-7.16 16-16v-16c0-8.84-7.16-16-16-16zm-387.2-48h22.4c6.4 0 12.8-6.4 12.8-12.8v-70.4c0-6.4-6.4-12.8-12.8-12.8h-22.4c-6.4 0-12.8 6.4-12.8 12.8v70.4c0 6.4 6.4 12.8 12.8 12.8z\" class=\"\"><\/path><\/svg><\/i> <img loading=\"lazy\" decoding=\"async\" width=\"16\" height=\"16\" alt=\"Loading\" src=\"https:\/\/temucotelevision.cl\/web\/wp-content\/plugins\/page-views-count\/ajax-loader-2x.gif\" border=0 \/><\/p><div class=\"pvc_clear\"><\/div>\n<h4 class=\"has-medium-font-size wp-block-heading\"><strong>Emociones clandestinas, Julius Popper y Demian Rodr\u00edguez\u00a0encabezan la quinta versi\u00f3n de Jard\u00edn Sonoro, el que tendr\u00e1 lugar los d\u00edas 10 y 11 de diciembre en el Palacio Vergara en Vi\u00f1a del Mar con entrada liberada.<\/strong><\/h4>\n\n\n\n<p>El festival vi\u00f1amarino\u00a0<a rel=\"noreferrer noopener\" href=\"https:\/\/dualcommunity.us5.list-manage.com\/track\/click?u=79a86e888635868c7967a8ae8&amp;id=d20b660bf7&amp;e=70f0e16daa\" target=\"_blank\">Jard\u00edn Sonoro<\/a>\u00a0se prepara para celebrar su\u00a0<strong>quinta versi\u00f3n<\/strong>\u00a0y como ya es tradici\u00f3n,\u00a0<strong>mezcla la m\u00fasica con distintos emprendedores de la quinta regi\u00f3n<\/strong>, entregando al p\u00fablico una instancia de encuentro con la naturaleza, a plena luz del d\u00eda. Desde sus inicios, ha sido una propuesta con una excelente acogida por parte de la\u00a0<strong>comunidad vi\u00f1amarina, la escena musical nacional, los artesanos y emprendedores locales<\/strong>. Es que\u00a0<strong>Jard\u00edn Sonoro<\/strong>\u00a0es m\u00e1s que un festival que aspira a la masividad, es un festival que se realiza en un lugar emblem\u00e1tico de<strong>\u00a0Vi\u00f1a del Mar<\/strong>\u00a0como lo es el\u00a0<strong>Palacio Vergara<\/strong>, pensado para el encuentro familiar.<\/p>\n\n\n\n<p>Cabe destacar, que\u00a0<a rel=\"noreferrer noopener\" href=\"https:\/\/dualcommunity.us5.list-manage.com\/track\/click?u=79a86e888635868c7967a8ae8&amp;id=0075fc61f4&amp;e=70f0e16daa\" target=\"_blank\">Jard\u00edn Sonoro<\/a>, se ha transformado con el tiempo, en un espacio esperado por toda la familia. En este punto apuesta por el acceso de la comunidad a un evento de primer nivel con permanente\u00a0<strong>entrada liberada<\/strong>\u00a0como forma de enviar un mensaje de que este original festival, busca abrir espacios que normalmente est\u00e1n destinados para p\u00fablicos espec\u00edficos, esta propuesta busca expandir esos l\u00edmites.\u00a0<\/p>\n\n\n\n<p>Dentro de sus atractivos, ofrece principalmente\u00a0<strong>dos escenarios,<\/strong>\u00a0un escenario principal con grandes artistas de la escena musical nacional y un segundo escenario con enfoque en la infancia y la familia, con entretenciones durante todo el d\u00eda. Adem\u00e1s,\u00a0<a rel=\"noreferrer noopener\" href=\"https:\/\/dualcommunity.us5.list-manage.com\/track\/click?u=79a86e888635868c7967a8ae8&amp;id=20fa6ad83c&amp;e=70f0e16daa\" target=\"_blank\">Jard\u00edn Sonoro<\/a>\u00a0incluye una variada feria de emprendedores, con los m\u00e1s diversos oficios, en una \u00e9poca especialmente dif\u00edcil para los emprendedores locales.\u00a0<\/p>\n\n\n\n<p>La invitaci\u00f3n es para disfrutar los d\u00edas\u00a0<strong>10 y 11 de diciembre<\/strong>, de una gran variedad gastron\u00f3mica y la infaltable cerveza artesanal para acompa\u00f1ar un d\u00eda de cultura y entretenci\u00f3n. Los m\u00e1s peque\u00f1os podr\u00e1n acceder a juegos infantiles y presentaciones en vivo, que incluyen cuentacuentos, pinta caritas, encuentros de mascotas, show de t\u00edteres, entre otras actividades.<\/p>\n\n\n\n<p>En su q<strong>uinta versi\u00f3n<\/strong>,\u00a0<a rel=\"noreferrer noopener\" href=\"https:\/\/dualcommunity.us5.list-manage.com\/track\/click?u=79a86e888635868c7967a8ae8&amp;id=e4597b2b2c&amp;e=70f0e16daa\" target=\"_blank\">Jard\u00edn Sonoro<\/a>se posiciona como un festival que vino para quedarse, con una propuesta s\u00f3lida que busca integrar a la comunidad vi\u00f1amarina, que aspira a ser un espacio para la cultura y el arte en su amplia gama, un festival para todos los gustos, con una variada parrilla program\u00e1tica, que incluye adem\u00e1s a los artistas locales y m\u00fasicos independientes. Para conocer m\u00e1s detalles de la programaci\u00f3n de Jard\u00edn\u00a0Sonoro, puedes visitar sus redes sociales en\u00a0\u00a0<a rel=\"noreferrer noopener\" href=\"https:\/\/dualcommunity.us5.list-manage.com\/track\/click?u=79a86e888635868c7967a8ae8&amp;id=ba9c212afc&amp;e=70f0e16daa\" target=\"_blank\">Instagram<\/a>\u00a0y\u00a0<a rel=\"noreferrer noopener\" href=\"https:\/\/dualcommunity.us5.list-manage.com\/track\/click?u=79a86e888635868c7967a8ae8&amp;id=7bfd97143f&amp;e=70f0e16daa\" target=\"_blank\">Facebook<\/a>.<\/p>\n\n\n\n<p>Para cerrar este 2022 el\u00a0<strong>Palacio Vergara\u00a0<\/strong>recibir\u00e1 en sus jardines a\u00a0<strong>Emociones Clandestinas, Julius Popper, Demian Rodr\u00edguez, Javiera Electra, Pavez &amp; Los Inseguros, Iza El Alma, Ciudadanos, Alejo &amp; Los Rollingpaper, Tevo Sonoro, Alex Flaco, Johnson Kelu, Riveira, Disparate Circo, Fer Canta, Funktasmas, Cuenta Cuentos Pily, Dj Erices.<\/strong><\/p>\n\n\n\n<p><strong>La cita es para este 10 y 11 de diciembre\u00a0desde las 10:30 hasta las 20 hrs (Ingreso al recinto s\u00f3lo hasta las 19 hrs) en los Jardines del Palacio Vergara de Vi\u00f1a del Mar.<br>Entrada: LIBERADA.<\/strong><br><\/p>\n\n\n\n<figure class=\"wp-block-image size-large\"><img loading=\"lazy\" decoding=\"async\" width=\"818\" height=\"1024\" src=\"https:\/\/temucotelevision.cl\/web\/wp-content\/uploads\/2022\/11\/image-3-818x1024.png\" alt=\"\" class=\"wp-image-36862\" srcset=\"https:\/\/temucotelevision.cl\/web\/wp-content\/uploads\/2022\/11\/image-3-818x1024.png 818w, https:\/\/temucotelevision.cl\/web\/wp-content\/uploads\/2022\/11\/image-3-768x961.png 768w, https:\/\/temucotelevision.cl\/web\/wp-content\/uploads\/2022\/11\/image-3.png 1023w\" sizes=\"auto, (max-width: 818px) 100vw, 818px\" \/><\/figure>\n\n\n\n<p><\/p>\n\n\n\n<h4 class=\"wp-block-heading\">&nbsp;<\/h4>\n\n\n\n<p><\/p>\n\n\n\n<p><\/p>\n","protected":false},"excerpt":{"rendered":"<div class=\"pvc_clear\"><\/div>\n<p id=\"pvc_stats_36861\" class=\"pvc_stats total_only  \" data-element-id=\"36861\" style=\"\"><i class=\"pvc-stats-icon large\" aria-hidden=\"true\"><svg aria-hidden=\"true\" focusable=\"false\" data-prefix=\"far\" data-icon=\"chart-bar\" role=\"img\" xmlns=\"http:\/\/www.w3.org\/2000\/svg\" viewBox=\"0 0 512 512\" class=\"svg-inline--fa fa-chart-bar fa-w-16 fa-2x\"><path fill=\"currentColor\" d=\"M396.8 352h22.4c6.4 0 12.8-6.4 12.8-12.8V108.8c0-6.4-6.4-12.8-12.8-12.8h-22.4c-6.4 0-12.8 6.4-12.8 12.8v230.4c0 6.4 6.4 12.8 12.8 12.8zm-192 0h22.4c6.4 0 12.8-6.4 12.8-12.8V140.8c0-6.4-6.4-12.8-12.8-12.8h-22.4c-6.4 0-12.8 6.4-12.8 12.8v198.4c0 6.4 6.4 12.8 12.8 12.8zm96 0h22.4c6.4 0 12.8-6.4 12.8-12.8V204.8c0-6.4-6.4-12.8-12.8-12.8h-22.4c-6.4 0-12.8 6.4-12.8 12.8v134.4c0 6.4 6.4 12.8 12.8 12.8zM496 400H48V80c0-8.84-7.16-16-16-16H16C7.16 64 0 71.16 0 80v336c0 17.67 14.33 32 32 32h464c8.84 0 16-7.16 16-16v-16c0-8.84-7.16-16-16-16zm-387.2-48h22.4c6.4 0 12.8-6.4 12.8-12.8v-70.4c0-6.4-6.4-12.8-12.8-12.8h-22.4c-6.4 0-12.8 6.4-12.8 12.8v70.4c0 6.4 6.4 12.8 12.8 12.8z\" class=\"\"><\/path><\/svg><\/i> <img loading=\"lazy\" decoding=\"async\" width=\"16\" height=\"16\" alt=\"Loading\" src=\"https:\/\/temucotelevision.cl\/web\/wp-content\/plugins\/page-views-count\/ajax-loader-2x.gif\" border=0 \/><\/p>\n<div class=\"pvc_clear\"><\/div>\n<p>Emociones clandestinas, Julius Popper y Demian Rodr\u00edguez\u00a0encabezan la quinta versi\u00f3n de Jard\u00edn Sonoro, el que tendr\u00e1 lugar los d\u00edas 10<\/p>\n","protected":false},"author":1,"featured_media":36863,"comment_status":"open","ping_status":"open","sticky":false,"template":"","format":"standard","meta":{"colormag_page_container_layout":"default_layout","colormag_page_sidebar_layout":"default_layout","footnotes":""},"categories":[369,86],"tags":[],"class_list":["post-36861","post","type-post","status-publish","format-standard","has-post-thumbnail","hentry","category-musica","category-panoramas"],"a3_pvc":{"activated":true,"total_views":34,"today_views":0},"_links":{"self":[{"href":"https:\/\/temucotelevision.cl\/web\/wp-json\/wp\/v2\/posts\/36861","targetHints":{"allow":["GET"]}}],"collection":[{"href":"https:\/\/temucotelevision.cl\/web\/wp-json\/wp\/v2\/posts"}],"about":[{"href":"https:\/\/temucotelevision.cl\/web\/wp-json\/wp\/v2\/types\/post"}],"author":[{"embeddable":true,"href":"https:\/\/temucotelevision.cl\/web\/wp-json\/wp\/v2\/users\/1"}],"replies":[{"embeddable":true,"href":"https:\/\/temucotelevision.cl\/web\/wp-json\/wp\/v2\/comments?post=36861"}],"version-history":[{"count":1,"href":"https:\/\/temucotelevision.cl\/web\/wp-json\/wp\/v2\/posts\/36861\/revisions"}],"predecessor-version":[{"id":36864,"href":"https:\/\/temucotelevision.cl\/web\/wp-json\/wp\/v2\/posts\/36861\/revisions\/36864"}],"wp:featuredmedia":[{"embeddable":true,"href":"https:\/\/temucotelevision.cl\/web\/wp-json\/wp\/v2\/media\/36863"}],"wp:attachment":[{"href":"https:\/\/temucotelevision.cl\/web\/wp-json\/wp\/v2\/media?parent=36861"}],"wp:term":[{"taxonomy":"category","embeddable":true,"href":"https:\/\/temucotelevision.cl\/web\/wp-json\/wp\/v2\/categories?post=36861"},{"taxonomy":"post_tag","embeddable":true,"href":"https:\/\/temucotelevision.cl\/web\/wp-json\/wp\/v2\/tags?post=36861"}],"curies":[{"name":"wp","href":"https:\/\/api.w.org\/{rel}","templated":true}]}}