{"id":36858,"date":"2022-11-25T11:35:03","date_gmt":"2022-11-25T14:35:03","guid":{"rendered":"https:\/\/temucotelevision.cl\/web\/?p=36858"},"modified":"2022-11-25T11:35:03","modified_gmt":"2022-11-25T14:35:03","slug":"corporacion-defendamos-temuco-pide-a-minvu-retomar-plan-maestro-rescate-rio-cautin","status":"publish","type":"post","link":"https:\/\/temucotelevision.cl\/web\/2022\/11\/25\/corporacion-defendamos-temuco-pide-a-minvu-retomar-plan-maestro-rescate-rio-cautin\/","title":{"rendered":"Corporaci\u00f3n &#8220;Defendamos Temuco&#8221; pide a Minvu retomar plan maestro rescate R\u00edo Caut\u00edn"},"content":{"rendered":"<div class=\"pvc_clear\"><\/div><p id=\"pvc_stats_36858\" class=\"pvc_stats total_only  \" data-element-id=\"36858\" style=\"\"><i class=\"pvc-stats-icon large\" aria-hidden=\"true\"><svg aria-hidden=\"true\" focusable=\"false\" data-prefix=\"far\" data-icon=\"chart-bar\" role=\"img\" xmlns=\"http:\/\/www.w3.org\/2000\/svg\" viewBox=\"0 0 512 512\" class=\"svg-inline--fa fa-chart-bar fa-w-16 fa-2x\"><path fill=\"currentColor\" d=\"M396.8 352h22.4c6.4 0 12.8-6.4 12.8-12.8V108.8c0-6.4-6.4-12.8-12.8-12.8h-22.4c-6.4 0-12.8 6.4-12.8 12.8v230.4c0 6.4 6.4 12.8 12.8 12.8zm-192 0h22.4c6.4 0 12.8-6.4 12.8-12.8V140.8c0-6.4-6.4-12.8-12.8-12.8h-22.4c-6.4 0-12.8 6.4-12.8 12.8v198.4c0 6.4 6.4 12.8 12.8 12.8zm96 0h22.4c6.4 0 12.8-6.4 12.8-12.8V204.8c0-6.4-6.4-12.8-12.8-12.8h-22.4c-6.4 0-12.8 6.4-12.8 12.8v134.4c0 6.4 6.4 12.8 12.8 12.8zM496 400H48V80c0-8.84-7.16-16-16-16H16C7.16 64 0 71.16 0 80v336c0 17.67 14.33 32 32 32h464c8.84 0 16-7.16 16-16v-16c0-8.84-7.16-16-16-16zm-387.2-48h22.4c6.4 0 12.8-6.4 12.8-12.8v-70.4c0-6.4-6.4-12.8-12.8-12.8h-22.4c-6.4 0-12.8 6.4-12.8 12.8v70.4c0 6.4 6.4 12.8 12.8 12.8z\" class=\"\"><\/path><\/svg><\/i> <img loading=\"lazy\" decoding=\"async\" width=\"16\" height=\"16\" alt=\"Loading\" src=\"https:\/\/temucotelevision.cl\/web\/wp-content\/plugins\/page-views-count\/ajax-loader-2x.gif\" border=0 \/><\/p><div class=\"pvc_clear\"><\/div>\n<p><strong><em>Organizaci\u00f3n solicit\u00f3 priorizar presupuesto y gesti\u00f3n para futura nueva licitaci\u00f3n a\u00f1o 2023<\/em><\/strong><\/p>\n\n\n\n<p>La Corporaci\u00f3n \u201cDefendamos Temuco\u201d se reuni\u00f3 con la Seremi de Vivienda y equipos t\u00e9cnicos para solicitar que se prioricen las gestiones ante el nivel central para retomar el a\u00f1o 2023 el Estudio Plan Maestro Rescate R\u00edo Caut\u00edn, esto tras poner t\u00e9rmino al contrato de la consultora pro ciudad (U. Aut\u00f3noma) que estaba a cargo de esta iniciativa por diversos incumplimientos y retrasos en los trabajos contratados.<\/p>\n\n\n\n<p>As\u00ed lo informaron sus dirigentes, quienes dieron a conocer que \u201cse har\u00e1 una nueva licitaci\u00f3n al t\u00e9rmino del 1er semestre 2023, empezando desde la Etapa 2 pues la etapa 1 qued\u00f3 aceptada, donde se acord\u00f3 profundizar la participaci\u00f3n activa y democr\u00e1tica de las diversas organizaciones de la sociedad civil que han promovido e impulsado esta iniciativa que busca sentar las bases de planificaci\u00f3n territorial para futuros dise\u00f1os que permitan rescatar los bordes del Rio Caut\u00edn con proyectos que salden la deuda de Temuco y Padre Las Casas con esta emblem\u00e1tico patrimonio ambiental de la intercomuna.<\/p>\n\n\n\n<p>Daniel Hidalgo, Pablo Manquenahuel, Claudia Torres y Francisco Diaz dirigentes de Defendamos Temuco recalcaron que \u201ces fundamental que el Ministerio brinde prioridad a esta proyecto, la ciudad no son solo viviendas, es espacio p\u00fablico digno, de encuentro y cohesi\u00f3n social, donde los bordes del Caut\u00edn hoy son un punto negro frente a las dos tremendas obras como son el Parque Isla Caut\u00edn y el Puente Treng Treng Kay Kay, por lo que es necesario recuperarlo para la familia, el deporte, el turismo y la recreaciones de todas y todos\u201d, concluyeron.<\/p>\n\n\n\n<p>Cabe mencionar que este Estudio Plan Maestro tiene un costo de 350 millones, donde la contraparte t\u00e9cnica en el proyecto son las Municipalidades, DOH, Bienes Nacionales, Medioambiente, Transporte, Turismo, MOP, Minvu y Gobierno Regional.&nbsp;&nbsp;<\/p>\n","protected":false},"excerpt":{"rendered":"<div class=\"pvc_clear\"><\/div>\n<p id=\"pvc_stats_36858\" class=\"pvc_stats total_only  \" data-element-id=\"36858\" style=\"\"><i class=\"pvc-stats-icon large\" aria-hidden=\"true\"><svg aria-hidden=\"true\" focusable=\"false\" data-prefix=\"far\" data-icon=\"chart-bar\" role=\"img\" xmlns=\"http:\/\/www.w3.org\/2000\/svg\" viewBox=\"0 0 512 512\" class=\"svg-inline--fa fa-chart-bar fa-w-16 fa-2x\"><path fill=\"currentColor\" d=\"M396.8 352h22.4c6.4 0 12.8-6.4 12.8-12.8V108.8c0-6.4-6.4-12.8-12.8-12.8h-22.4c-6.4 0-12.8 6.4-12.8 12.8v230.4c0 6.4 6.4 12.8 12.8 12.8zm-192 0h22.4c6.4 0 12.8-6.4 12.8-12.8V140.8c0-6.4-6.4-12.8-12.8-12.8h-22.4c-6.4 0-12.8 6.4-12.8 12.8v198.4c0 6.4 6.4 12.8 12.8 12.8zm96 0h22.4c6.4 0 12.8-6.4 12.8-12.8V204.8c0-6.4-6.4-12.8-12.8-12.8h-22.4c-6.4 0-12.8 6.4-12.8 12.8v134.4c0 6.4 6.4 12.8 12.8 12.8zM496 400H48V80c0-8.84-7.16-16-16-16H16C7.16 64 0 71.16 0 80v336c0 17.67 14.33 32 32 32h464c8.84 0 16-7.16 16-16v-16c0-8.84-7.16-16-16-16zm-387.2-48h22.4c6.4 0 12.8-6.4 12.8-12.8v-70.4c0-6.4-6.4-12.8-12.8-12.8h-22.4c-6.4 0-12.8 6.4-12.8 12.8v70.4c0 6.4 6.4 12.8 12.8 12.8z\" class=\"\"><\/path><\/svg><\/i> <img loading=\"lazy\" decoding=\"async\" width=\"16\" height=\"16\" alt=\"Loading\" src=\"https:\/\/temucotelevision.cl\/web\/wp-content\/plugins\/page-views-count\/ajax-loader-2x.gif\" border=0 \/><\/p>\n<div class=\"pvc_clear\"><\/div>\n<p>Organizaci\u00f3n solicit\u00f3 priorizar presupuesto y gesti\u00f3n para futura nueva licitaci\u00f3n a\u00f1o 2023 La Corporaci\u00f3n \u201cDefendamos Temuco\u201d se reuni\u00f3 con la<\/p>\n","protected":false},"author":1,"featured_media":36859,"comment_status":"open","ping_status":"open","sticky":false,"template":"","format":"standard","meta":{"colormag_page_container_layout":"default_layout","colormag_page_sidebar_layout":"default_layout","footnotes":""},"categories":[14],"tags":[2151,4371,1751,279,1053,368],"class_list":["post-36858","post","type-post","status-publish","format-standard","has-post-thumbnail","hentry","category-temuco","tag-corporacion","tag-gestion","tag-organizacion","tag-parque","tag-rescate","tag-rio"],"a3_pvc":{"activated":true,"total_views":55,"today_views":0},"_links":{"self":[{"href":"https:\/\/temucotelevision.cl\/web\/wp-json\/wp\/v2\/posts\/36858","targetHints":{"allow":["GET"]}}],"collection":[{"href":"https:\/\/temucotelevision.cl\/web\/wp-json\/wp\/v2\/posts"}],"about":[{"href":"https:\/\/temucotelevision.cl\/web\/wp-json\/wp\/v2\/types\/post"}],"author":[{"embeddable":true,"href":"https:\/\/temucotelevision.cl\/web\/wp-json\/wp\/v2\/users\/1"}],"replies":[{"embeddable":true,"href":"https:\/\/temucotelevision.cl\/web\/wp-json\/wp\/v2\/comments?post=36858"}],"version-history":[{"count":1,"href":"https:\/\/temucotelevision.cl\/web\/wp-json\/wp\/v2\/posts\/36858\/revisions"}],"predecessor-version":[{"id":36860,"href":"https:\/\/temucotelevision.cl\/web\/wp-json\/wp\/v2\/posts\/36858\/revisions\/36860"}],"wp:featuredmedia":[{"embeddable":true,"href":"https:\/\/temucotelevision.cl\/web\/wp-json\/wp\/v2\/media\/36859"}],"wp:attachment":[{"href":"https:\/\/temucotelevision.cl\/web\/wp-json\/wp\/v2\/media?parent=36858"}],"wp:term":[{"taxonomy":"category","embeddable":true,"href":"https:\/\/temucotelevision.cl\/web\/wp-json\/wp\/v2\/categories?post=36858"},{"taxonomy":"post_tag","embeddable":true,"href":"https:\/\/temucotelevision.cl\/web\/wp-json\/wp\/v2\/tags?post=36858"}],"curies":[{"name":"wp","href":"https:\/\/api.w.org\/{rel}","templated":true}]}}