{"id":36855,"date":"2022-11-25T11:28:43","date_gmt":"2022-11-25T14:28:43","guid":{"rendered":"https:\/\/temucotelevision.cl\/web\/?p=36855"},"modified":"2022-11-25T11:28:43","modified_gmt":"2022-11-25T14:28:43","slug":"hasta-30-mil-litros-diarios-de-agua-pierde-una-vivienda-por-filtraciones","status":"publish","type":"post","link":"https:\/\/temucotelevision.cl\/web\/2022\/11\/25\/hasta-30-mil-litros-diarios-de-agua-pierde-una-vivienda-por-filtraciones\/","title":{"rendered":"Hasta 30 mil litros diarios de agua pierde una vivienda por filtraciones\u00a0"},"content":{"rendered":"<div class=\"pvc_clear\"><\/div><p id=\"pvc_stats_36855\" class=\"pvc_stats total_only  \" data-element-id=\"36855\" style=\"\"><i class=\"pvc-stats-icon large\" aria-hidden=\"true\"><svg aria-hidden=\"true\" focusable=\"false\" data-prefix=\"far\" data-icon=\"chart-bar\" role=\"img\" xmlns=\"http:\/\/www.w3.org\/2000\/svg\" viewBox=\"0 0 512 512\" class=\"svg-inline--fa fa-chart-bar fa-w-16 fa-2x\"><path fill=\"currentColor\" d=\"M396.8 352h22.4c6.4 0 12.8-6.4 12.8-12.8V108.8c0-6.4-6.4-12.8-12.8-12.8h-22.4c-6.4 0-12.8 6.4-12.8 12.8v230.4c0 6.4 6.4 12.8 12.8 12.8zm-192 0h22.4c6.4 0 12.8-6.4 12.8-12.8V140.8c0-6.4-6.4-12.8-12.8-12.8h-22.4c-6.4 0-12.8 6.4-12.8 12.8v198.4c0 6.4 6.4 12.8 12.8 12.8zm96 0h22.4c6.4 0 12.8-6.4 12.8-12.8V204.8c0-6.4-6.4-12.8-12.8-12.8h-22.4c-6.4 0-12.8 6.4-12.8 12.8v134.4c0 6.4 6.4 12.8 12.8 12.8zM496 400H48V80c0-8.84-7.16-16-16-16H16C7.16 64 0 71.16 0 80v336c0 17.67 14.33 32 32 32h464c8.84 0 16-7.16 16-16v-16c0-8.84-7.16-16-16-16zm-387.2-48h22.4c6.4 0 12.8-6.4 12.8-12.8v-70.4c0-6.4-6.4-12.8-12.8-12.8h-22.4c-6.4 0-12.8 6.4-12.8 12.8v70.4c0 6.4 6.4 12.8 12.8 12.8z\" class=\"\"><\/path><\/svg><\/i> <img loading=\"lazy\" decoding=\"async\" width=\"16\" height=\"16\" alt=\"Loading\" src=\"https:\/\/temucotelevision.cl\/web\/wp-content\/plugins\/page-views-count\/ajax-loader-2x.gif\" border=0 \/><\/p><div class=\"pvc_clear\"><\/div>\n<p><em>Una serie de medidas para evitar alzas en las cuentas, entreg\u00f3 Aguas Araucan\u00eda en un per\u00edodo marcado por las altas temperaturas y la escasez h\u00eddrica que vive el pa\u00eds.<\/em><\/p>\n\n\n\n<p>Revisar de forma peri\u00f3dica los artefactos del ba\u00f1o y cocina, puede prevenir un alza inesperada en las cuentas, pero lo que es m\u00e1s importante, evitar la p\u00e9rdida de hasta 30 mil litros de agua producto de ca\u00f1er\u00edas en mal estado.&nbsp;<\/p>\n\n\n\n<p>As\u00ed lo destac\u00f3 el gerente de Clientes de Aguas Araucan\u00eda, Milton Morales quien detall\u00f3 una serie de medidas que deben adoptarse para hacer un uso responsable del recurso en un per\u00edodo marcado por las altas temperaturas y la escasez h\u00eddrica que vive el pa\u00eds.<\/p>\n\n\n\n<p>Acciones como revisar que las llaves est\u00e9n bien cerradas, regar en horas de menos temperatura, usar la lavadora con carga completa, no dejar el agua corriendo y tener duchas breves, promueven un uso consciente de este vital elemento.<\/p>\n\n\n\n<p>\u201cEs importante que podamos generar h\u00e1bitos de uso responsable en la comunidad. Cuidar el agua no es solo un concepto, son una serie de acciones que deben asumirse como tarea prioritaria en nuestras familias, porque se trata de un recuro limitado y hoy m\u00e1s que nunca, escaso.<\/p>\n\n\n\n<p><strong>SOBRECONSUMO<\/strong><\/p>\n\n\n\n<p>Finalmente, el ejecutivo record\u00f3 que el 1 de diciembre comienza el per\u00edodo de sobreconsumo, donde el cobro del agua aumenta si el consumo supera los 40 m3. En la Araucan\u00eda solo un 3% de los usuarios de la sanitaria regional registran sobreconsumo.<\/p>\n\n\n\n<p>\u201cPara quienes hoy tengan alzas en sus cuentas o m\u00e1s aun dificultad de pago, recordar que mantenemos una serie de convenios de pago disponibles para que regularicen su deuda, sobre todo pensando que prontamente comienza el verano y con ello el aumento en el consumo de agua\u201d, dijo.<\/p>\n","protected":false},"excerpt":{"rendered":"<div class=\"pvc_clear\"><\/div>\n<p id=\"pvc_stats_36855\" class=\"pvc_stats total_only  \" data-element-id=\"36855\" style=\"\"><i class=\"pvc-stats-icon large\" aria-hidden=\"true\"><svg aria-hidden=\"true\" focusable=\"false\" data-prefix=\"far\" data-icon=\"chart-bar\" role=\"img\" xmlns=\"http:\/\/www.w3.org\/2000\/svg\" viewBox=\"0 0 512 512\" class=\"svg-inline--fa fa-chart-bar fa-w-16 fa-2x\"><path fill=\"currentColor\" d=\"M396.8 352h22.4c6.4 0 12.8-6.4 12.8-12.8V108.8c0-6.4-6.4-12.8-12.8-12.8h-22.4c-6.4 0-12.8 6.4-12.8 12.8v230.4c0 6.4 6.4 12.8 12.8 12.8zm-192 0h22.4c6.4 0 12.8-6.4 12.8-12.8V140.8c0-6.4-6.4-12.8-12.8-12.8h-22.4c-6.4 0-12.8 6.4-12.8 12.8v198.4c0 6.4 6.4 12.8 12.8 12.8zm96 0h22.4c6.4 0 12.8-6.4 12.8-12.8V204.8c0-6.4-6.4-12.8-12.8-12.8h-22.4c-6.4 0-12.8 6.4-12.8 12.8v134.4c0 6.4 6.4 12.8 12.8 12.8zM496 400H48V80c0-8.84-7.16-16-16-16H16C7.16 64 0 71.16 0 80v336c0 17.67 14.33 32 32 32h464c8.84 0 16-7.16 16-16v-16c0-8.84-7.16-16-16-16zm-387.2-48h22.4c6.4 0 12.8-6.4 12.8-12.8v-70.4c0-6.4-6.4-12.8-12.8-12.8h-22.4c-6.4 0-12.8 6.4-12.8 12.8v70.4c0 6.4 6.4 12.8 12.8 12.8z\" class=\"\"><\/path><\/svg><\/i> <img loading=\"lazy\" decoding=\"async\" width=\"16\" height=\"16\" alt=\"Loading\" src=\"https:\/\/temucotelevision.cl\/web\/wp-content\/plugins\/page-views-count\/ajax-loader-2x.gif\" border=0 \/><\/p>\n<div class=\"pvc_clear\"><\/div>\n<p>Una serie de medidas para evitar alzas en las cuentas, entreg\u00f3 Aguas Araucan\u00eda en un per\u00edodo marcado por las altas<\/p>\n","protected":false},"author":1,"featured_media":36856,"comment_status":"open","ping_status":"open","sticky":false,"template":"","format":"standard","meta":{"colormag_page_container_layout":"default_layout","colormag_page_sidebar_layout":"default_layout","footnotes":""},"categories":[14],"tags":[476,3403,5977,5827,355],"class_list":["post-36855","post","type-post","status-publish","format-standard","has-post-thumbnail","hentry","category-temuco","tag-agua","tag-consumo","tag-filtraciones","tag-litros","tag-viviendas"],"a3_pvc":{"activated":true,"total_views":66,"today_views":0},"_links":{"self":[{"href":"https:\/\/temucotelevision.cl\/web\/wp-json\/wp\/v2\/posts\/36855","targetHints":{"allow":["GET"]}}],"collection":[{"href":"https:\/\/temucotelevision.cl\/web\/wp-json\/wp\/v2\/posts"}],"about":[{"href":"https:\/\/temucotelevision.cl\/web\/wp-json\/wp\/v2\/types\/post"}],"author":[{"embeddable":true,"href":"https:\/\/temucotelevision.cl\/web\/wp-json\/wp\/v2\/users\/1"}],"replies":[{"embeddable":true,"href":"https:\/\/temucotelevision.cl\/web\/wp-json\/wp\/v2\/comments?post=36855"}],"version-history":[{"count":1,"href":"https:\/\/temucotelevision.cl\/web\/wp-json\/wp\/v2\/posts\/36855\/revisions"}],"predecessor-version":[{"id":36857,"href":"https:\/\/temucotelevision.cl\/web\/wp-json\/wp\/v2\/posts\/36855\/revisions\/36857"}],"wp:featuredmedia":[{"embeddable":true,"href":"https:\/\/temucotelevision.cl\/web\/wp-json\/wp\/v2\/media\/36856"}],"wp:attachment":[{"href":"https:\/\/temucotelevision.cl\/web\/wp-json\/wp\/v2\/media?parent=36855"}],"wp:term":[{"taxonomy":"category","embeddable":true,"href":"https:\/\/temucotelevision.cl\/web\/wp-json\/wp\/v2\/categories?post=36855"},{"taxonomy":"post_tag","embeddable":true,"href":"https:\/\/temucotelevision.cl\/web\/wp-json\/wp\/v2\/tags?post=36855"}],"curies":[{"name":"wp","href":"https:\/\/api.w.org\/{rel}","templated":true}]}}