{"id":36851,"date":"2022-11-24T21:20:22","date_gmt":"2022-11-25T00:20:22","guid":{"rendered":"https:\/\/temucotelevision.cl\/web\/?p=36851"},"modified":"2022-11-24T22:12:09","modified_gmt":"2022-11-25T01:12:09","slug":"araucania-investigacion-contra-ex-director-regional-de-vialidad-por-negociacion-incompatible-finalizo-con-suspension-condicional-imputado-renuncio-a-su-actual-cargo-en-el-mop-dono-7-millones-a-ben","status":"publish","type":"post","link":"https:\/\/temucotelevision.cl\/web\/2022\/11\/24\/araucania-investigacion-contra-ex-director-regional-de-vialidad-por-negociacion-incompatible-finalizo-con-suspension-condicional-imputado-renuncio-a-su-actual-cargo-en-el-mop-dono-7-millones-a-ben\/","title":{"rendered":"Investigaci\u00f3n contra ex Director Regional de Vialidad por negociaci\u00f3n incompatible finaliz\u00f3 con suspensi\u00f3n condicional, renunci\u00f3 a su actual cargo en MOP, don\u00f3 $7 millones a beneficencia y trabajo comunitario"},"content":{"rendered":"<div class=\"pvc_clear\"><\/div><p id=\"pvc_stats_36851\" class=\"pvc_stats total_only  \" data-element-id=\"36851\" style=\"\"><i class=\"pvc-stats-icon large\" aria-hidden=\"true\"><svg aria-hidden=\"true\" focusable=\"false\" data-prefix=\"far\" data-icon=\"chart-bar\" role=\"img\" xmlns=\"http:\/\/www.w3.org\/2000\/svg\" viewBox=\"0 0 512 512\" class=\"svg-inline--fa fa-chart-bar fa-w-16 fa-2x\"><path fill=\"currentColor\" d=\"M396.8 352h22.4c6.4 0 12.8-6.4 12.8-12.8V108.8c0-6.4-6.4-12.8-12.8-12.8h-22.4c-6.4 0-12.8 6.4-12.8 12.8v230.4c0 6.4 6.4 12.8 12.8 12.8zm-192 0h22.4c6.4 0 12.8-6.4 12.8-12.8V140.8c0-6.4-6.4-12.8-12.8-12.8h-22.4c-6.4 0-12.8 6.4-12.8 12.8v198.4c0 6.4 6.4 12.8 12.8 12.8zm96 0h22.4c6.4 0 12.8-6.4 12.8-12.8V204.8c0-6.4-6.4-12.8-12.8-12.8h-22.4c-6.4 0-12.8 6.4-12.8 12.8v134.4c0 6.4 6.4 12.8 12.8 12.8zM496 400H48V80c0-8.84-7.16-16-16-16H16C7.16 64 0 71.16 0 80v336c0 17.67 14.33 32 32 32h464c8.84 0 16-7.16 16-16v-16c0-8.84-7.16-16-16-16zm-387.2-48h22.4c6.4 0 12.8-6.4 12.8-12.8v-70.4c0-6.4-6.4-12.8-12.8-12.8h-22.4c-6.4 0-12.8 6.4-12.8 12.8v70.4c0 6.4 6.4 12.8 12.8 12.8z\" class=\"\"><\/path><\/svg><\/i> <img loading=\"lazy\" decoding=\"async\" width=\"16\" height=\"16\" alt=\"Loading\" src=\"https:\/\/temucotelevision.cl\/web\/wp-content\/plugins\/page-views-count\/ajax-loader-2x.gif\" border=0 \/><\/p><div class=\"pvc_clear\"><\/div>\n<p>La donaci\u00f3n de $7.000.000 a instituciones de beneficencia, trabajo comunitario y la suspensi\u00f3n por un a\u00f1o para ejercer cargos p\u00fablicos fueron las condiciones que acept\u00f3 cumplir el ex Director Regional de Vialidad de La Araucan\u00eda, Manuel Robles Jim\u00e9nez, para suspender el procedimiento que la Fiscal\u00eda de Alta Complejidad segu\u00eda en su contra por el delito de negociaci\u00f3n incompatible.<\/p>\n\n\n\n<p>En la investigaci\u00f3n que lider\u00f3 el fiscal anticorrupci\u00f3n Cristi\u00e1n Crisosto se logr\u00f3 establecer que el imputado, ejerciendo sus funciones como Director de Vialidad de la regi\u00f3n de La Araucan\u00eda entre los a\u00f1os 2016 y 2018, intervino en la aprobaci\u00f3n de estados de pago a una empresa externa en la que trabajaba su cu\u00f1ado. Hechos que son constitutivos del delito de negociaci\u00f3n compatible.<\/p>\n\n\n\n<p>Como se cumpl\u00edan en este caso los requisitos que exige la ley para arribar a una salida alternativa y en el il\u00edcito no se produjo ning\u00fan perjuicio fiscal, el Ministerio P\u00fablico y la defensa acordaron una suspensi\u00f3n condicional del procedimiento que fue aprobada por el Tribunal de Garant\u00eda de Temuco.<\/p>\n\n\n\n<p>Entre las condiciones que el imputado acept\u00f3 cumplir para hacer efectiva la suspensi\u00f3n del procedimiento est\u00e1 la inhabilitaci\u00f3n temporal para trabajar en servicios p\u00fablicos, por lo que debi\u00f3 renunciar a su actual cargo en el MOP y realizar una donaci\u00f3n a instituciones de beneficencia. Adem\u00e1s, deber\u00e1 ejecutar un trabajo en su calidad de Constructor Civil de forma gratuita para la comunidad.<\/p>\n\n\n\n<p>\u201cEn primer lugar, \u00e9l renunci\u00f3 a su cargo en el Ministerio de Obras P\u00fablicas y adem\u00e1s est\u00e1 impedido de ejercer cualquier cargo p\u00fablico durante un a\u00f1o. Adicionalmente, don\u00f3 7 millones de pesos a diversas instituciones: 3 millones a Conile, 2 millones al Cuerpo de Bomberos de Temuco y 2 millones a la Liga Protectora de Estudiantes. Adicionalmente, en su funci\u00f3n de constructor civil va a dise\u00f1ar e implementar el plano de una parroquia comunitaria en la comuna de Selva Oscura, y va a firmar cada dos meses en una comisar\u00eda y va a fijar su domicilio\u201d agreg\u00f3.<\/p>\n\n\n\n<p>\u201cEs importante indicar ac\u00e1 que en estos hechos no existi\u00f3 nunca un perjuicio fiscal, sino que b\u00e1sicamente la imputaci\u00f3n se refer\u00eda a haberle dado inter\u00e9s a un pariente, en este caso un cu\u00f1ado\u201d, se\u00f1al\u00f3 Crisosto, quien detall\u00f3 que no hubo p\u00e9rdida de dinero por parte del estado.<\/p>\n\n\n\n<p><em>La suspensi\u00f3n condicional del procedimiento<\/em><\/p>\n\n\n\n<p>Suspensi\u00f3n condicional del procedimiento: consiste en un acuerdo entre el fiscal y el imputado, que se somete a la aprobaci\u00f3n del juez de garant\u00eda, en el cual el imputado debe cumplir ciertas condiciones durante un per\u00edodo de tiempo, que va desde uno a tres a\u00f1os. Si el imputado cumple con estas condiciones se pone t\u00e9rmino a la causa sin registrarse esta en sus antecedentes penales, en caso contrario, se reanudar\u00e1 el proceso. Se aplica cuando el delito es sancionado con penas inferiores a 3 a\u00f1os y el imputado no registra condenas anteriores.<\/p>\n","protected":false},"excerpt":{"rendered":"<div class=\"pvc_clear\"><\/div>\n<p id=\"pvc_stats_36851\" class=\"pvc_stats total_only  \" data-element-id=\"36851\" style=\"\"><i class=\"pvc-stats-icon large\" aria-hidden=\"true\"><svg aria-hidden=\"true\" focusable=\"false\" data-prefix=\"far\" data-icon=\"chart-bar\" role=\"img\" xmlns=\"http:\/\/www.w3.org\/2000\/svg\" viewBox=\"0 0 512 512\" class=\"svg-inline--fa fa-chart-bar fa-w-16 fa-2x\"><path fill=\"currentColor\" d=\"M396.8 352h22.4c6.4 0 12.8-6.4 12.8-12.8V108.8c0-6.4-6.4-12.8-12.8-12.8h-22.4c-6.4 0-12.8 6.4-12.8 12.8v230.4c0 6.4 6.4 12.8 12.8 12.8zm-192 0h22.4c6.4 0 12.8-6.4 12.8-12.8V140.8c0-6.4-6.4-12.8-12.8-12.8h-22.4c-6.4 0-12.8 6.4-12.8 12.8v198.4c0 6.4 6.4 12.8 12.8 12.8zm96 0h22.4c6.4 0 12.8-6.4 12.8-12.8V204.8c0-6.4-6.4-12.8-12.8-12.8h-22.4c-6.4 0-12.8 6.4-12.8 12.8v134.4c0 6.4 6.4 12.8 12.8 12.8zM496 400H48V80c0-8.84-7.16-16-16-16H16C7.16 64 0 71.16 0 80v336c0 17.67 14.33 32 32 32h464c8.84 0 16-7.16 16-16v-16c0-8.84-7.16-16-16-16zm-387.2-48h22.4c6.4 0 12.8-6.4 12.8-12.8v-70.4c0-6.4-6.4-12.8-12.8-12.8h-22.4c-6.4 0-12.8 6.4-12.8 12.8v70.4c0 6.4 6.4 12.8 12.8 12.8z\" class=\"\"><\/path><\/svg><\/i> <img loading=\"lazy\" decoding=\"async\" width=\"16\" height=\"16\" alt=\"Loading\" src=\"https:\/\/temucotelevision.cl\/web\/wp-content\/plugins\/page-views-count\/ajax-loader-2x.gif\" border=0 \/><\/p>\n<div class=\"pvc_clear\"><\/div>\n<p>La donaci\u00f3n de $7.000.000 a instituciones de beneficencia, trabajo comunitario y la suspensi\u00f3n por un a\u00f1o para ejercer cargos p\u00fablicos<\/p>\n","protected":false},"author":1,"featured_media":36850,"comment_status":"open","ping_status":"open","sticky":false,"template":"","format":"standard","meta":{"colormag_page_container_layout":"default_layout","colormag_page_sidebar_layout":"default_layout","footnotes":""},"categories":[15],"tags":[337,554,2726],"class_list":["post-36851","post","type-post","status-publish","format-standard","has-post-thumbnail","hentry","category-la-araucania","tag-director","tag-mop","tag-vialidad"],"a3_pvc":{"activated":true,"total_views":142,"today_views":0},"_links":{"self":[{"href":"https:\/\/temucotelevision.cl\/web\/wp-json\/wp\/v2\/posts\/36851","targetHints":{"allow":["GET"]}}],"collection":[{"href":"https:\/\/temucotelevision.cl\/web\/wp-json\/wp\/v2\/posts"}],"about":[{"href":"https:\/\/temucotelevision.cl\/web\/wp-json\/wp\/v2\/types\/post"}],"author":[{"embeddable":true,"href":"https:\/\/temucotelevision.cl\/web\/wp-json\/wp\/v2\/users\/1"}],"replies":[{"embeddable":true,"href":"https:\/\/temucotelevision.cl\/web\/wp-json\/wp\/v2\/comments?post=36851"}],"version-history":[{"count":2,"href":"https:\/\/temucotelevision.cl\/web\/wp-json\/wp\/v2\/posts\/36851\/revisions"}],"predecessor-version":[{"id":36853,"href":"https:\/\/temucotelevision.cl\/web\/wp-json\/wp\/v2\/posts\/36851\/revisions\/36853"}],"wp:featuredmedia":[{"embeddable":true,"href":"https:\/\/temucotelevision.cl\/web\/wp-json\/wp\/v2\/media\/36850"}],"wp:attachment":[{"href":"https:\/\/temucotelevision.cl\/web\/wp-json\/wp\/v2\/media?parent=36851"}],"wp:term":[{"taxonomy":"category","embeddable":true,"href":"https:\/\/temucotelevision.cl\/web\/wp-json\/wp\/v2\/categories?post=36851"},{"taxonomy":"post_tag","embeddable":true,"href":"https:\/\/temucotelevision.cl\/web\/wp-json\/wp\/v2\/tags?post=36851"}],"curies":[{"name":"wp","href":"https:\/\/api.w.org\/{rel}","templated":true}]}}