{"id":36847,"date":"2022-11-24T16:33:27","date_gmt":"2022-11-24T19:33:27","guid":{"rendered":"https:\/\/temucotelevision.cl\/web\/?p=36847"},"modified":"2022-11-24T16:33:28","modified_gmt":"2022-11-24T19:33:28","slug":"temuco-dira-presente-en-el-festival-internacional-de-pueblos-originarios-en-la-region-de-antofagasta","status":"publish","type":"post","link":"https:\/\/temucotelevision.cl\/web\/2022\/11\/24\/temuco-dira-presente-en-el-festival-internacional-de-pueblos-originarios-en-la-region-de-antofagasta\/","title":{"rendered":"Temuco dir\u00e1 presente en el Festival Internacional de Pueblos Originarios en la regi\u00f3n de Antofagasta"},"content":{"rendered":"<div class=\"pvc_clear\"><\/div><p id=\"pvc_stats_36847\" class=\"pvc_stats total_only  \" data-element-id=\"36847\" style=\"\"><i class=\"pvc-stats-icon large\" aria-hidden=\"true\"><svg aria-hidden=\"true\" focusable=\"false\" data-prefix=\"far\" data-icon=\"chart-bar\" role=\"img\" xmlns=\"http:\/\/www.w3.org\/2000\/svg\" viewBox=\"0 0 512 512\" class=\"svg-inline--fa fa-chart-bar fa-w-16 fa-2x\"><path fill=\"currentColor\" d=\"M396.8 352h22.4c6.4 0 12.8-6.4 12.8-12.8V108.8c0-6.4-6.4-12.8-12.8-12.8h-22.4c-6.4 0-12.8 6.4-12.8 12.8v230.4c0 6.4 6.4 12.8 12.8 12.8zm-192 0h22.4c6.4 0 12.8-6.4 12.8-12.8V140.8c0-6.4-6.4-12.8-12.8-12.8h-22.4c-6.4 0-12.8 6.4-12.8 12.8v198.4c0 6.4 6.4 12.8 12.8 12.8zm96 0h22.4c6.4 0 12.8-6.4 12.8-12.8V204.8c0-6.4-6.4-12.8-12.8-12.8h-22.4c-6.4 0-12.8 6.4-12.8 12.8v134.4c0 6.4 6.4 12.8 12.8 12.8zM496 400H48V80c0-8.84-7.16-16-16-16H16C7.16 64 0 71.16 0 80v336c0 17.67 14.33 32 32 32h464c8.84 0 16-7.16 16-16v-16c0-8.84-7.16-16-16-16zm-387.2-48h22.4c6.4 0 12.8-6.4 12.8-12.8v-70.4c0-6.4-6.4-12.8-12.8-12.8h-22.4c-6.4 0-12.8 6.4-12.8 12.8v70.4c0 6.4 6.4 12.8 12.8 12.8z\" class=\"\"><\/path><\/svg><\/i> <img loading=\"lazy\" decoding=\"async\" width=\"16\" height=\"16\" alt=\"Loading\" src=\"https:\/\/temucotelevision.cl\/web\/wp-content\/plugins\/page-views-count\/ajax-loader-2x.gif\" border=0 \/><\/p><div class=\"pvc_clear\"><\/div>\n<p><strong><em>Encuentro, que considera el tradicional pasacalle por las calles de Antofagasta, tendr\u00e1 lugar entre el 25 de noviembre y 2 de diciembre.<\/em><\/strong><\/p>\n\n\n\n<p>La fiesta de la cultura y las tradiciones regresa por quinto a\u00f1o consecutivo a Antofagasta. Artistas de Sudam\u00e9rica, Chile y la regi\u00f3n dar\u00e1n vida a una nueva versi\u00f3n del Festival Internacional de Poes\u00eda y Arte de los Pueblos Originarios (FIPO), que se realizar\u00e1 entre el 25 de noviembre y el 2 de diciembre.<\/p>\n\n\n\n<p>Este evento contar\u00e1 con la participaci\u00f3n de agrupaciones, adem\u00e1s de la regi\u00f3n de Antofagasta, de Temuco y Santiago, Calama, junto con representativos extranjeros de Argentina, Bolivia y Per\u00fa.<\/p>\n\n\n\n<p>A las tradicionales actividades y el gran pasacalle por el centro de Antofagasta, este a\u00f1o se sumar\u00e1n itinerancias en Mejillones, Baquedano y San Pedro de Atacama, donde tambi\u00e9n ser\u00e1n incorporados artistas de estas localidades.<\/p>\n\n\n\n<p>El objetivo de este certamen internacional es difundir y rescatar el legado de los pueblos ind\u00edgenas de todo el continente, poniendo en valor sus culturas e idiomas. La parrilla del evento comenzar\u00e1 el viernes 25, a las 19 horas, con la inauguraci\u00f3n en el anfiteatro de las Ruinas de Huanchaca.<\/p>\n\n\n\n<p><strong>PA\u00cdSES<\/strong><\/p>\n\n\n\n<p>La organizadora del evento y presidenta de la Asociaci\u00f3n Gremial de Escritores del Norte (ASEN), Bernarda Mar\u00edn Arancibia, detall\u00f3 que este a\u00f1o el festival contar\u00e1 con artistas de Chile, Per\u00fa, Bolivia y Argentina, adem\u00e1s de los representantes lickanantay, de la etnia Mapuche y Selknan (extremo sur del pa\u00eds), quienes mostrar\u00e1n su arte, cultura y cosmoginia.<\/p>\n\n\n\n<p>A las tradicionales presentaciones en vivo, se sumar\u00e1n tres d\u00edas de actividades online, con el prop\u00f3sito que los artistas de Latinoam\u00e9rica, muchos de ellos de la Amazonia, puedan participar de esta nueva versi\u00f3n de FIPO y as\u00ed hacer llegar sus trabajos. El programa adem\u00e1s considera visitas a colegios, bibliotecas y centros de educaci\u00f3n superior.<\/p>\n\n\n\n<p>\u201cEstamos muy contentos y agradecidos de realizar esta grandiosa actividad cultural, con el apoyo de nuestros artistas locales, del pa\u00eds y de diferentes puntos del continente, dando un espect\u00e1culo de primera categor\u00eda para quienes asistan a cada una de las jornadas que est\u00e1n contempladas en el calendario del certamen y por redes sociales (Facebook del festival)\u201d, se\u00f1al\u00f3 la gestora cultural.<\/p>\n\n\n\n<p>La quinta versi\u00f3n del Festival de Pueblos Originarios 2022 es un proyecto adjudicado por el 7% FIR Cultura del Gobierno Regional, financiamiento que permite llegar a diferentes lugares de la regi\u00f3n durante una semana, a fin que la comunidad pueda disfrutar de un evento \u00fanico en su g\u00e9nero.<\/p>\n\n\n\n<p><strong>&nbsp;BAILES<\/strong><\/p>\n\n\n\n<p>Bernarda Mar\u00edn explic\u00f3 que esta nueva versi\u00f3n estar\u00e1 marcada por una mirada descentralizadora del arte, dando espacio a las comunas y ampliando as\u00ed un espect\u00e1culo que cada a\u00f1o adquiere mayor relevancia en todo el continente.<\/p>\n\n\n\n<p>El calendario de actividades considera conversatorios, recitales de poes\u00eda en idiomas ind\u00edgenas, visitas a lugares emblem\u00e1ticos y presentaciones en espacios al aire libre, esta vez con un fuerte \u00e9nfasis en los bailes nortinos, como el trote, cacharpalla y cachimbo.<\/p>\n\n\n\n<p>As\u00ed, m\u00fasica y colorido prometen engalanar durante una semana cuatro comunas de la regi\u00f3n, donde los antofagastinos conocer\u00e1n a artistas de diferentes pueblos ancestrales del continente en esta nueva versi\u00f3n de FIPO, mediante su cultura, patrimonio, arte y la literatura.<\/p>\n","protected":false},"excerpt":{"rendered":"<div class=\"pvc_clear\"><\/div>\n<p id=\"pvc_stats_36847\" class=\"pvc_stats total_only  \" data-element-id=\"36847\" style=\"\"><i class=\"pvc-stats-icon large\" aria-hidden=\"true\"><svg aria-hidden=\"true\" focusable=\"false\" data-prefix=\"far\" data-icon=\"chart-bar\" role=\"img\" xmlns=\"http:\/\/www.w3.org\/2000\/svg\" viewBox=\"0 0 512 512\" class=\"svg-inline--fa fa-chart-bar fa-w-16 fa-2x\"><path fill=\"currentColor\" d=\"M396.8 352h22.4c6.4 0 12.8-6.4 12.8-12.8V108.8c0-6.4-6.4-12.8-12.8-12.8h-22.4c-6.4 0-12.8 6.4-12.8 12.8v230.4c0 6.4 6.4 12.8 12.8 12.8zm-192 0h22.4c6.4 0 12.8-6.4 12.8-12.8V140.8c0-6.4-6.4-12.8-12.8-12.8h-22.4c-6.4 0-12.8 6.4-12.8 12.8v198.4c0 6.4 6.4 12.8 12.8 12.8zm96 0h22.4c6.4 0 12.8-6.4 12.8-12.8V204.8c0-6.4-6.4-12.8-12.8-12.8h-22.4c-6.4 0-12.8 6.4-12.8 12.8v134.4c0 6.4 6.4 12.8 12.8 12.8zM496 400H48V80c0-8.84-7.16-16-16-16H16C7.16 64 0 71.16 0 80v336c0 17.67 14.33 32 32 32h464c8.84 0 16-7.16 16-16v-16c0-8.84-7.16-16-16-16zm-387.2-48h22.4c6.4 0 12.8-6.4 12.8-12.8v-70.4c0-6.4-6.4-12.8-12.8-12.8h-22.4c-6.4 0-12.8 6.4-12.8 12.8v70.4c0 6.4 6.4 12.8 12.8 12.8z\" class=\"\"><\/path><\/svg><\/i> <img loading=\"lazy\" decoding=\"async\" width=\"16\" height=\"16\" alt=\"Loading\" src=\"https:\/\/temucotelevision.cl\/web\/wp-content\/plugins\/page-views-count\/ajax-loader-2x.gif\" border=0 \/><\/p>\n<div class=\"pvc_clear\"><\/div>\n<p>Encuentro, que considera el tradicional pasacalle por las calles de Antofagasta, tendr\u00e1 lugar entre el 25 de noviembre y 2<\/p>\n","protected":false},"author":1,"featured_media":36848,"comment_status":"open","ping_status":"open","sticky":false,"template":"","format":"standard","meta":{"colormag_page_container_layout":"default_layout","colormag_page_sidebar_layout":"default_layout","footnotes":""},"categories":[14],"tags":[1014,141,5976,1693],"class_list":["post-36847","post","type-post","status-publish","format-standard","has-post-thumbnail","hentry","category-temuco","tag-calles","tag-festival","tag-originarios","tag-pueblos"],"a3_pvc":{"activated":true,"total_views":126,"today_views":0},"_links":{"self":[{"href":"https:\/\/temucotelevision.cl\/web\/wp-json\/wp\/v2\/posts\/36847","targetHints":{"allow":["GET"]}}],"collection":[{"href":"https:\/\/temucotelevision.cl\/web\/wp-json\/wp\/v2\/posts"}],"about":[{"href":"https:\/\/temucotelevision.cl\/web\/wp-json\/wp\/v2\/types\/post"}],"author":[{"embeddable":true,"href":"https:\/\/temucotelevision.cl\/web\/wp-json\/wp\/v2\/users\/1"}],"replies":[{"embeddable":true,"href":"https:\/\/temucotelevision.cl\/web\/wp-json\/wp\/v2\/comments?post=36847"}],"version-history":[{"count":1,"href":"https:\/\/temucotelevision.cl\/web\/wp-json\/wp\/v2\/posts\/36847\/revisions"}],"predecessor-version":[{"id":36849,"href":"https:\/\/temucotelevision.cl\/web\/wp-json\/wp\/v2\/posts\/36847\/revisions\/36849"}],"wp:featuredmedia":[{"embeddable":true,"href":"https:\/\/temucotelevision.cl\/web\/wp-json\/wp\/v2\/media\/36848"}],"wp:attachment":[{"href":"https:\/\/temucotelevision.cl\/web\/wp-json\/wp\/v2\/media?parent=36847"}],"wp:term":[{"taxonomy":"category","embeddable":true,"href":"https:\/\/temucotelevision.cl\/web\/wp-json\/wp\/v2\/categories?post=36847"},{"taxonomy":"post_tag","embeddable":true,"href":"https:\/\/temucotelevision.cl\/web\/wp-json\/wp\/v2\/tags?post=36847"}],"curies":[{"name":"wp","href":"https:\/\/api.w.org\/{rel}","templated":true}]}}