{"id":36840,"date":"2022-11-23T16:46:40","date_gmt":"2022-11-23T19:46:40","guid":{"rendered":"https:\/\/temucotelevision.cl\/web\/?p=36840"},"modified":"2022-11-23T16:46:41","modified_gmt":"2022-11-23T19:46:41","slug":"diputado-rathgeb-acusa-indefension-del-gobierno-a-funcionarios-publicos-y-especialmente-de-conaf","status":"publish","type":"post","link":"https:\/\/temucotelevision.cl\/web\/2022\/11\/23\/diputado-rathgeb-acusa-indefension-del-gobierno-a-funcionarios-publicos-y-especialmente-de-conaf\/","title":{"rendered":"Diputado Rathgeb acusa indefensi\u00f3n del Gobierno a funcionarios p\u00fablicos y especialmente de Conaf"},"content":{"rendered":"<div class=\"pvc_clear\"><\/div><p id=\"pvc_stats_36840\" class=\"pvc_stats total_only  \" data-element-id=\"36840\" style=\"\"><i class=\"pvc-stats-icon large\" aria-hidden=\"true\"><svg aria-hidden=\"true\" focusable=\"false\" data-prefix=\"far\" data-icon=\"chart-bar\" role=\"img\" xmlns=\"http:\/\/www.w3.org\/2000\/svg\" viewBox=\"0 0 512 512\" class=\"svg-inline--fa fa-chart-bar fa-w-16 fa-2x\"><path fill=\"currentColor\" d=\"M396.8 352h22.4c6.4 0 12.8-6.4 12.8-12.8V108.8c0-6.4-6.4-12.8-12.8-12.8h-22.4c-6.4 0-12.8 6.4-12.8 12.8v230.4c0 6.4 6.4 12.8 12.8 12.8zm-192 0h22.4c6.4 0 12.8-6.4 12.8-12.8V140.8c0-6.4-6.4-12.8-12.8-12.8h-22.4c-6.4 0-12.8 6.4-12.8 12.8v198.4c0 6.4 6.4 12.8 12.8 12.8zm96 0h22.4c6.4 0 12.8-6.4 12.8-12.8V204.8c0-6.4-6.4-12.8-12.8-12.8h-22.4c-6.4 0-12.8 6.4-12.8 12.8v134.4c0 6.4 6.4 12.8 12.8 12.8zM496 400H48V80c0-8.84-7.16-16-16-16H16C7.16 64 0 71.16 0 80v336c0 17.67 14.33 32 32 32h464c8.84 0 16-7.16 16-16v-16c0-8.84-7.16-16-16-16zm-387.2-48h22.4c6.4 0 12.8-6.4 12.8-12.8v-70.4c0-6.4-6.4-12.8-12.8-12.8h-22.4c-6.4 0-12.8 6.4-12.8 12.8v70.4c0 6.4 6.4 12.8 12.8 12.8z\" class=\"\"><\/path><\/svg><\/i> <img loading=\"lazy\" decoding=\"async\" width=\"16\" height=\"16\" alt=\"Loading\" src=\"https:\/\/temucotelevision.cl\/web\/wp-content\/plugins\/page-views-count\/ajax-loader-2x.gif\" border=0 \/><\/p><div class=\"pvc_clear\"><\/div>\n<p><strong>El legislador indic\u00f3 que quienes actualmente trabajan en la Corporaci\u00f3n Nacional Forestal est\u00e1n en el aire a ra\u00edz de las decisiones que se han tomado en los \u00faltimos d\u00edas, lo cual tambi\u00e9n devela la improvisaci\u00f3n que se ha tenido con esta repartici\u00f3n d\u00f3nde incluso sus funcionarios acudieron a la Inspecci\u00f3n del Trabajo.<\/strong><\/p>\n\n\n\n<p>Un llamado de atenci\u00f3n al Gobierno para que entreguen seguridad tanto personal como tambi\u00e9n laboral a quienes trabajan en la Corporaci\u00f3n Nacional Forestal, realiz\u00f3 el diputado de Renovaci\u00f3n Nacional por La Araucan\u00eda y presidente regional de la colectividad, Jorge Rathgeb.<\/p>\n\n\n\n<p>El congresista que tambi\u00e9n es miembro de la comisi\u00f3n de Agricultura de la C\u00e1mara, acus\u00f3 indefensi\u00f3n total del Ejecutivo con los funcionarios p\u00fablicos y en especial de la repartici\u00f3n, los que en ning\u00fan caso han sido consultados sobre las decisiones y que eso ha repercutido en que hayan llegado con esta causa a la Inspecci\u00f3n del Trabajo.<\/p>\n\n\n\n<p>El diputado se\u00f1al\u00f3 que ac\u00e1 no hay mayor di\u00e1logo entre todas las partes lo cual se refleja en que se hayan modificado resoluciones en tiempo r\u00e9cord y que los principales damnificados sean quienes prestan labores para Conaf.<\/p>\n\n\n\n<p>&#8220;La presencia del Presidente de la Rep\u00fablica en La Araucan\u00eda lejos de avanzar en la soluci\u00f3n del problema se ha ido agudizando. El Presidente dijo lo que todos saben, los hechos de violencia, pero m\u00e1s all\u00e1 de entregar una soluci\u00f3n finalmente no tienen la voluntad de avanzar en los problemas que se agudizan en la Regi\u00f3n. Hoy vemos que funcionarios p\u00fablicos de salud no salen a rondas, la gente de educaci\u00f3n no hace clases en sectores rurales, Vialidad no est\u00e1 reparando caminos, pero la gota que colm\u00f3 el vaso y que no se ha visto antes, es que funcionarios p\u00fablicos hayan presentado una denuncia frente a la Inspecci\u00f3n del Trabajo por vulneraci\u00f3n de derechos laborales debido a que no tienen seguridad en sus lugares, esta situaci\u00f3n el Gobierno tiene que abordarla, por cu\u00e1nto m\u00e1s all\u00e1 de una crisis en Conaf es una vulneraci\u00f3n grave a los derechos laborales de quienes prestan servicios al Estado&#8221;, indic\u00f3 el parlamentario.<\/p>\n\n\n\n<p>Para finalizar el diputado Rathgeb espera que no sigan las decisiones sin informar a quienes trabajan en las reparticiones lo que da cuenta de una falta de respeto total y el discurso de dar seguridad como se ha esgrimido, se est\u00e1 cayendo d\u00eda a d\u00eda.<\/p>\n","protected":false},"excerpt":{"rendered":"<div class=\"pvc_clear\"><\/div>\n<p id=\"pvc_stats_36840\" class=\"pvc_stats total_only  \" data-element-id=\"36840\" style=\"\"><i class=\"pvc-stats-icon large\" aria-hidden=\"true\"><svg aria-hidden=\"true\" focusable=\"false\" data-prefix=\"far\" data-icon=\"chart-bar\" role=\"img\" xmlns=\"http:\/\/www.w3.org\/2000\/svg\" viewBox=\"0 0 512 512\" class=\"svg-inline--fa fa-chart-bar fa-w-16 fa-2x\"><path fill=\"currentColor\" d=\"M396.8 352h22.4c6.4 0 12.8-6.4 12.8-12.8V108.8c0-6.4-6.4-12.8-12.8-12.8h-22.4c-6.4 0-12.8 6.4-12.8 12.8v230.4c0 6.4 6.4 12.8 12.8 12.8zm-192 0h22.4c6.4 0 12.8-6.4 12.8-12.8V140.8c0-6.4-6.4-12.8-12.8-12.8h-22.4c-6.4 0-12.8 6.4-12.8 12.8v198.4c0 6.4 6.4 12.8 12.8 12.8zm96 0h22.4c6.4 0 12.8-6.4 12.8-12.8V204.8c0-6.4-6.4-12.8-12.8-12.8h-22.4c-6.4 0-12.8 6.4-12.8 12.8v134.4c0 6.4 6.4 12.8 12.8 12.8zM496 400H48V80c0-8.84-7.16-16-16-16H16C7.16 64 0 71.16 0 80v336c0 17.67 14.33 32 32 32h464c8.84 0 16-7.16 16-16v-16c0-8.84-7.16-16-16-16zm-387.2-48h22.4c6.4 0 12.8-6.4 12.8-12.8v-70.4c0-6.4-6.4-12.8-12.8-12.8h-22.4c-6.4 0-12.8 6.4-12.8 12.8v70.4c0 6.4 6.4 12.8 12.8 12.8z\" class=\"\"><\/path><\/svg><\/i> <img loading=\"lazy\" decoding=\"async\" width=\"16\" height=\"16\" alt=\"Loading\" src=\"https:\/\/temucotelevision.cl\/web\/wp-content\/plugins\/page-views-count\/ajax-loader-2x.gif\" border=0 \/><\/p>\n<div class=\"pvc_clear\"><\/div>\n<p>El legislador indic\u00f3 que quienes actualmente trabajan en la Corporaci\u00f3n Nacional Forestal est\u00e1n en el aire a ra\u00edz de las<\/p>\n","protected":false},"author":1,"featured_media":17734,"comment_status":"open","ping_status":"open","sticky":false,"template":"","format":"standard","meta":{"colormag_page_container_layout":"default_layout","colormag_page_sidebar_layout":"default_layout","footnotes":""},"categories":[84],"tags":[425,154,235,206],"class_list":["post-36840","post","type-post","status-publish","format-standard","has-post-thumbnail","hentry","category-politica","tag-conaf","tag-diputado","tag-funcionarios","tag-gobierno"],"a3_pvc":{"activated":true,"total_views":30,"today_views":0},"_links":{"self":[{"href":"https:\/\/temucotelevision.cl\/web\/wp-json\/wp\/v2\/posts\/36840","targetHints":{"allow":["GET"]}}],"collection":[{"href":"https:\/\/temucotelevision.cl\/web\/wp-json\/wp\/v2\/posts"}],"about":[{"href":"https:\/\/temucotelevision.cl\/web\/wp-json\/wp\/v2\/types\/post"}],"author":[{"embeddable":true,"href":"https:\/\/temucotelevision.cl\/web\/wp-json\/wp\/v2\/users\/1"}],"replies":[{"embeddable":true,"href":"https:\/\/temucotelevision.cl\/web\/wp-json\/wp\/v2\/comments?post=36840"}],"version-history":[{"count":1,"href":"https:\/\/temucotelevision.cl\/web\/wp-json\/wp\/v2\/posts\/36840\/revisions"}],"predecessor-version":[{"id":36841,"href":"https:\/\/temucotelevision.cl\/web\/wp-json\/wp\/v2\/posts\/36840\/revisions\/36841"}],"wp:featuredmedia":[{"embeddable":true,"href":"https:\/\/temucotelevision.cl\/web\/wp-json\/wp\/v2\/media\/17734"}],"wp:attachment":[{"href":"https:\/\/temucotelevision.cl\/web\/wp-json\/wp\/v2\/media?parent=36840"}],"wp:term":[{"taxonomy":"category","embeddable":true,"href":"https:\/\/temucotelevision.cl\/web\/wp-json\/wp\/v2\/categories?post=36840"},{"taxonomy":"post_tag","embeddable":true,"href":"https:\/\/temucotelevision.cl\/web\/wp-json\/wp\/v2\/tags?post=36840"}],"curies":[{"name":"wp","href":"https:\/\/api.w.org\/{rel}","templated":true}]}}