{"id":36837,"date":"2022-11-23T14:03:45","date_gmt":"2022-11-23T17:03:45","guid":{"rendered":"https:\/\/temucotelevision.cl\/web\/?p=36837"},"modified":"2022-11-23T14:03:45","modified_gmt":"2022-11-23T17:03:45","slug":"la-araucania-contara-con-una-biblioteca-regional-gracias-al-trabajo-conjunto-del-ministerio-de-cultura-y-el-gobierno-regional","status":"publish","type":"post","link":"https:\/\/temucotelevision.cl\/web\/2022\/11\/23\/la-araucania-contara-con-una-biblioteca-regional-gracias-al-trabajo-conjunto-del-ministerio-de-cultura-y-el-gobierno-regional\/","title":{"rendered":"La Araucan\u00eda contar\u00e1 con una Biblioteca Regional gracias al trabajo conjunto del Ministerio de Cultura y el Gobierno Regional\u00a0"},"content":{"rendered":"<div class=\"pvc_clear\"><\/div><p id=\"pvc_stats_36837\" class=\"pvc_stats total_only  \" data-element-id=\"36837\" style=\"\"><i class=\"pvc-stats-icon large\" aria-hidden=\"true\"><svg aria-hidden=\"true\" focusable=\"false\" data-prefix=\"far\" data-icon=\"chart-bar\" role=\"img\" xmlns=\"http:\/\/www.w3.org\/2000\/svg\" viewBox=\"0 0 512 512\" class=\"svg-inline--fa fa-chart-bar fa-w-16 fa-2x\"><path fill=\"currentColor\" d=\"M396.8 352h22.4c6.4 0 12.8-6.4 12.8-12.8V108.8c0-6.4-6.4-12.8-12.8-12.8h-22.4c-6.4 0-12.8 6.4-12.8 12.8v230.4c0 6.4 6.4 12.8 12.8 12.8zm-192 0h22.4c6.4 0 12.8-6.4 12.8-12.8V140.8c0-6.4-6.4-12.8-12.8-12.8h-22.4c-6.4 0-12.8 6.4-12.8 12.8v198.4c0 6.4 6.4 12.8 12.8 12.8zm96 0h22.4c6.4 0 12.8-6.4 12.8-12.8V204.8c0-6.4-6.4-12.8-12.8-12.8h-22.4c-6.4 0-12.8 6.4-12.8 12.8v134.4c0 6.4 6.4 12.8 12.8 12.8zM496 400H48V80c0-8.84-7.16-16-16-16H16C7.16 64 0 71.16 0 80v336c0 17.67 14.33 32 32 32h464c8.84 0 16-7.16 16-16v-16c0-8.84-7.16-16-16-16zm-387.2-48h22.4c6.4 0 12.8-6.4 12.8-12.8v-70.4c0-6.4-6.4-12.8-12.8-12.8h-22.4c-6.4 0-12.8 6.4-12.8 12.8v70.4c0 6.4 6.4 12.8 12.8 12.8z\" class=\"\"><\/path><\/svg><\/i> <img loading=\"lazy\" decoding=\"async\" width=\"16\" height=\"16\" alt=\"Loading\" src=\"https:\/\/temucotelevision.cl\/web\/wp-content\/plugins\/page-views-count\/ajax-loader-2x.gif\" border=0 \/><\/p><div class=\"pvc_clear\"><\/div>\n<p><strong>De las m\u00e1s de 450 bibliotecas p\u00fablicas del pa\u00eds, solo seis tienen el rango de Biblioteca Regional. En 2023 se iniciar\u00e1n las obras de esta iniciativa regional \u2013cuyo monto total supera los $15 mil millones\u2013, que se convertir\u00e1 en un potente centro cultural regional<\/strong><strong>.<\/strong><\/p>\n\n\n\n<p>Todos los servicios asociados a una biblioteca p\u00fablica para la poblaci\u00f3n de Temuco y la regi\u00f3n, actividades de extensi\u00f3n cultural, capacitaciones de bibliorredes, archivo de la Memoria Regional, as\u00ed como otras actividades del amplio rango del fomento lector, forma parte del proyecto que comenzar\u00e1 a materializarse de la nueva Biblioteca Regional de La Araucan\u00eda.<\/p>\n\n\n\n<p>El Gobierno Regional de La Araucan\u00eda y el Ministerio de las Culturas, las Artes y el Patrimonio anunciaron esta buena noticia luego de que el Consejo Regional aprobara los recursos, de m\u00e1s de $4.700 millones, que aportan a la cifra de $15 mil millones en total, para dar vida a este proyecto de m\u00e1s de 6 mil metros cuadrados, que iniciar\u00e1 su construcci\u00f3n el pr\u00f3ximo a\u00f1o en calle Vicu\u00f1a Mackenna, en la capital regional.&nbsp;<\/p>\n\n\n\n<p>El gobernador Luciano Rivas se\u00f1al\u00f3 al respecto: \u201clas comunas de nuestra regi\u00f3n cuentan con bibliotecas p\u00fablicas, que prestan un gran servicio a la comunidad, sin embargo, estas no cumplen con algunos requerimientos y est\u00e1ndares validados internacionalmente para entregar calidad de servicio y una cobertura a escala regional. La nueva Biblioteca Regional que ser\u00e1 pronto una realidad, ofrecer\u00e1 un alto est\u00e1ndar, con espacios de promoci\u00f3n cultural, con nuevas colecciones bibliogr\u00e1ficas, con carteleras culturales a disposici\u00f3n de todos, por lo que creemos es una gran noticia para todos los habitantes de La Araucan\u00eda\u201d.<\/p>\n\n\n\n<p>La m\u00e1xima autoridad regional indic\u00f3 que como Gobierno Regional est\u00e1n \u201cmuy contentos de, no solamente seguir aportando al desarrollo productivo de nuestra Regi\u00f3n de La Araucan\u00eda, sino que tambi\u00e9n al desarrollo cultural, donde este tipo de obras son un atractivo tur\u00edstico y detonan otro tipo de inversiones, as\u00ed que muy felices de que, junto a nuestros consejeros regional y consejeras, hayamos podido aprobar este mensaje tan importante para La Araucan\u00eda\u201d.&nbsp;<\/p>\n\n\n\n<p>En tanto, Julieta Brodsky, ministra de las Culturas, las Artes y el Patrimonio, se\u00f1al\u00f3 que \u201cestamos muy contentos y contentas, como Ministerio de las Culturas, las Artes y el Patrimonio, ya que el Consejo Regional de La Araucan\u00eda acaba de aprobar la creaci\u00f3n de la Biblioteca Regional que se va a construir en Temuco. El cofinanciamiento de este proyecto, cuyo aporte principal lo realizar\u00e1 el Ministerio de las Culturas, a trav\u00e9s del Servicio Nacional del Patrimonio Cultural, es en conjunto con el Gobierno Regional\u201d.&nbsp;<\/p>\n\n\n\n<p>La ministra Brodsky agreg\u00f3 que \u201cesta es una excelente noticia para nosotras y nosotros, pues es un trabajo que se est\u00e1 realizando hace muchos a\u00f1os y ahora nos permite retomarlo con fuerza. El pr\u00f3ximo a\u00f1o va a empezar el proceso de construcci\u00f3n de esta biblioteca que va ser un polo cultural para la lectura, los libros y otras actividades muy importantes para la regi\u00f3n\u201d.<\/p>\n\n\n\n<p>La Biblioteca Regional de La Araucan\u00eda, adem\u00e1s de la construcci\u00f3n de un nuevo edificio, considera equipamiento y equipos especialmente dise\u00f1ados. Un moderno acceso; un \u00e1rea de lectura, la cual contempla \u00e1reas de circulaci\u00f3n y pr\u00e9stamos; sectores juvenil, infantil y guaguateca, tambi\u00e9n +60 para los adultos mayores. \u00c1reas de diarios y revistas, referencias, literatura, colecciones generales, relatos interculturales y archivo del patrimonio inmaterial, incluyendo sala de memoria regional, entre otros, son parte de las novedades de esta gran obra que beneficiar\u00e1 transversalmente a los habitantes de la regi\u00f3n.<\/p>\n\n\n\n<p>Cabe destacar que de las m\u00e1s de 450 bibliotecas p\u00fablicas que existen en el pa\u00eds, a la fecha solo seis tienen el rango de Biblioteca Regional, las que se encuentran en Antofagasta, Atacama, Coquimbo, Valpara\u00edso, Santiago, Los Lagos y Ays\u00e9n. No obstante, se trabaja en avanzar en la concreci\u00f3n de este anhelo, con proyectos en todas las regiones de Chile, y hoy en la Araucan\u00eda pronto ver\u00e1 la luz esta iniciativa que se convertir\u00e1 en un potente centro cultural regional.<\/p>\n","protected":false},"excerpt":{"rendered":"<div class=\"pvc_clear\"><\/div>\n<p id=\"pvc_stats_36837\" class=\"pvc_stats total_only  \" data-element-id=\"36837\" style=\"\"><i class=\"pvc-stats-icon large\" aria-hidden=\"true\"><svg aria-hidden=\"true\" focusable=\"false\" data-prefix=\"far\" data-icon=\"chart-bar\" role=\"img\" xmlns=\"http:\/\/www.w3.org\/2000\/svg\" viewBox=\"0 0 512 512\" class=\"svg-inline--fa fa-chart-bar fa-w-16 fa-2x\"><path fill=\"currentColor\" d=\"M396.8 352h22.4c6.4 0 12.8-6.4 12.8-12.8V108.8c0-6.4-6.4-12.8-12.8-12.8h-22.4c-6.4 0-12.8 6.4-12.8 12.8v230.4c0 6.4 6.4 12.8 12.8 12.8zm-192 0h22.4c6.4 0 12.8-6.4 12.8-12.8V140.8c0-6.4-6.4-12.8-12.8-12.8h-22.4c-6.4 0-12.8 6.4-12.8 12.8v198.4c0 6.4 6.4 12.8 12.8 12.8zm96 0h22.4c6.4 0 12.8-6.4 12.8-12.8V204.8c0-6.4-6.4-12.8-12.8-12.8h-22.4c-6.4 0-12.8 6.4-12.8 12.8v134.4c0 6.4 6.4 12.8 12.8 12.8zM496 400H48V80c0-8.84-7.16-16-16-16H16C7.16 64 0 71.16 0 80v336c0 17.67 14.33 32 32 32h464c8.84 0 16-7.16 16-16v-16c0-8.84-7.16-16-16-16zm-387.2-48h22.4c6.4 0 12.8-6.4 12.8-12.8v-70.4c0-6.4-6.4-12.8-12.8-12.8h-22.4c-6.4 0-12.8 6.4-12.8 12.8v70.4c0 6.4 6.4 12.8 12.8 12.8z\" class=\"\"><\/path><\/svg><\/i> <img loading=\"lazy\" decoding=\"async\" width=\"16\" height=\"16\" alt=\"Loading\" src=\"https:\/\/temucotelevision.cl\/web\/wp-content\/plugins\/page-views-count\/ajax-loader-2x.gif\" border=0 \/><\/p>\n<div class=\"pvc_clear\"><\/div>\n<p>De las m\u00e1s de 450 bibliotecas p\u00fablicas del pa\u00eds, solo seis tienen el rango de Biblioteca Regional. En 2023 se<\/p>\n","protected":false},"author":1,"featured_media":36838,"comment_status":"open","ping_status":"open","sticky":false,"template":"","format":"standard","meta":{"colormag_page_container_layout":"default_layout","colormag_page_sidebar_layout":"default_layout","footnotes":""},"categories":[15],"tags":[1272,488,206,2687,333],"class_list":["post-36837","post","type-post","status-publish","format-standard","has-post-thumbnail","hentry","category-la-araucania","tag-biblioteca","tag-cultura","tag-gobierno","tag-ministerio","tag-obras"],"a3_pvc":{"activated":true,"total_views":249,"today_views":0},"_links":{"self":[{"href":"https:\/\/temucotelevision.cl\/web\/wp-json\/wp\/v2\/posts\/36837","targetHints":{"allow":["GET"]}}],"collection":[{"href":"https:\/\/temucotelevision.cl\/web\/wp-json\/wp\/v2\/posts"}],"about":[{"href":"https:\/\/temucotelevision.cl\/web\/wp-json\/wp\/v2\/types\/post"}],"author":[{"embeddable":true,"href":"https:\/\/temucotelevision.cl\/web\/wp-json\/wp\/v2\/users\/1"}],"replies":[{"embeddable":true,"href":"https:\/\/temucotelevision.cl\/web\/wp-json\/wp\/v2\/comments?post=36837"}],"version-history":[{"count":1,"href":"https:\/\/temucotelevision.cl\/web\/wp-json\/wp\/v2\/posts\/36837\/revisions"}],"predecessor-version":[{"id":36839,"href":"https:\/\/temucotelevision.cl\/web\/wp-json\/wp\/v2\/posts\/36837\/revisions\/36839"}],"wp:featuredmedia":[{"embeddable":true,"href":"https:\/\/temucotelevision.cl\/web\/wp-json\/wp\/v2\/media\/36838"}],"wp:attachment":[{"href":"https:\/\/temucotelevision.cl\/web\/wp-json\/wp\/v2\/media?parent=36837"}],"wp:term":[{"taxonomy":"category","embeddable":true,"href":"https:\/\/temucotelevision.cl\/web\/wp-json\/wp\/v2\/categories?post=36837"},{"taxonomy":"post_tag","embeddable":true,"href":"https:\/\/temucotelevision.cl\/web\/wp-json\/wp\/v2\/tags?post=36837"}],"curies":[{"name":"wp","href":"https:\/\/api.w.org\/{rel}","templated":true}]}}