{"id":36834,"date":"2022-11-23T13:57:02","date_gmt":"2022-11-23T16:57:02","guid":{"rendered":"https:\/\/temucotelevision.cl\/web\/?p=36834"},"modified":"2022-11-23T13:57:03","modified_gmt":"2022-11-23T16:57:03","slug":"este-viernes-santa-feria-y-zumbale-primo-haran-bailar-a-toda-la-araucania-en-el-festival-vive-cumbia","status":"publish","type":"post","link":"https:\/\/temucotelevision.cl\/web\/2022\/11\/23\/este-viernes-santa-feria-y-zumbale-primo-haran-bailar-a-toda-la-araucania-en-el-festival-vive-cumbia\/","title":{"rendered":"Este viernes Santa Feria y Zumbale Primo har\u00e1n bailar a toda La Araucan\u00eda en el Festival Vive Cumbia"},"content":{"rendered":"<div class=\"pvc_clear\"><\/div><p id=\"pvc_stats_36834\" class=\"pvc_stats total_only  \" data-element-id=\"36834\" style=\"\"><i class=\"pvc-stats-icon large\" aria-hidden=\"true\"><svg aria-hidden=\"true\" focusable=\"false\" data-prefix=\"far\" data-icon=\"chart-bar\" role=\"img\" xmlns=\"http:\/\/www.w3.org\/2000\/svg\" viewBox=\"0 0 512 512\" class=\"svg-inline--fa fa-chart-bar fa-w-16 fa-2x\"><path fill=\"currentColor\" d=\"M396.8 352h22.4c6.4 0 12.8-6.4 12.8-12.8V108.8c0-6.4-6.4-12.8-12.8-12.8h-22.4c-6.4 0-12.8 6.4-12.8 12.8v230.4c0 6.4 6.4 12.8 12.8 12.8zm-192 0h22.4c6.4 0 12.8-6.4 12.8-12.8V140.8c0-6.4-6.4-12.8-12.8-12.8h-22.4c-6.4 0-12.8 6.4-12.8 12.8v198.4c0 6.4 6.4 12.8 12.8 12.8zm96 0h22.4c6.4 0 12.8-6.4 12.8-12.8V204.8c0-6.4-6.4-12.8-12.8-12.8h-22.4c-6.4 0-12.8 6.4-12.8 12.8v134.4c0 6.4 6.4 12.8 12.8 12.8zM496 400H48V80c0-8.84-7.16-16-16-16H16C7.16 64 0 71.16 0 80v336c0 17.67 14.33 32 32 32h464c8.84 0 16-7.16 16-16v-16c0-8.84-7.16-16-16-16zm-387.2-48h22.4c6.4 0 12.8-6.4 12.8-12.8v-70.4c0-6.4-6.4-12.8-12.8-12.8h-22.4c-6.4 0-12.8 6.4-12.8 12.8v70.4c0 6.4 6.4 12.8 12.8 12.8z\" class=\"\"><\/path><\/svg><\/i> <img loading=\"lazy\" decoding=\"async\" width=\"16\" height=\"16\" alt=\"Loading\" src=\"https:\/\/temucotelevision.cl\/web\/wp-content\/plugins\/page-views-count\/ajax-loader-2x.gif\" border=0 \/><\/p><div class=\"pvc_clear\"><\/div>\n<p>Por primera vez juntos en el escenario al sur de Chile, despu\u00e9s del tremendo \u00e9xito \u201cque te vaya bien\u201d, llegan a Temuco el hurac\u00e1n bailable SantaFeria y Zumbale Primo al Festival Vive Cumbia volumen 1, este viernes 25 de noviembre en el Parque SOFO de la capital regional.<\/p>\n\n\n\n<p>Este gran evento, promete hacer bailar a toda la regi\u00f3n con la llegada de la Doble Oficial en Chile de Gilda, Alejandra Quezada, el Dj que hizo bailar a toda la explanada del Parque O\u2019Higgins para las fiestas patrias, DJ Tropikunche, adem\u00e1s de recordar y vacilar con el recuerdo de Amar Azul y Agrupaci\u00f3n Marilyn con La Clasicumbia, tambi\u00e9n toda la pachanga que har\u00e1 bailar hasta el gil de tu ex con Santa Feria y el ritmo tropical ranchero del momento; Zumbale Primo.<\/p>\n\n\n\n<p><strong>Leonardo Mu\u00f1oz, Director de Marketing de la productora Alto Voltaje Live Producciones<\/strong>, coment\u00f3: \u201c<em>Es un evento que har\u00e1 vibrar a todos los que nos gusta la cumbia y pachanga, adem\u00e1s est\u00e1 todo preparado para recibirlos y&nbsp;&nbsp;que tendremos diferentes zonas para que puedan asistir en familia, tambi\u00e9n informamos a los visitantes que las puertas se abrir\u00e1n a las 17:00 horas y tendremos boleter\u00eda disponible para los rezagados que quieran disfrutar del mejor evento de cumbia del sur de Chile<\/em>\u201d<\/p>\n\n\n\n<p>Cabe mencionar que, contar\u00e1 con amplios y c\u00f3modos estacionamientos, seguridad en el recinto, jard\u00edn cervecero y barra nacional, adem\u00e1s de un amplio patio gastron\u00f3mico, donde podr\u00e1n disfrutar la previa al mejor festival de cumbia que ha estado esperando La Araucan\u00eda.<\/p>\n\n\n\n<p>Las entradas al evento, puedes encontrarlas v\u00eda online en&nbsp;<a href=\"http:\/\/www.passline.cl\/\">www.passline.cl<\/a>&nbsp;buscando Festival Vive Cumbia o bien puedes adquirirlas en&nbsp;Bella Tiendita Hind\u00fa, Plussport, Soundmix y Dostor Weed en Temuco, mientras que Padre Las Casas directamente en Botiller\u00eda Padre Las Casas, Lautaro podr\u00e1s acceder en Mega Sandwich, Freire Pasteler\u00eda Ricco, Pitrufqu\u00e9n directamente en Botiller\u00eda La Promo y en Gorbea Botiller\u00eda Malvicho.<\/p>\n","protected":false},"excerpt":{"rendered":"<div class=\"pvc_clear\"><\/div>\n<p id=\"pvc_stats_36834\" class=\"pvc_stats total_only  \" data-element-id=\"36834\" style=\"\"><i class=\"pvc-stats-icon large\" aria-hidden=\"true\"><svg aria-hidden=\"true\" focusable=\"false\" data-prefix=\"far\" data-icon=\"chart-bar\" role=\"img\" xmlns=\"http:\/\/www.w3.org\/2000\/svg\" viewBox=\"0 0 512 512\" class=\"svg-inline--fa fa-chart-bar fa-w-16 fa-2x\"><path fill=\"currentColor\" d=\"M396.8 352h22.4c6.4 0 12.8-6.4 12.8-12.8V108.8c0-6.4-6.4-12.8-12.8-12.8h-22.4c-6.4 0-12.8 6.4-12.8 12.8v230.4c0 6.4 6.4 12.8 12.8 12.8zm-192 0h22.4c6.4 0 12.8-6.4 12.8-12.8V140.8c0-6.4-6.4-12.8-12.8-12.8h-22.4c-6.4 0-12.8 6.4-12.8 12.8v198.4c0 6.4 6.4 12.8 12.8 12.8zm96 0h22.4c6.4 0 12.8-6.4 12.8-12.8V204.8c0-6.4-6.4-12.8-12.8-12.8h-22.4c-6.4 0-12.8 6.4-12.8 12.8v134.4c0 6.4 6.4 12.8 12.8 12.8zM496 400H48V80c0-8.84-7.16-16-16-16H16C7.16 64 0 71.16 0 80v336c0 17.67 14.33 32 32 32h464c8.84 0 16-7.16 16-16v-16c0-8.84-7.16-16-16-16zm-387.2-48h22.4c6.4 0 12.8-6.4 12.8-12.8v-70.4c0-6.4-6.4-12.8-12.8-12.8h-22.4c-6.4 0-12.8 6.4-12.8 12.8v70.4c0 6.4 6.4 12.8 12.8 12.8z\" class=\"\"><\/path><\/svg><\/i> <img loading=\"lazy\" decoding=\"async\" width=\"16\" height=\"16\" alt=\"Loading\" src=\"https:\/\/temucotelevision.cl\/web\/wp-content\/plugins\/page-views-count\/ajax-loader-2x.gif\" border=0 \/><\/p>\n<div class=\"pvc_clear\"><\/div>\n<p>Por primera vez juntos en el escenario al sur de Chile, despu\u00e9s del tremendo \u00e9xito \u201cque te vaya bien\u201d, llegan<\/p>\n","protected":false},"author":1,"featured_media":36835,"comment_status":"open","ping_status":"open","sticky":false,"template":"","format":"standard","meta":{"colormag_page_container_layout":"default_layout","colormag_page_sidebar_layout":"default_layout","footnotes":""},"categories":[86],"tags":[637,141,378,5975],"class_list":["post-36834","post","type-post","status-publish","format-standard","has-post-thumbnail","hentry","category-panoramas","tag-cumbia","tag-festival","tag-santa-feria","tag-zumbale-primo"],"a3_pvc":{"activated":true,"total_views":151,"today_views":0},"_links":{"self":[{"href":"https:\/\/temucotelevision.cl\/web\/wp-json\/wp\/v2\/posts\/36834","targetHints":{"allow":["GET"]}}],"collection":[{"href":"https:\/\/temucotelevision.cl\/web\/wp-json\/wp\/v2\/posts"}],"about":[{"href":"https:\/\/temucotelevision.cl\/web\/wp-json\/wp\/v2\/types\/post"}],"author":[{"embeddable":true,"href":"https:\/\/temucotelevision.cl\/web\/wp-json\/wp\/v2\/users\/1"}],"replies":[{"embeddable":true,"href":"https:\/\/temucotelevision.cl\/web\/wp-json\/wp\/v2\/comments?post=36834"}],"version-history":[{"count":1,"href":"https:\/\/temucotelevision.cl\/web\/wp-json\/wp\/v2\/posts\/36834\/revisions"}],"predecessor-version":[{"id":36836,"href":"https:\/\/temucotelevision.cl\/web\/wp-json\/wp\/v2\/posts\/36834\/revisions\/36836"}],"wp:featuredmedia":[{"embeddable":true,"href":"https:\/\/temucotelevision.cl\/web\/wp-json\/wp\/v2\/media\/36835"}],"wp:attachment":[{"href":"https:\/\/temucotelevision.cl\/web\/wp-json\/wp\/v2\/media?parent=36834"}],"wp:term":[{"taxonomy":"category","embeddable":true,"href":"https:\/\/temucotelevision.cl\/web\/wp-json\/wp\/v2\/categories?post=36834"},{"taxonomy":"post_tag","embeddable":true,"href":"https:\/\/temucotelevision.cl\/web\/wp-json\/wp\/v2\/tags?post=36834"}],"curies":[{"name":"wp","href":"https:\/\/api.w.org\/{rel}","templated":true}]}}