{"id":36831,"date":"2022-11-23T12:58:12","date_gmt":"2022-11-23T15:58:12","guid":{"rendered":"https:\/\/temucotelevision.cl\/web\/?p=36831"},"modified":"2022-11-23T12:58:13","modified_gmt":"2022-11-23T15:58:13","slug":"con-feria-literaria-mineduc-araucania-da-inicio-a-actividades-de-fomento-lector","status":"publish","type":"post","link":"https:\/\/temucotelevision.cl\/web\/2022\/11\/23\/con-feria-literaria-mineduc-araucania-da-inicio-a-actividades-de-fomento-lector\/","title":{"rendered":"Con Feria Literaria MINEDUC Araucan\u00eda da inicio a actividades de fomento lector\u00a0"},"content":{"rendered":"<div class=\"pvc_clear\"><\/div><p id=\"pvc_stats_36831\" class=\"pvc_stats total_only  \" data-element-id=\"36831\" style=\"\"><i class=\"pvc-stats-icon large\" aria-hidden=\"true\"><svg aria-hidden=\"true\" focusable=\"false\" data-prefix=\"far\" data-icon=\"chart-bar\" role=\"img\" xmlns=\"http:\/\/www.w3.org\/2000\/svg\" viewBox=\"0 0 512 512\" class=\"svg-inline--fa fa-chart-bar fa-w-16 fa-2x\"><path fill=\"currentColor\" d=\"M396.8 352h22.4c6.4 0 12.8-6.4 12.8-12.8V108.8c0-6.4-6.4-12.8-12.8-12.8h-22.4c-6.4 0-12.8 6.4-12.8 12.8v230.4c0 6.4 6.4 12.8 12.8 12.8zm-192 0h22.4c6.4 0 12.8-6.4 12.8-12.8V140.8c0-6.4-6.4-12.8-12.8-12.8h-22.4c-6.4 0-12.8 6.4-12.8 12.8v198.4c0 6.4 6.4 12.8 12.8 12.8zm96 0h22.4c6.4 0 12.8-6.4 12.8-12.8V204.8c0-6.4-6.4-12.8-12.8-12.8h-22.4c-6.4 0-12.8 6.4-12.8 12.8v134.4c0 6.4 6.4 12.8 12.8 12.8zM496 400H48V80c0-8.84-7.16-16-16-16H16C7.16 64 0 71.16 0 80v336c0 17.67 14.33 32 32 32h464c8.84 0 16-7.16 16-16v-16c0-8.84-7.16-16-16-16zm-387.2-48h22.4c6.4 0 12.8-6.4 12.8-12.8v-70.4c0-6.4-6.4-12.8-12.8-12.8h-22.4c-6.4 0-12.8 6.4-12.8 12.8v70.4c0 6.4 6.4 12.8 12.8 12.8z\" class=\"\"><\/path><\/svg><\/i> <img loading=\"lazy\" decoding=\"async\" width=\"16\" height=\"16\" alt=\"Loading\" src=\"https:\/\/temucotelevision.cl\/web\/wp-content\/plugins\/page-views-count\/ajax-loader-2x.gif\" border=0 \/><\/p><div class=\"pvc_clear\"><\/div>\n<p><em>El evento abierto a toda la comunidad se realizar\u00e1 en el Parque Isla Caut\u00edn.&nbsp;&nbsp;<\/em><\/p>\n\n\n\n<p><em>Durante la pr\u00f3xima semana se realizar\u00e1n eventos dedicados a la lectura en las comunas de Ercilla, Teodoro Schmidt y Lonquimay, adem\u00e1s de presentaciones teatrales en Freire, Perquenco y Traigu\u00e9n&nbsp;<\/em><\/p>\n\n\n\n<p><strong>\u00a0<\/strong>En el marco de La Pol\u00edtica Seamos Comunidad que tiene como principal objetivo reactivar la educaci\u00f3n desde un enfoque integral, que permita a las comunidades educativas, avanzar hacia un paradigma m\u00e1s democr\u00e1tico, participativo y justo, puesto el foco en disminuir las brechas formativas dejadas por la pandemia y promover la innovaci\u00f3n y la utilizaci\u00f3n de espacios no formales , la Seremi de Educaci\u00f3n, Mar\u00eda Isabel Mari\u00f1anco destac\u00f3 la realizaci\u00f3n de la Feria Literaria denominada \u201cSeamos Comunidad Que Lee\u201d .\u00a0<\/p>\n\n\n\n<p>El evento a realizarse este jueves 24 de noviembre a partir de las 10 horas en el Parque Isla caut\u00edn contar\u00e1 con diversas actividades y stand interactivos para que los estudiantes que la visiten y por cierto todo p\u00fablico pueda acercarse a la lectura desde una perspectiva l\u00fadica y que aprender sea una instancia para ser feliz, sostuvo la autoridad ministerial.&nbsp;<\/p>\n\n\n\n<p>Desde la organizaci\u00f3n se precis\u00f3 que en la actividad habr\u00e1 adem\u00e1s cuenta cuentos, t\u00edteres, kamishibai, juegos y mucho m\u00e1s.&nbsp;<\/p>\n\n\n\n<p><strong>Agenda Lectura Araucania&nbsp;<\/strong><\/p>\n\n\n\n<p>Desde la Serem\u00eda se precis\u00f3 que a la Feria Literaria a realizarse en la capital regional se suman eventos en comunas como son las presentaciones de cuentacuentos de la Fundaci\u00f3n Matrioska en Ercilla, el mi\u00e9rcoles 30 en la Escuela Nueva Alborada&nbsp;&nbsp;de Teodoro Schmidt, el Jueves 1 de diciembre a las 11:00 horas&nbsp;&nbsp;en la&nbsp;&nbsp;Escuela Domingo Camargo de Lonquimay.&nbsp;<\/p>\n\n\n\n<p>En paralelo, se presentar\u00e1n obras de teatro destinadas a estudiantes de 7\u00b0 b\u00e1sico a 3\u00b0 Medio en las comunas de Freire, Perquenco y Traigu\u00e9n.\u00a0<\/p>\n\n\n\n<figure class=\"wp-block-image size-large\"><img loading=\"lazy\" decoding=\"async\" width=\"723\" height=\"1024\" src=\"https:\/\/temucotelevision.cl\/web\/wp-content\/uploads\/2022\/11\/feria-literaria-723x1024.jpeg\" alt=\"\" class=\"wp-image-36832\" srcset=\"https:\/\/temucotelevision.cl\/web\/wp-content\/uploads\/2022\/11\/feria-literaria-723x1024.jpeg 723w, https:\/\/temucotelevision.cl\/web\/wp-content\/uploads\/2022\/11\/feria-literaria-768x1087.jpeg 768w, https:\/\/temucotelevision.cl\/web\/wp-content\/uploads\/2022\/11\/feria-literaria.jpeg 904w\" sizes=\"auto, (max-width: 723px) 100vw, 723px\" \/><\/figure>\n","protected":false},"excerpt":{"rendered":"<div class=\"pvc_clear\"><\/div>\n<p id=\"pvc_stats_36831\" class=\"pvc_stats total_only  \" data-element-id=\"36831\" style=\"\"><i class=\"pvc-stats-icon large\" aria-hidden=\"true\"><svg aria-hidden=\"true\" focusable=\"false\" data-prefix=\"far\" data-icon=\"chart-bar\" role=\"img\" xmlns=\"http:\/\/www.w3.org\/2000\/svg\" viewBox=\"0 0 512 512\" class=\"svg-inline--fa fa-chart-bar fa-w-16 fa-2x\"><path fill=\"currentColor\" d=\"M396.8 352h22.4c6.4 0 12.8-6.4 12.8-12.8V108.8c0-6.4-6.4-12.8-12.8-12.8h-22.4c-6.4 0-12.8 6.4-12.8 12.8v230.4c0 6.4 6.4 12.8 12.8 12.8zm-192 0h22.4c6.4 0 12.8-6.4 12.8-12.8V140.8c0-6.4-6.4-12.8-12.8-12.8h-22.4c-6.4 0-12.8 6.4-12.8 12.8v198.4c0 6.4 6.4 12.8 12.8 12.8zm96 0h22.4c6.4 0 12.8-6.4 12.8-12.8V204.8c0-6.4-6.4-12.8-12.8-12.8h-22.4c-6.4 0-12.8 6.4-12.8 12.8v134.4c0 6.4 6.4 12.8 12.8 12.8zM496 400H48V80c0-8.84-7.16-16-16-16H16C7.16 64 0 71.16 0 80v336c0 17.67 14.33 32 32 32h464c8.84 0 16-7.16 16-16v-16c0-8.84-7.16-16-16-16zm-387.2-48h22.4c6.4 0 12.8-6.4 12.8-12.8v-70.4c0-6.4-6.4-12.8-12.8-12.8h-22.4c-6.4 0-12.8 6.4-12.8 12.8v70.4c0 6.4 6.4 12.8 12.8 12.8z\" class=\"\"><\/path><\/svg><\/i> <img loading=\"lazy\" decoding=\"async\" width=\"16\" height=\"16\" alt=\"Loading\" src=\"https:\/\/temucotelevision.cl\/web\/wp-content\/plugins\/page-views-count\/ajax-loader-2x.gif\" border=0 \/><\/p>\n<div class=\"pvc_clear\"><\/div>\n<p>El evento abierto a toda la comunidad se realizar\u00e1 en el Parque Isla Caut\u00edn.&nbsp;&nbsp; Durante la pr\u00f3xima semana se realizar\u00e1n<\/p>\n","protected":false},"author":1,"featured_media":7483,"comment_status":"open","ping_status":"open","sticky":false,"template":"","format":"standard","meta":{"colormag_page_container_layout":"default_layout","colormag_page_sidebar_layout":"default_layout","footnotes":""},"categories":[15],"tags":[1462,257,5488,5257,1202],"class_list":["post-36831","post","type-post","status-publish","format-standard","has-post-thumbnail","hentry","category-la-araucania","tag-actividades","tag-feria","tag-fomento","tag-lector","tag-mineduc"],"a3_pvc":{"activated":true,"total_views":92,"today_views":0},"_links":{"self":[{"href":"https:\/\/temucotelevision.cl\/web\/wp-json\/wp\/v2\/posts\/36831","targetHints":{"allow":["GET"]}}],"collection":[{"href":"https:\/\/temucotelevision.cl\/web\/wp-json\/wp\/v2\/posts"}],"about":[{"href":"https:\/\/temucotelevision.cl\/web\/wp-json\/wp\/v2\/types\/post"}],"author":[{"embeddable":true,"href":"https:\/\/temucotelevision.cl\/web\/wp-json\/wp\/v2\/users\/1"}],"replies":[{"embeddable":true,"href":"https:\/\/temucotelevision.cl\/web\/wp-json\/wp\/v2\/comments?post=36831"}],"version-history":[{"count":1,"href":"https:\/\/temucotelevision.cl\/web\/wp-json\/wp\/v2\/posts\/36831\/revisions"}],"predecessor-version":[{"id":36833,"href":"https:\/\/temucotelevision.cl\/web\/wp-json\/wp\/v2\/posts\/36831\/revisions\/36833"}],"wp:featuredmedia":[{"embeddable":true,"href":"https:\/\/temucotelevision.cl\/web\/wp-json\/wp\/v2\/media\/7483"}],"wp:attachment":[{"href":"https:\/\/temucotelevision.cl\/web\/wp-json\/wp\/v2\/media?parent=36831"}],"wp:term":[{"taxonomy":"category","embeddable":true,"href":"https:\/\/temucotelevision.cl\/web\/wp-json\/wp\/v2\/categories?post=36831"},{"taxonomy":"post_tag","embeddable":true,"href":"https:\/\/temucotelevision.cl\/web\/wp-json\/wp\/v2\/tags?post=36831"}],"curies":[{"name":"wp","href":"https:\/\/api.w.org\/{rel}","templated":true}]}}