{"id":36772,"date":"2022-11-17T22:58:55","date_gmt":"2022-11-18T01:58:55","guid":{"rendered":"https:\/\/temucotelevision.cl\/web\/?p=36772"},"modified":"2022-11-17T22:58:56","modified_gmt":"2022-11-18T01:58:56","slug":"alertas-que-hace-estados-unidos-sobre-chile-y-la-araucania-podrian-afectar-la-recuperacion-que-experimenta-sector-turismo-tras-crisis-por-el-coronavirus","status":"publish","type":"post","link":"https:\/\/temucotelevision.cl\/web\/2022\/11\/17\/alertas-que-hace-estados-unidos-sobre-chile-y-la-araucania-podrian-afectar-la-recuperacion-que-experimenta-sector-turismo-tras-crisis-por-el-coronavirus\/","title":{"rendered":"Alertas que hace Estados Unidos sobre Chile y La Araucan\u00eda podr\u00edan afectar la recuperaci\u00f3n que experimenta sector turismo tras crisis por el Coronavirus"},"content":{"rendered":"<div class=\"pvc_clear\"><\/div><p id=\"pvc_stats_36772\" class=\"pvc_stats total_only  \" data-element-id=\"36772\" style=\"\"><i class=\"pvc-stats-icon large\" aria-hidden=\"true\"><svg aria-hidden=\"true\" focusable=\"false\" data-prefix=\"far\" data-icon=\"chart-bar\" role=\"img\" xmlns=\"http:\/\/www.w3.org\/2000\/svg\" viewBox=\"0 0 512 512\" class=\"svg-inline--fa fa-chart-bar fa-w-16 fa-2x\"><path fill=\"currentColor\" d=\"M396.8 352h22.4c6.4 0 12.8-6.4 12.8-12.8V108.8c0-6.4-6.4-12.8-12.8-12.8h-22.4c-6.4 0-12.8 6.4-12.8 12.8v230.4c0 6.4 6.4 12.8 12.8 12.8zm-192 0h22.4c6.4 0 12.8-6.4 12.8-12.8V140.8c0-6.4-6.4-12.8-12.8-12.8h-22.4c-6.4 0-12.8 6.4-12.8 12.8v198.4c0 6.4 6.4 12.8 12.8 12.8zm96 0h22.4c6.4 0 12.8-6.4 12.8-12.8V204.8c0-6.4-6.4-12.8-12.8-12.8h-22.4c-6.4 0-12.8 6.4-12.8 12.8v134.4c0 6.4 6.4 12.8 12.8 12.8zM496 400H48V80c0-8.84-7.16-16-16-16H16C7.16 64 0 71.16 0 80v336c0 17.67 14.33 32 32 32h464c8.84 0 16-7.16 16-16v-16c0-8.84-7.16-16-16-16zm-387.2-48h22.4c6.4 0 12.8-6.4 12.8-12.8v-70.4c0-6.4-6.4-12.8-12.8-12.8h-22.4c-6.4 0-12.8 6.4-12.8 12.8v70.4c0 6.4 6.4 12.8 12.8 12.8z\" class=\"\"><\/path><\/svg><\/i> <img loading=\"lazy\" decoding=\"async\" width=\"16\" height=\"16\" alt=\"Loading\" src=\"https:\/\/temucotelevision.cl\/web\/wp-content\/plugins\/page-views-count\/ajax-loader-2x.gif\" border=0 \/><\/p><div class=\"pvc_clear\"><\/div>\n<p>La Oficina de Asuntos Consulares de Estados Unidos recomienda a los turistas norteamericanos \u201cejercer mayor precauci\u00f3n\u201d si van a visitar Chile y La Araucan\u00eda, ubicando a nuestro pa\u00eds en el nivel dos de \u201caviso de viaje\u201d, lo que representa una se\u00f1al de alerta para el sector turismo, que ha ido recuperando posiciones, tras la debacle producida por la pandemia del Coronavirus.<\/p>\n\n\n\n<p>La informaci\u00f3n fue entregada por el consejero regional, Marcelo Carrasco, quien indic\u00f3 que cuatro son los niveles de alerta que el Departamento de Estado de Estados Unidos tiene definidos para recomendar o no la visita a otro pa\u00eds: \u201cEjercer precauciones normales\u201d, \u201cejercer mayor precauci\u00f3n\u201d, \u201creconsiderar viaje\u201d y \u201cno viajes\u201d. Respecto a otros pa\u00edses latinoamericanos, Argentina, por ejemplo, est\u00e1 en el nivel uno, y Per\u00fa, en el tres.<\/p>\n\n\n\n<p>Sobre nuestra regi\u00f3n en particular, dijo Carrasco, el Departamento de Estado norteamericano se refiere al \u201cconflicto en La Araucan\u00eda\u201d, como una situaci\u00f3n donde \u201calgunas personas o grupos cometen atentados\u201d, a\u00f1adiendo que estos incluyen la quema de iglesias, casas y pastizales, y el ataque a camiones, autobuses y maquinaria agr\u00edcola\/maderera, causando destrucci\u00f3n de propiedades, lesiones y muertes. Si bien los ataques se han dirigido principalmente a corporaciones forestales y propietarios de tierras, se debe tener cuidado en la Regi\u00f3n de La Araucan\u00eda\u201d, expresa la comunicaci\u00f3n.<\/p>\n\n\n\n<p><strong>PREOCUPACI\u00d3N<\/strong><\/p>\n\n\n\n<p>Para el consejero regional Marcelo Carrasco, el tema es preocupante porque pudiera inhibir a algunas personas, norteamericanas y extranjeras en general, a visitar La Araucan\u00eda y lo que interesa ahora es que los n\u00fameros sigan mejorando para todos los emprendedores del turismo, indic\u00f3.<\/p>\n\n\n\n<p>En este contexto, a\u00f1adi\u00f3 Carrasco, post meses cr\u00edticos del Covid 19 y espec\u00edficamente el 2022, el sector turismo en la regi\u00f3n present\u00f3 un aumento en su actividad, destacando la Araucan\u00eda Lacustre como la mayor expansi\u00f3n en ventas a precios constantes, con una variaci\u00f3n interanual de 175,4%, mientras que la variaci\u00f3n mensual fue del 83,2%. A su vez, Temuco y alrededores present\u00f3 un alza de 61,3% interanual. El destino Costa Araucan\u00eda, en tanto, consign\u00f3 un aumento de 49 % en comparaci\u00f3n a igual mes del a\u00f1o 2021. En igual sentido, Araucan\u00eda Andina y Nahuelbuta presentaron variaciones en doce meses, equivalentes a 12,7% y 11,1%, respectivamente.<\/p>\n\n\n\n<p>En funci\u00f3n de esta situaci\u00f3n, agreg\u00f3 Carrasco, el gobierno central debe tomar todas las medidas y acciones para revertir esta categorizaci\u00f3n que se le hace a nuestra regi\u00f3n. \u201cSe deben mejorar los entornos, recuperar espacios p\u00fablicos abandonados, pero por sobre todo implementar una pol\u00edtica p\u00fablica regional de seguridad, porque el turista valora muchos factores antes de elegir un destino, como los costos de viaje y estad\u00eda, los atractivos naturales, la calidad de atenci\u00f3n, la oferta recreativa, la calidad de la hoteler\u00eda y de la gastronom\u00eda, etc\u00e9tera\u2026 y la seguridad\u201d Si bien es dif\u00edcil que la seguridad sea un factor relevante en la valoraci\u00f3n positiva de un destino, indic\u00f3 el Core, s\u00ed es muy importante en su valoraci\u00f3n negativa, ya que aunque el destino sea muy bello y barato, los turistas no lo visitar\u00e1n si perciben una gran inseguridad\u201d.<\/p>\n\n\n\n<p>\u201c<strong>HAITI\u201d<\/strong><\/p>\n\n\n\n<p>Para el consejero Carrasco, quiz\u00e1 el mejor ejemplo de la valoraci\u00f3n negativa de un destino tur\u00edstico innegablemente atractivo es el de Hait\u00ed y Rep\u00fablica Dominicana; ambos pa\u00edses ocupan la mitad de la misma isla caribe\u00f1a. Las playas son igualmente bellas en ambos, Hait\u00ed es much\u00edsimo m\u00e1s barato que Rep\u00fablica Dominicana, pero la inseguridad all\u00ed es tan grande que, entre quienes planean vacaciones en el Caribe, nadie analiza siquiera a Hait\u00ed como destino posible. Por ello, dijo Carrasco, es tan importante la tarea de mejorar la seguridad en nuestra regi\u00f3n, con medidas serias. No basta con la visita de las autoridades del gobierno central a la regi\u00f3n y los anuncios que se hacen para los medios, lo que necesitamos son acciones concretas para revertir esta categorizaci\u00f3n que nos han dado\u201d, concluy\u00f3<\/p>\n","protected":false},"excerpt":{"rendered":"<div class=\"pvc_clear\"><\/div>\n<p id=\"pvc_stats_36772\" class=\"pvc_stats total_only  \" data-element-id=\"36772\" style=\"\"><i class=\"pvc-stats-icon large\" aria-hidden=\"true\"><svg aria-hidden=\"true\" focusable=\"false\" data-prefix=\"far\" data-icon=\"chart-bar\" role=\"img\" xmlns=\"http:\/\/www.w3.org\/2000\/svg\" viewBox=\"0 0 512 512\" class=\"svg-inline--fa fa-chart-bar fa-w-16 fa-2x\"><path fill=\"currentColor\" d=\"M396.8 352h22.4c6.4 0 12.8-6.4 12.8-12.8V108.8c0-6.4-6.4-12.8-12.8-12.8h-22.4c-6.4 0-12.8 6.4-12.8 12.8v230.4c0 6.4 6.4 12.8 12.8 12.8zm-192 0h22.4c6.4 0 12.8-6.4 12.8-12.8V140.8c0-6.4-6.4-12.8-12.8-12.8h-22.4c-6.4 0-12.8 6.4-12.8 12.8v198.4c0 6.4 6.4 12.8 12.8 12.8zm96 0h22.4c6.4 0 12.8-6.4 12.8-12.8V204.8c0-6.4-6.4-12.8-12.8-12.8h-22.4c-6.4 0-12.8 6.4-12.8 12.8v134.4c0 6.4 6.4 12.8 12.8 12.8zM496 400H48V80c0-8.84-7.16-16-16-16H16C7.16 64 0 71.16 0 80v336c0 17.67 14.33 32 32 32h464c8.84 0 16-7.16 16-16v-16c0-8.84-7.16-16-16-16zm-387.2-48h22.4c6.4 0 12.8-6.4 12.8-12.8v-70.4c0-6.4-6.4-12.8-12.8-12.8h-22.4c-6.4 0-12.8 6.4-12.8 12.8v70.4c0 6.4 6.4 12.8 12.8 12.8z\" class=\"\"><\/path><\/svg><\/i> <img loading=\"lazy\" decoding=\"async\" width=\"16\" height=\"16\" alt=\"Loading\" src=\"https:\/\/temucotelevision.cl\/web\/wp-content\/plugins\/page-views-count\/ajax-loader-2x.gif\" border=0 \/><\/p>\n<div class=\"pvc_clear\"><\/div>\n<p>La Oficina de Asuntos Consulares de Estados Unidos recomienda a los turistas norteamericanos \u201cejercer mayor precauci\u00f3n\u201d si van a visitar<\/p>\n","protected":false},"author":1,"featured_media":36773,"comment_status":"open","ping_status":"open","sticky":false,"template":"","format":"standard","meta":{"colormag_page_container_layout":"default_layout","colormag_page_sidebar_layout":"default_layout","footnotes":""},"categories":[84],"tags":[937,2326,2304,2312],"class_list":["post-36772","post","type-post","status-publish","format-standard","has-post-thumbnail","hentry","category-politica","tag-alertas","tag-covid","tag-covid-19","tag-pandemia"],"a3_pvc":{"activated":true,"total_views":30,"today_views":0},"_links":{"self":[{"href":"https:\/\/temucotelevision.cl\/web\/wp-json\/wp\/v2\/posts\/36772","targetHints":{"allow":["GET"]}}],"collection":[{"href":"https:\/\/temucotelevision.cl\/web\/wp-json\/wp\/v2\/posts"}],"about":[{"href":"https:\/\/temucotelevision.cl\/web\/wp-json\/wp\/v2\/types\/post"}],"author":[{"embeddable":true,"href":"https:\/\/temucotelevision.cl\/web\/wp-json\/wp\/v2\/users\/1"}],"replies":[{"embeddable":true,"href":"https:\/\/temucotelevision.cl\/web\/wp-json\/wp\/v2\/comments?post=36772"}],"version-history":[{"count":1,"href":"https:\/\/temucotelevision.cl\/web\/wp-json\/wp\/v2\/posts\/36772\/revisions"}],"predecessor-version":[{"id":36774,"href":"https:\/\/temucotelevision.cl\/web\/wp-json\/wp\/v2\/posts\/36772\/revisions\/36774"}],"wp:featuredmedia":[{"embeddable":true,"href":"https:\/\/temucotelevision.cl\/web\/wp-json\/wp\/v2\/media\/36773"}],"wp:attachment":[{"href":"https:\/\/temucotelevision.cl\/web\/wp-json\/wp\/v2\/media?parent=36772"}],"wp:term":[{"taxonomy":"category","embeddable":true,"href":"https:\/\/temucotelevision.cl\/web\/wp-json\/wp\/v2\/categories?post=36772"},{"taxonomy":"post_tag","embeddable":true,"href":"https:\/\/temucotelevision.cl\/web\/wp-json\/wp\/v2\/tags?post=36772"}],"curies":[{"name":"wp","href":"https:\/\/api.w.org\/{rel}","templated":true}]}}