{"id":36764,"date":"2022-11-17T17:50:11","date_gmt":"2022-11-17T20:50:11","guid":{"rendered":"https:\/\/temucotelevision.cl\/web\/?p=36764"},"modified":"2022-11-17T17:50:12","modified_gmt":"2022-11-17T20:50:12","slug":"inflacion-provoco-un-aumento-de-un-185-en-el-gasto-en-restaurantes","status":"publish","type":"post","link":"https:\/\/temucotelevision.cl\/web\/2022\/11\/17\/inflacion-provoco-un-aumento-de-un-185-en-el-gasto-en-restaurantes\/","title":{"rendered":"Inflaci\u00f3n provoc\u00f3 un aumento de un 18,5% en el gasto en restaurantes"},"content":{"rendered":"<div class=\"pvc_clear\"><\/div><p id=\"pvc_stats_36764\" class=\"pvc_stats total_only  \" data-element-id=\"36764\" style=\"\"><i class=\"pvc-stats-icon large\" aria-hidden=\"true\"><svg aria-hidden=\"true\" focusable=\"false\" data-prefix=\"far\" data-icon=\"chart-bar\" role=\"img\" xmlns=\"http:\/\/www.w3.org\/2000\/svg\" viewBox=\"0 0 512 512\" class=\"svg-inline--fa fa-chart-bar fa-w-16 fa-2x\"><path fill=\"currentColor\" d=\"M396.8 352h22.4c6.4 0 12.8-6.4 12.8-12.8V108.8c0-6.4-6.4-12.8-12.8-12.8h-22.4c-6.4 0-12.8 6.4-12.8 12.8v230.4c0 6.4 6.4 12.8 12.8 12.8zm-192 0h22.4c6.4 0 12.8-6.4 12.8-12.8V140.8c0-6.4-6.4-12.8-12.8-12.8h-22.4c-6.4 0-12.8 6.4-12.8 12.8v198.4c0 6.4 6.4 12.8 12.8 12.8zm96 0h22.4c6.4 0 12.8-6.4 12.8-12.8V204.8c0-6.4-6.4-12.8-12.8-12.8h-22.4c-6.4 0-12.8 6.4-12.8 12.8v134.4c0 6.4 6.4 12.8 12.8 12.8zM496 400H48V80c0-8.84-7.16-16-16-16H16C7.16 64 0 71.16 0 80v336c0 17.67 14.33 32 32 32h464c8.84 0 16-7.16 16-16v-16c0-8.84-7.16-16-16-16zm-387.2-48h22.4c6.4 0 12.8-6.4 12.8-12.8v-70.4c0-6.4-6.4-12.8-12.8-12.8h-22.4c-6.4 0-12.8 6.4-12.8 12.8v70.4c0 6.4 6.4 12.8 12.8 12.8z\" class=\"\"><\/path><\/svg><\/i> <img loading=\"lazy\" decoding=\"async\" width=\"16\" height=\"16\" alt=\"Loading\" src=\"https:\/\/temucotelevision.cl\/web\/wp-content\/plugins\/page-views-count\/ajax-loader-2x.gif\" border=0 \/><\/p><div class=\"pvc_clear\"><\/div>\n<ul class=\"wp-block-list\"><li><strong>En supermercados el valor del consumo promedio creci\u00f3 5%.<\/strong><\/li><li><strong>Desde Edenred explican que las alzas estar\u00edan directamente relacionadas con la inflaci\u00f3n.<\/strong><\/li><\/ul>\n\n\n\n<p>Un an\u00e1lisis de Edenred, empresa l\u00edder mundial en el rubro de servicios y beneficios laborales, detect\u00f3 alzas en el valor del consumo promedio en supermercados, cadenas de comida y restaurantes. El estudio \u2014elaborado a partir de los datos proporcionados por el uso del Ticket Restaurant de la compa\u00f1\u00eda\u2014 detalla que durante el segundo semestre del presente a\u00f1o (julio-septiembre) el valor de los almuerzos en restaurantes aument\u00f3 en un 18,5% con respecto al mismo periodo del a\u00f1o pasado.&nbsp;<\/p>\n\n\n\n<p>Gran parte del alza se ha dado durante este a\u00f1o. Durante el primer semestre, el consumo promedio con tarjeta Edenred en restaurantes fue de $6.434, mientras que en el segundo fue de $7.106. Es decir, un 10,4% m\u00e1s alto.<\/p>\n\n\n\n<figure class=\"wp-block-image size-full\"><img loading=\"lazy\" decoding=\"async\" width=\"968\" height=\"592\" src=\"https:\/\/temucotelevision.cl\/web\/wp-content\/uploads\/2022\/11\/Captura-de-pantalla-2022-11-17-a-las-17.43.07.png\" alt=\"\" class=\"wp-image-36766\" srcset=\"https:\/\/temucotelevision.cl\/web\/wp-content\/uploads\/2022\/11\/Captura-de-pantalla-2022-11-17-a-las-17.43.07.png 968w, https:\/\/temucotelevision.cl\/web\/wp-content\/uploads\/2022\/11\/Captura-de-pantalla-2022-11-17-a-las-17.43.07-768x470.png 768w\" sizes=\"auto, (max-width: 968px) 100vw, 968px\" \/><\/figure>\n\n\n\n<p>Fuente: Departamento de Estudios de Edenred<\/p>\n\n\n\n<p>Y es que ha sido principalmente durante este a\u00f1o cuando se vieron aumentos considerables de precios producto de la inflaci\u00f3n. En supermercados, por ejemplo, el consumo promedio durante el primer semestre fue de $29.457, mientras que en el segundo semestre (julio-septiembre) se elev\u00f3 a $30.883, lo que significa un aumento de un 5%.\u00a0<\/p>\n\n\n\n<figure class=\"wp-block-image size-full\"><img loading=\"lazy\" decoding=\"async\" width=\"964\" height=\"594\" src=\"https:\/\/temucotelevision.cl\/web\/wp-content\/uploads\/2022\/11\/Captura-de-pantalla-2022-11-17-a-las-17.43.50.png\" alt=\"\" class=\"wp-image-36767\" srcset=\"https:\/\/temucotelevision.cl\/web\/wp-content\/uploads\/2022\/11\/Captura-de-pantalla-2022-11-17-a-las-17.43.50.png 964w, https:\/\/temucotelevision.cl\/web\/wp-content\/uploads\/2022\/11\/Captura-de-pantalla-2022-11-17-a-las-17.43.50-768x473.png 768w\" sizes=\"auto, (max-width: 964px) 100vw, 964px\" \/><\/figure>\n\n\n\n<p>Fuente: Departamento de Estudios de Edenred<\/p>\n\n\n\n<p>En cadenas de comida, el promedio durante el primer semestre fue de $7.086, mientras que en el segundo semestre fue de $7.617; es decir, aument\u00f3 un 7%.\u00a0<\/p>\n\n\n\n<figure class=\"wp-block-image size-full\"><img loading=\"lazy\" decoding=\"async\" width=\"960\" height=\"578\" src=\"https:\/\/temucotelevision.cl\/web\/wp-content\/uploads\/2022\/11\/Captura-de-pantalla-2022-11-17-a-las-17.44.23.png\" alt=\"\" class=\"wp-image-36768\" srcset=\"https:\/\/temucotelevision.cl\/web\/wp-content\/uploads\/2022\/11\/Captura-de-pantalla-2022-11-17-a-las-17.44.23.png 960w, https:\/\/temucotelevision.cl\/web\/wp-content\/uploads\/2022\/11\/Captura-de-pantalla-2022-11-17-a-las-17.44.23-768x462.png 768w\" sizes=\"auto, (max-width: 960px) 100vw, 960px\" \/><\/figure>\n\n\n\n<p>Fuente: Departamento de Estudios de Edenred<\/p>\n\n\n\n<p>En cuanto a la proporci\u00f3n en que se utiliza este beneficio, el uso en supermercados en el segundo semestre aument\u00f3 en un 0.4%. El alza afect\u00f3 mayormente al uso de la tarjeta en restaurantes, que observ\u00f3 una baja en la proporci\u00f3n de uso.<\/p>\n\n\n\n<p>Seg\u00fan explica Cristi\u00e1n Brice\u00f1o Ribot, gerente de Marketing de Edenred, \u201cel alza del valor del consumo promedio est\u00e1 directamente relacionado con el fen\u00f3meno de la inflaci\u00f3n; no es que las personas est\u00e9n necesariamente comprando m\u00e1s productos, sino que el aumento de los precios se nota directamente en su bolsillo\u201d.&nbsp;<\/p>\n","protected":false},"excerpt":{"rendered":"<div class=\"pvc_clear\"><\/div>\n<p id=\"pvc_stats_36764\" class=\"pvc_stats total_only  \" data-element-id=\"36764\" style=\"\"><i class=\"pvc-stats-icon large\" aria-hidden=\"true\"><svg aria-hidden=\"true\" focusable=\"false\" data-prefix=\"far\" data-icon=\"chart-bar\" role=\"img\" xmlns=\"http:\/\/www.w3.org\/2000\/svg\" viewBox=\"0 0 512 512\" class=\"svg-inline--fa fa-chart-bar fa-w-16 fa-2x\"><path fill=\"currentColor\" d=\"M396.8 352h22.4c6.4 0 12.8-6.4 12.8-12.8V108.8c0-6.4-6.4-12.8-12.8-12.8h-22.4c-6.4 0-12.8 6.4-12.8 12.8v230.4c0 6.4 6.4 12.8 12.8 12.8zm-192 0h22.4c6.4 0 12.8-6.4 12.8-12.8V140.8c0-6.4-6.4-12.8-12.8-12.8h-22.4c-6.4 0-12.8 6.4-12.8 12.8v198.4c0 6.4 6.4 12.8 12.8 12.8zm96 0h22.4c6.4 0 12.8-6.4 12.8-12.8V204.8c0-6.4-6.4-12.8-12.8-12.8h-22.4c-6.4 0-12.8 6.4-12.8 12.8v134.4c0 6.4 6.4 12.8 12.8 12.8zM496 400H48V80c0-8.84-7.16-16-16-16H16C7.16 64 0 71.16 0 80v336c0 17.67 14.33 32 32 32h464c8.84 0 16-7.16 16-16v-16c0-8.84-7.16-16-16-16zm-387.2-48h22.4c6.4 0 12.8-6.4 12.8-12.8v-70.4c0-6.4-6.4-12.8-12.8-12.8h-22.4c-6.4 0-12.8 6.4-12.8 12.8v70.4c0 6.4 6.4 12.8 12.8 12.8z\" class=\"\"><\/path><\/svg><\/i> <img loading=\"lazy\" decoding=\"async\" width=\"16\" height=\"16\" alt=\"Loading\" src=\"https:\/\/temucotelevision.cl\/web\/wp-content\/plugins\/page-views-count\/ajax-loader-2x.gif\" border=0 \/><\/p>\n<div class=\"pvc_clear\"><\/div>\n<p>En supermercados el valor del consumo promedio creci\u00f3 5%. Desde Edenred explican que las alzas estar\u00edan directamente relacionadas con la<\/p>\n","protected":false},"author":1,"featured_media":36769,"comment_status":"open","ping_status":"open","sticky":false,"template":"","format":"standard","meta":{"colormag_page_container_layout":"default_layout","colormag_page_sidebar_layout":"default_layout","footnotes":""},"categories":[101,14],"tags":[5964,5965,5963,1377],"class_list":["post-36764","post","type-post","status-publish","format-standard","has-post-thumbnail","hentry","category-actualidad","category-temuco","tag-aumento","tag-gasto","tag-inflacion","tag-restaurantes"],"a3_pvc":{"activated":true,"total_views":50,"today_views":0},"_links":{"self":[{"href":"https:\/\/temucotelevision.cl\/web\/wp-json\/wp\/v2\/posts\/36764","targetHints":{"allow":["GET"]}}],"collection":[{"href":"https:\/\/temucotelevision.cl\/web\/wp-json\/wp\/v2\/posts"}],"about":[{"href":"https:\/\/temucotelevision.cl\/web\/wp-json\/wp\/v2\/types\/post"}],"author":[{"embeddable":true,"href":"https:\/\/temucotelevision.cl\/web\/wp-json\/wp\/v2\/users\/1"}],"replies":[{"embeddable":true,"href":"https:\/\/temucotelevision.cl\/web\/wp-json\/wp\/v2\/comments?post=36764"}],"version-history":[{"count":2,"href":"https:\/\/temucotelevision.cl\/web\/wp-json\/wp\/v2\/posts\/36764\/revisions"}],"predecessor-version":[{"id":36770,"href":"https:\/\/temucotelevision.cl\/web\/wp-json\/wp\/v2\/posts\/36764\/revisions\/36770"}],"wp:featuredmedia":[{"embeddable":true,"href":"https:\/\/temucotelevision.cl\/web\/wp-json\/wp\/v2\/media\/36769"}],"wp:attachment":[{"href":"https:\/\/temucotelevision.cl\/web\/wp-json\/wp\/v2\/media?parent=36764"}],"wp:term":[{"taxonomy":"category","embeddable":true,"href":"https:\/\/temucotelevision.cl\/web\/wp-json\/wp\/v2\/categories?post=36764"},{"taxonomy":"post_tag","embeddable":true,"href":"https:\/\/temucotelevision.cl\/web\/wp-json\/wp\/v2\/tags?post=36764"}],"curies":[{"name":"wp","href":"https:\/\/api.w.org\/{rel}","templated":true}]}}