{"id":36761,"date":"2022-11-17T17:34:38","date_gmt":"2022-11-17T20:34:38","guid":{"rendered":"https:\/\/temucotelevision.cl\/web\/?p=36761"},"modified":"2022-11-17T17:34:38","modified_gmt":"2022-11-17T20:34:38","slug":"simulacro-de-emergencia-volcanica-se-realizara-este-viernes-en-colegios-de-pucon","status":"publish","type":"post","link":"https:\/\/temucotelevision.cl\/web\/2022\/11\/17\/simulacro-de-emergencia-volcanica-se-realizara-este-viernes-en-colegios-de-pucon\/","title":{"rendered":"Simulacro de emergencia volc\u00e1nica se realizar\u00e1 este viernes en colegios de Puc\u00f3n"},"content":{"rendered":"<div class=\"pvc_clear\"><\/div><p id=\"pvc_stats_36761\" class=\"pvc_stats total_only  \" data-element-id=\"36761\" style=\"\"><i class=\"pvc-stats-icon large\" aria-hidden=\"true\"><svg aria-hidden=\"true\" focusable=\"false\" data-prefix=\"far\" data-icon=\"chart-bar\" role=\"img\" xmlns=\"http:\/\/www.w3.org\/2000\/svg\" viewBox=\"0 0 512 512\" class=\"svg-inline--fa fa-chart-bar fa-w-16 fa-2x\"><path fill=\"currentColor\" d=\"M396.8 352h22.4c6.4 0 12.8-6.4 12.8-12.8V108.8c0-6.4-6.4-12.8-12.8-12.8h-22.4c-6.4 0-12.8 6.4-12.8 12.8v230.4c0 6.4 6.4 12.8 12.8 12.8zm-192 0h22.4c6.4 0 12.8-6.4 12.8-12.8V140.8c0-6.4-6.4-12.8-12.8-12.8h-22.4c-6.4 0-12.8 6.4-12.8 12.8v198.4c0 6.4 6.4 12.8 12.8 12.8zm96 0h22.4c6.4 0 12.8-6.4 12.8-12.8V204.8c0-6.4-6.4-12.8-12.8-12.8h-22.4c-6.4 0-12.8 6.4-12.8 12.8v134.4c0 6.4 6.4 12.8 12.8 12.8zM496 400H48V80c0-8.84-7.16-16-16-16H16C7.16 64 0 71.16 0 80v336c0 17.67 14.33 32 32 32h464c8.84 0 16-7.16 16-16v-16c0-8.84-7.16-16-16-16zm-387.2-48h22.4c6.4 0 12.8-6.4 12.8-12.8v-70.4c0-6.4-6.4-12.8-12.8-12.8h-22.4c-6.4 0-12.8 6.4-12.8 12.8v70.4c0 6.4 6.4 12.8 12.8 12.8z\" class=\"\"><\/path><\/svg><\/i> <img loading=\"lazy\" decoding=\"async\" width=\"16\" height=\"16\" alt=\"Loading\" src=\"https:\/\/temucotelevision.cl\/web\/wp-content\/plugins\/page-views-count\/ajax-loader-2x.gif\" border=0 \/><\/p><div class=\"pvc_clear\"><\/div>\n<p>Alrededor de unos 2 mil 500 estudiantes participar\u00edan en el simulacro de emergencia volc\u00e1nica, que se realizar\u00e1 este viernes 18 de noviembre en Puc\u00f3n, el cual est\u00e1 siendo coordinado por el Departamento de Educaci\u00f3n Municipal en conjunto con Onemi y Sernageomin, adem\u00e1s de instituciones como Carabineros, Bomberos, Seguridad P\u00fablica de la Municipalidad de Puc\u00f3n y el Departamento de Salud.&nbsp;<\/p>\n\n\n\n<p>As\u00ed lo dio a conocer el prevencionista de riesgos del departamento de educaci\u00f3n, Jorge Vilches Arratia, qui\u00e9n destac\u00f3 que hace a lo menos unos tres meses que se est\u00e1 trabajando en la coordinaci\u00f3n de este simulacro, que contar\u00e1 con el apoyo de Onemi, Sernageomin y los directores de los diversos establecimientos de educaci\u00f3n, tanto municipales como particulares subvencionados y particulares.&nbsp;<\/p>\n\n\n\n<p>Vilches expres\u00f3 que la actividad est\u00e1 programada para las 11:00 horas de este viernes, donde se espera la participaci\u00f3n de todas las comunidades educativas del sector urbano de Puc\u00f3n, iniciativa que concuerda con la actual situaci\u00f3n de alerta amarilla en la que se mantiene el Volc\u00e1n Villarrica. \u201cEste es el primer simulacro que se realizar\u00e1 despu\u00e9s de pandemia y que en forma exclusiva est\u00e1 dirigido a las comunidades educativas, el que contar\u00e1 con la participaci\u00f3n de la ONEMI y SERNAGEOMIN\u201d.&nbsp;<\/p>\n\n\n\n<p>Por su parte el director del Departamento de Educaci\u00f3n, Alejandro Dur\u00e1n Guti\u00e9rrez, dijo que esta es una muy buena oportunidad para que se activen todos los protocolos de seguridad ante una eventual manifestaci\u00f3n del Volc\u00e1n Villarrica, recalcando que este operativo se viene trabajando con bastante antelaci\u00f3n y que s\u00f3lo es una coincidencia que el macizo andino este en la actualidad con una alerta amarilla.&nbsp;<\/p>\n\n\n\n<p>\u201cEstamos confiados con la participaci\u00f3n de todas las comunidades educativas, no solo municipales, sino tambi\u00e9n esperamos que se sumen las particulares subvencionadas, como la escuela Nuestra Se\u00f1ora de F\u00e1tima, Liceo Pablo IV, Ram\u00f3n Gui\u00f1ez, Liceo Liahona, Raitrai College y Colegio Montemar\u00eda.<\/p>\n\n\n\n<p>Para el desarrollo de esta jornada, se contempla la suspensi\u00f3n de tr\u00e1nsito de algunas arterias, con el prop\u00f3sito de salvaguardar la integridad f\u00edsica de los ni\u00f1os y ni\u00f1as de los establecimientos que participar\u00e1n del simulacro, quienes se dirigir\u00e1n a los dos puntos de encuentro transitorio, como son la Pen\u00ednsula y Los Calabozos. Las v\u00edas que se utilizar\u00e1n en el desplazamiento estar\u00e1n debidamente resguardadas por Carabineros de la Novena Comisar\u00eda de Puc\u00f3n y est\u00e1s son: calle Colo Colo, Clemente Holzapfel; Lincoy\u00e1n; Caupolic\u00e1n; Uruguay; los Calabozos; Los Eucaliptus; Calle R\u00edo Claro y parte del camino Internacional.&nbsp;<\/p>\n","protected":false},"excerpt":{"rendered":"<div class=\"pvc_clear\"><\/div>\n<p id=\"pvc_stats_36761\" class=\"pvc_stats total_only  \" data-element-id=\"36761\" style=\"\"><i class=\"pvc-stats-icon large\" aria-hidden=\"true\"><svg aria-hidden=\"true\" focusable=\"false\" data-prefix=\"far\" data-icon=\"chart-bar\" role=\"img\" xmlns=\"http:\/\/www.w3.org\/2000\/svg\" viewBox=\"0 0 512 512\" class=\"svg-inline--fa fa-chart-bar fa-w-16 fa-2x\"><path fill=\"currentColor\" d=\"M396.8 352h22.4c6.4 0 12.8-6.4 12.8-12.8V108.8c0-6.4-6.4-12.8-12.8-12.8h-22.4c-6.4 0-12.8 6.4-12.8 12.8v230.4c0 6.4 6.4 12.8 12.8 12.8zm-192 0h22.4c6.4 0 12.8-6.4 12.8-12.8V140.8c0-6.4-6.4-12.8-12.8-12.8h-22.4c-6.4 0-12.8 6.4-12.8 12.8v198.4c0 6.4 6.4 12.8 12.8 12.8zm96 0h22.4c6.4 0 12.8-6.4 12.8-12.8V204.8c0-6.4-6.4-12.8-12.8-12.8h-22.4c-6.4 0-12.8 6.4-12.8 12.8v134.4c0 6.4 6.4 12.8 12.8 12.8zM496 400H48V80c0-8.84-7.16-16-16-16H16C7.16 64 0 71.16 0 80v336c0 17.67 14.33 32 32 32h464c8.84 0 16-7.16 16-16v-16c0-8.84-7.16-16-16-16zm-387.2-48h22.4c6.4 0 12.8-6.4 12.8-12.8v-70.4c0-6.4-6.4-12.8-12.8-12.8h-22.4c-6.4 0-12.8 6.4-12.8 12.8v70.4c0 6.4 6.4 12.8 12.8 12.8z\" class=\"\"><\/path><\/svg><\/i> <img loading=\"lazy\" decoding=\"async\" width=\"16\" height=\"16\" alt=\"Loading\" src=\"https:\/\/temucotelevision.cl\/web\/wp-content\/plugins\/page-views-count\/ajax-loader-2x.gif\" border=0 \/><\/p>\n<div class=\"pvc_clear\"><\/div>\n<p>Alrededor de unos 2 mil 500 estudiantes participar\u00edan en el simulacro de emergencia volc\u00e1nica, que se realizar\u00e1 este viernes 18<\/p>\n","protected":false},"author":1,"featured_media":36762,"comment_status":"open","ping_status":"open","sticky":false,"template":"","format":"standard","meta":{"colormag_page_container_layout":"default_layout","colormag_page_sidebar_layout":"default_layout","footnotes":""},"categories":[15],"tags":[602,321,161,5962,1510],"class_list":["post-36761","post","type-post","status-publish","format-standard","has-post-thumbnail","hentry","category-la-araucania","tag-colegios","tag-emergencia","tag-pucon","tag-simulacros","tag-volcan"],"a3_pvc":{"activated":true,"total_views":60,"today_views":0},"_links":{"self":[{"href":"https:\/\/temucotelevision.cl\/web\/wp-json\/wp\/v2\/posts\/36761","targetHints":{"allow":["GET"]}}],"collection":[{"href":"https:\/\/temucotelevision.cl\/web\/wp-json\/wp\/v2\/posts"}],"about":[{"href":"https:\/\/temucotelevision.cl\/web\/wp-json\/wp\/v2\/types\/post"}],"author":[{"embeddable":true,"href":"https:\/\/temucotelevision.cl\/web\/wp-json\/wp\/v2\/users\/1"}],"replies":[{"embeddable":true,"href":"https:\/\/temucotelevision.cl\/web\/wp-json\/wp\/v2\/comments?post=36761"}],"version-history":[{"count":1,"href":"https:\/\/temucotelevision.cl\/web\/wp-json\/wp\/v2\/posts\/36761\/revisions"}],"predecessor-version":[{"id":36763,"href":"https:\/\/temucotelevision.cl\/web\/wp-json\/wp\/v2\/posts\/36761\/revisions\/36763"}],"wp:featuredmedia":[{"embeddable":true,"href":"https:\/\/temucotelevision.cl\/web\/wp-json\/wp\/v2\/media\/36762"}],"wp:attachment":[{"href":"https:\/\/temucotelevision.cl\/web\/wp-json\/wp\/v2\/media?parent=36761"}],"wp:term":[{"taxonomy":"category","embeddable":true,"href":"https:\/\/temucotelevision.cl\/web\/wp-json\/wp\/v2\/categories?post=36761"},{"taxonomy":"post_tag","embeddable":true,"href":"https:\/\/temucotelevision.cl\/web\/wp-json\/wp\/v2\/tags?post=36761"}],"curies":[{"name":"wp","href":"https:\/\/api.w.org\/{rel}","templated":true}]}}