{"id":36754,"date":"2022-11-17T16:27:50","date_gmt":"2022-11-17T19:27:50","guid":{"rendered":"https:\/\/temucotelevision.cl\/web\/?p=36754"},"modified":"2022-11-17T16:27:51","modified_gmt":"2022-11-17T19:27:51","slug":"pdi-traiguen-incauta-plantas-de-marihuana-estaban-en-invernadero-artesanal","status":"publish","type":"post","link":"https:\/\/temucotelevision.cl\/web\/2022\/11\/17\/pdi-traiguen-incauta-plantas-de-marihuana-estaban-en-invernadero-artesanal\/","title":{"rendered":"PDI Traigu\u00e9n incauta plantas de marihuana: estaban en invernadero artesanal"},"content":{"rendered":"<div class=\"pvc_clear\"><\/div><p id=\"pvc_stats_36754\" class=\"pvc_stats total_only  \" data-element-id=\"36754\" style=\"\"><i class=\"pvc-stats-icon large\" aria-hidden=\"true\"><svg aria-hidden=\"true\" focusable=\"false\" data-prefix=\"far\" data-icon=\"chart-bar\" role=\"img\" xmlns=\"http:\/\/www.w3.org\/2000\/svg\" viewBox=\"0 0 512 512\" class=\"svg-inline--fa fa-chart-bar fa-w-16 fa-2x\"><path fill=\"currentColor\" d=\"M396.8 352h22.4c6.4 0 12.8-6.4 12.8-12.8V108.8c0-6.4-6.4-12.8-12.8-12.8h-22.4c-6.4 0-12.8 6.4-12.8 12.8v230.4c0 6.4 6.4 12.8 12.8 12.8zm-192 0h22.4c6.4 0 12.8-6.4 12.8-12.8V140.8c0-6.4-6.4-12.8-12.8-12.8h-22.4c-6.4 0-12.8 6.4-12.8 12.8v198.4c0 6.4 6.4 12.8 12.8 12.8zm96 0h22.4c6.4 0 12.8-6.4 12.8-12.8V204.8c0-6.4-6.4-12.8-12.8-12.8h-22.4c-6.4 0-12.8 6.4-12.8 12.8v134.4c0 6.4 6.4 12.8 12.8 12.8zM496 400H48V80c0-8.84-7.16-16-16-16H16C7.16 64 0 71.16 0 80v336c0 17.67 14.33 32 32 32h464c8.84 0 16-7.16 16-16v-16c0-8.84-7.16-16-16-16zm-387.2-48h22.4c6.4 0 12.8-6.4 12.8-12.8v-70.4c0-6.4-6.4-12.8-12.8-12.8h-22.4c-6.4 0-12.8 6.4-12.8 12.8v70.4c0 6.4 6.4 12.8 12.8 12.8z\" class=\"\"><\/path><\/svg><\/i> <img loading=\"lazy\" decoding=\"async\" width=\"16\" height=\"16\" alt=\"Loading\" src=\"https:\/\/temucotelevision.cl\/web\/wp-content\/plugins\/page-views-count\/ajax-loader-2x.gif\" border=0 \/><\/p><div class=\"pvc_clear\"><\/div>\n<p>&nbsp;<\/p>\n\n\n\n<p>Detectives de la Brigada&nbsp;de&nbsp;Investigaci\u00f3n&nbsp;Criminal (Bicrim) Traigu\u00e9n,&nbsp;incautaron 159 plantas de cannabis sativa, luego de encontrar un invernadero&nbsp;artesanal&nbsp;con los vegetales en diversos tama\u00f1os en la comuna de Los Sauces.<\/p>\n\n\n\n<p>&nbsp;<\/p>\n\n\n\n<p>El subprefecto&nbsp;Rodrigo Isamit, jefe&nbsp;subrogante&nbsp;de la&nbsp;Bicrim&nbsp;Traigu\u00e9n indic\u00f3 que \u201cfuncionarios de esta unidad&nbsp;en virtud a&nbsp;una&nbsp;orden de investigar por el delito de&nbsp;usurpaci\u00f3n no violenta,&nbsp;practicaron dive<a><\/a>rsasdiligencias&nbsp;en la&nbsp;comuna de Los Sauces, espec\u00edficamente en uno de los inmuebles denunciadosubicado&nbsp;en el sector&nbsp;Nupangue&nbsp;Alto,&nbsp;encontrando&nbsp;un invernadero&nbsp;destinado \u00fanicamente a la siembra y cultivo de plantas de marihuana\u201d.<\/p>\n\n\n\n<p>&nbsp;<\/p>\n\n\n\n<p>Los detectives realizaron&nbsp;fijaci\u00f3n fotogr\u00e1fica y el levantamiento de&nbsp;las 159&nbsp;plantas&nbsp;de&nbsp;canabbis&nbsp;sativa&nbsp;en proceso de crecimiento, dando cuenta a la Fiscal\u00eda del hallazgo&nbsp;de la droga.<\/p>\n\n\n\n<p>&nbsp;<\/p>\n\n\n\n<p>Los hechos fueron comunicados al fiscal de turno de la ciudad de&nbsp;Traigu\u00e9n,&nbsp;quien dispuso que&nbsp;las plantas fueran remitida al Servicio de Salud Araucan\u00eda Norte para su destrucci\u00f3n. Cabe se\u00f1alar que en&nbsp;la diligencia no hubo personas detenidas, ya que el inmueble se encontraba desocupado.<\/p>\n\n\n\n<p>&nbsp;<\/p>\n\n\n\n<p>&nbsp;<\/p>\n\n\n\n<p>&nbsp;<\/p>\n\n\n\n<p>&nbsp;<\/p>\n","protected":false},"excerpt":{"rendered":"<div class=\"pvc_clear\"><\/div>\n<p id=\"pvc_stats_36754\" class=\"pvc_stats total_only  \" data-element-id=\"36754\" style=\"\"><i class=\"pvc-stats-icon large\" aria-hidden=\"true\"><svg aria-hidden=\"true\" focusable=\"false\" data-prefix=\"far\" data-icon=\"chart-bar\" role=\"img\" xmlns=\"http:\/\/www.w3.org\/2000\/svg\" viewBox=\"0 0 512 512\" class=\"svg-inline--fa fa-chart-bar fa-w-16 fa-2x\"><path fill=\"currentColor\" d=\"M396.8 352h22.4c6.4 0 12.8-6.4 12.8-12.8V108.8c0-6.4-6.4-12.8-12.8-12.8h-22.4c-6.4 0-12.8 6.4-12.8 12.8v230.4c0 6.4 6.4 12.8 12.8 12.8zm-192 0h22.4c6.4 0 12.8-6.4 12.8-12.8V140.8c0-6.4-6.4-12.8-12.8-12.8h-22.4c-6.4 0-12.8 6.4-12.8 12.8v198.4c0 6.4 6.4 12.8 12.8 12.8zm96 0h22.4c6.4 0 12.8-6.4 12.8-12.8V204.8c0-6.4-6.4-12.8-12.8-12.8h-22.4c-6.4 0-12.8 6.4-12.8 12.8v134.4c0 6.4 6.4 12.8 12.8 12.8zM496 400H48V80c0-8.84-7.16-16-16-16H16C7.16 64 0 71.16 0 80v336c0 17.67 14.33 32 32 32h464c8.84 0 16-7.16 16-16v-16c0-8.84-7.16-16-16-16zm-387.2-48h22.4c6.4 0 12.8-6.4 12.8-12.8v-70.4c0-6.4-6.4-12.8-12.8-12.8h-22.4c-6.4 0-12.8 6.4-12.8 12.8v70.4c0 6.4 6.4 12.8 12.8 12.8z\" class=\"\"><\/path><\/svg><\/i> <img loading=\"lazy\" decoding=\"async\" width=\"16\" height=\"16\" alt=\"Loading\" src=\"https:\/\/temucotelevision.cl\/web\/wp-content\/plugins\/page-views-count\/ajax-loader-2x.gif\" border=0 \/><\/p>\n<div class=\"pvc_clear\"><\/div>\n<p>&nbsp; Detectives de la Brigada&nbsp;de&nbsp;Investigaci\u00f3n&nbsp;Criminal (Bicrim) Traigu\u00e9n,&nbsp;incautaron 159 plantas de cannabis sativa, luego de encontrar un invernadero&nbsp;artesanal&nbsp;con los vegetales en<\/p>\n","protected":false},"author":1,"featured_media":36753,"comment_status":"open","ping_status":"open","sticky":false,"template":"","format":"standard","meta":{"colormag_page_container_layout":"default_layout","colormag_page_sidebar_layout":"default_layout","footnotes":""},"categories":[15,16],"tags":[76,537],"class_list":["post-36754","post","type-post","status-publish","format-standard","has-post-thumbnail","hentry","category-la-araucania","category-policial","tag-pdi","tag-plantas"],"a3_pvc":{"activated":true,"total_views":77,"today_views":0},"_links":{"self":[{"href":"https:\/\/temucotelevision.cl\/web\/wp-json\/wp\/v2\/posts\/36754","targetHints":{"allow":["GET"]}}],"collection":[{"href":"https:\/\/temucotelevision.cl\/web\/wp-json\/wp\/v2\/posts"}],"about":[{"href":"https:\/\/temucotelevision.cl\/web\/wp-json\/wp\/v2\/types\/post"}],"author":[{"embeddable":true,"href":"https:\/\/temucotelevision.cl\/web\/wp-json\/wp\/v2\/users\/1"}],"replies":[{"embeddable":true,"href":"https:\/\/temucotelevision.cl\/web\/wp-json\/wp\/v2\/comments?post=36754"}],"version-history":[{"count":1,"href":"https:\/\/temucotelevision.cl\/web\/wp-json\/wp\/v2\/posts\/36754\/revisions"}],"predecessor-version":[{"id":36755,"href":"https:\/\/temucotelevision.cl\/web\/wp-json\/wp\/v2\/posts\/36754\/revisions\/36755"}],"wp:featuredmedia":[{"embeddable":true,"href":"https:\/\/temucotelevision.cl\/web\/wp-json\/wp\/v2\/media\/36753"}],"wp:attachment":[{"href":"https:\/\/temucotelevision.cl\/web\/wp-json\/wp\/v2\/media?parent=36754"}],"wp:term":[{"taxonomy":"category","embeddable":true,"href":"https:\/\/temucotelevision.cl\/web\/wp-json\/wp\/v2\/categories?post=36754"},{"taxonomy":"post_tag","embeddable":true,"href":"https:\/\/temucotelevision.cl\/web\/wp-json\/wp\/v2\/tags?post=36754"}],"curies":[{"name":"wp","href":"https:\/\/api.w.org\/{rel}","templated":true}]}}