{"id":36740,"date":"2022-11-16T17:56:10","date_gmt":"2022-11-16T20:56:10","guid":{"rendered":"https:\/\/temucotelevision.cl\/web\/?p=36740"},"modified":"2022-11-16T17:56:19","modified_gmt":"2022-11-16T20:56:19","slug":"senadora-carmen-gloria-aravena-denuncia-violenta-jornada-en-traiguen-aqui-hay-un-desamparo-total-de-los-ciudadanos-por-parte-del-estado","status":"publish","type":"post","link":"https:\/\/temucotelevision.cl\/web\/2022\/11\/16\/senadora-carmen-gloria-aravena-denuncia-violenta-jornada-en-traiguen-aqui-hay-un-desamparo-total-de-los-ciudadanos-por-parte-del-estado\/","title":{"rendered":"Senadora Carmen Gloria Aravena denuncia violenta jornada en Traigu\u00e9n: \u201cAqu\u00ed hay un desamparo total de los ciudadanos por parte del Estado\u201d"},"content":{"rendered":"<div class=\"pvc_clear\"><\/div><p id=\"pvc_stats_36740\" class=\"pvc_stats total_only  \" data-element-id=\"36740\" style=\"\"><i class=\"pvc-stats-icon large\" aria-hidden=\"true\"><svg aria-hidden=\"true\" focusable=\"false\" data-prefix=\"far\" data-icon=\"chart-bar\" role=\"img\" xmlns=\"http:\/\/www.w3.org\/2000\/svg\" viewBox=\"0 0 512 512\" class=\"svg-inline--fa fa-chart-bar fa-w-16 fa-2x\"><path fill=\"currentColor\" d=\"M396.8 352h22.4c6.4 0 12.8-6.4 12.8-12.8V108.8c0-6.4-6.4-12.8-12.8-12.8h-22.4c-6.4 0-12.8 6.4-12.8 12.8v230.4c0 6.4 6.4 12.8 12.8 12.8zm-192 0h22.4c6.4 0 12.8-6.4 12.8-12.8V140.8c0-6.4-6.4-12.8-12.8-12.8h-22.4c-6.4 0-12.8 6.4-12.8 12.8v198.4c0 6.4 6.4 12.8 12.8 12.8zm96 0h22.4c6.4 0 12.8-6.4 12.8-12.8V204.8c0-6.4-6.4-12.8-12.8-12.8h-22.4c-6.4 0-12.8 6.4-12.8 12.8v134.4c0 6.4 6.4 12.8 12.8 12.8zM496 400H48V80c0-8.84-7.16-16-16-16H16C7.16 64 0 71.16 0 80v336c0 17.67 14.33 32 32 32h464c8.84 0 16-7.16 16-16v-16c0-8.84-7.16-16-16-16zm-387.2-48h22.4c6.4 0 12.8-6.4 12.8-12.8v-70.4c0-6.4-6.4-12.8-12.8-12.8h-22.4c-6.4 0-12.8 6.4-12.8 12.8v70.4c0 6.4 6.4 12.8 12.8 12.8z\" class=\"\"><\/path><\/svg><\/i> <img loading=\"lazy\" decoding=\"async\" width=\"16\" height=\"16\" alt=\"Loading\" src=\"https:\/\/temucotelevision.cl\/web\/wp-content\/plugins\/page-views-count\/ajax-loader-2x.gif\" border=0 \/><\/p><div class=\"pvc_clear\"><\/div>\n<p>\u2022 Tres ataques -dos en la zona urbana y uno en el \u00e1rea rural cercana a Temucuicui-, atribuibles al mismo grupo delictual, se registraron ayer en esta comuna, a plena luz del d\u00eda, en los que personas fueron atacadas con armas de fuego con el objetivo de robarles sus veh\u00edculos.<\/p>\n\n\n\n<p>Mi\u00e9rcoles 16 de noviembre de 2022. En La Araucan\u00eda estamos viviendo una pandemia de violencia que se expande cada d\u00eda, y que ya est\u00e1 llegando incluso a las zonas urbanas de las localidades de la regi\u00f3n, como ocurri\u00f3 ayer, a plena luz del d\u00eda, en Traigu\u00e9n, y donde afortunadamente no result\u00f3 nadie muerto, pero fue s\u00f3lo por un milagro\u201d.<\/p>\n\n\n\n<p>De esta forma describi\u00f3 la Senadora Carmen Gloria Aravena, los tres ataques que se registraron ayer en esa comuna, protagonizado presumiblemente por el mismo grupo delictual. Uno de los episodios ocurri\u00f3 en Calle Lagos, una de las principales de Traigu\u00e9n, y afect\u00f3 a un gendarme, el que fue intimidado con armas de fuego, lo agredieron y le robaron el veh\u00edculo, con el cual arrancaron hacia el sector de Quechereguas, colindante a Temucuicui.<\/p>\n\n\n\n<p>El otro hecho se registr\u00f3 en el sector El Tranque, a dos kil\u00f3metros de Traigu\u00e9n, cuando alba\u00f1iles que sal\u00edan de una obra en construcci\u00f3n, se encontraron con un veh\u00edculo del que se baj\u00f3 un grupo de personas de forma intempestiva, por lo que realizaron una maniobra para evadir la encerrona, ante lo cual fueron atacados con armas de fuego, resultando uno de ellos herido en su brazo. Mientras que el tercer episodio afect\u00f3 a trabajadores de una faena forestal, a quienes les robaron la camioneta, resultando uno de ellos lesionado de consideraci\u00f3n por un golpe en la cabeza que recibi\u00f3.<\/p>\n\n\n\n<p>\u201cLo ocurrido ayer confirma que los hechos de violencia se agravan y siguen escalando a tal nivel, que estos grupos ya operan con total impunidad, de d\u00eda, en zonas urbanas donde transita mucha gente, y que utilizan sin ninguna consideraci\u00f3n sus armas de fuego para cometer estos delitos. Traigu\u00e9n es una zona cercana a Temucuicui, muy afectada por la violencia, donde ocurren con frecuencia ataque y atentados, y donde las personas ya no se atreven ni a salir de sus casas por temor a que les pase algo, como sucedi\u00f3 en esta oportunidad\u201d, enfatiz\u00f3 la Senadora Aravena.<\/p>\n\n\n\n<p>\u201cEspero que la visita del Presidente a la regi\u00f3n no se entrampe en la discusi\u00f3n respecto a si usar o no la Ley Antiterrorista. Aqu\u00ed el Estado y el gobierno deben hacer uso de todas las herramientas de las que se disponen, para enfrentar el terrorismo y crimen organizado, y por lo mismo, resulta fundamental que se otorgue urgencia al proyecto que busca mejorar la actual legislaci\u00f3n antiterrorista\u201d, concluy\u00f3 la legisladora por La Araucan\u00eda.<\/p>\n","protected":false},"excerpt":{"rendered":"<div class=\"pvc_clear\"><\/div>\n<p id=\"pvc_stats_36740\" class=\"pvc_stats total_only  \" data-element-id=\"36740\" style=\"\"><i class=\"pvc-stats-icon large\" aria-hidden=\"true\"><svg aria-hidden=\"true\" focusable=\"false\" data-prefix=\"far\" data-icon=\"chart-bar\" role=\"img\" xmlns=\"http:\/\/www.w3.org\/2000\/svg\" viewBox=\"0 0 512 512\" class=\"svg-inline--fa fa-chart-bar fa-w-16 fa-2x\"><path fill=\"currentColor\" d=\"M396.8 352h22.4c6.4 0 12.8-6.4 12.8-12.8V108.8c0-6.4-6.4-12.8-12.8-12.8h-22.4c-6.4 0-12.8 6.4-12.8 12.8v230.4c0 6.4 6.4 12.8 12.8 12.8zm-192 0h22.4c6.4 0 12.8-6.4 12.8-12.8V140.8c0-6.4-6.4-12.8-12.8-12.8h-22.4c-6.4 0-12.8 6.4-12.8 12.8v198.4c0 6.4 6.4 12.8 12.8 12.8zm96 0h22.4c6.4 0 12.8-6.4 12.8-12.8V204.8c0-6.4-6.4-12.8-12.8-12.8h-22.4c-6.4 0-12.8 6.4-12.8 12.8v134.4c0 6.4 6.4 12.8 12.8 12.8zM496 400H48V80c0-8.84-7.16-16-16-16H16C7.16 64 0 71.16 0 80v336c0 17.67 14.33 32 32 32h464c8.84 0 16-7.16 16-16v-16c0-8.84-7.16-16-16-16zm-387.2-48h22.4c6.4 0 12.8-6.4 12.8-12.8v-70.4c0-6.4-6.4-12.8-12.8-12.8h-22.4c-6.4 0-12.8 6.4-12.8 12.8v70.4c0 6.4 6.4 12.8 12.8 12.8z\" class=\"\"><\/path><\/svg><\/i> <img loading=\"lazy\" decoding=\"async\" width=\"16\" height=\"16\" alt=\"Loading\" src=\"https:\/\/temucotelevision.cl\/web\/wp-content\/plugins\/page-views-count\/ajax-loader-2x.gif\" border=0 \/><\/p>\n<div class=\"pvc_clear\"><\/div>\n<p>\u2022 Tres ataques -dos en la zona urbana y uno en el \u00e1rea rural cercana a Temucuicui-, atribuibles al mismo<\/p>\n","protected":false},"author":1,"featured_media":34206,"comment_status":"open","ping_status":"open","sticky":false,"template":"","format":"standard","meta":{"colormag_page_container_layout":"default_layout","colormag_page_sidebar_layout":"default_layout","footnotes":""},"categories":[84],"tags":[206,2065],"class_list":["post-36740","post","type-post","status-publish","format-standard","has-post-thumbnail","hentry","category-politica","tag-gobierno","tag-senadora"],"a3_pvc":{"activated":true,"total_views":22,"today_views":0},"_links":{"self":[{"href":"https:\/\/temucotelevision.cl\/web\/wp-json\/wp\/v2\/posts\/36740","targetHints":{"allow":["GET"]}}],"collection":[{"href":"https:\/\/temucotelevision.cl\/web\/wp-json\/wp\/v2\/posts"}],"about":[{"href":"https:\/\/temucotelevision.cl\/web\/wp-json\/wp\/v2\/types\/post"}],"author":[{"embeddable":true,"href":"https:\/\/temucotelevision.cl\/web\/wp-json\/wp\/v2\/users\/1"}],"replies":[{"embeddable":true,"href":"https:\/\/temucotelevision.cl\/web\/wp-json\/wp\/v2\/comments?post=36740"}],"version-history":[{"count":1,"href":"https:\/\/temucotelevision.cl\/web\/wp-json\/wp\/v2\/posts\/36740\/revisions"}],"predecessor-version":[{"id":36741,"href":"https:\/\/temucotelevision.cl\/web\/wp-json\/wp\/v2\/posts\/36740\/revisions\/36741"}],"wp:featuredmedia":[{"embeddable":true,"href":"https:\/\/temucotelevision.cl\/web\/wp-json\/wp\/v2\/media\/34206"}],"wp:attachment":[{"href":"https:\/\/temucotelevision.cl\/web\/wp-json\/wp\/v2\/media?parent=36740"}],"wp:term":[{"taxonomy":"category","embeddable":true,"href":"https:\/\/temucotelevision.cl\/web\/wp-json\/wp\/v2\/categories?post=36740"},{"taxonomy":"post_tag","embeddable":true,"href":"https:\/\/temucotelevision.cl\/web\/wp-json\/wp\/v2\/tags?post=36740"}],"curies":[{"name":"wp","href":"https:\/\/api.w.org\/{rel}","templated":true}]}}