{"id":36738,"date":"2022-11-16T13:38:25","date_gmt":"2022-11-16T16:38:25","guid":{"rendered":"https:\/\/temucotelevision.cl\/web\/?p=36738"},"modified":"2022-11-16T13:38:26","modified_gmt":"2022-11-16T16:38:26","slug":"ercilla-carabineros-recupera-camioneta-robada-a-la-familia-lemun-en-angol","status":"publish","type":"post","link":"https:\/\/temucotelevision.cl\/web\/2022\/11\/16\/ercilla-carabineros-recupera-camioneta-robada-a-la-familia-lemun-en-angol\/","title":{"rendered":"Ercilla: Carabineros recupera camioneta robada a la familia Lem\u00fan en Angol"},"content":{"rendered":"<div class=\"pvc_clear\"><\/div><p id=\"pvc_stats_36738\" class=\"pvc_stats total_only  \" data-element-id=\"36738\" style=\"\"><i class=\"pvc-stats-icon large\" aria-hidden=\"true\"><svg aria-hidden=\"true\" focusable=\"false\" data-prefix=\"far\" data-icon=\"chart-bar\" role=\"img\" xmlns=\"http:\/\/www.w3.org\/2000\/svg\" viewBox=\"0 0 512 512\" class=\"svg-inline--fa fa-chart-bar fa-w-16 fa-2x\"><path fill=\"currentColor\" d=\"M396.8 352h22.4c6.4 0 12.8-6.4 12.8-12.8V108.8c0-6.4-6.4-12.8-12.8-12.8h-22.4c-6.4 0-12.8 6.4-12.8 12.8v230.4c0 6.4 6.4 12.8 12.8 12.8zm-192 0h22.4c6.4 0 12.8-6.4 12.8-12.8V140.8c0-6.4-6.4-12.8-12.8-12.8h-22.4c-6.4 0-12.8 6.4-12.8 12.8v198.4c0 6.4 6.4 12.8 12.8 12.8zm96 0h22.4c6.4 0 12.8-6.4 12.8-12.8V204.8c0-6.4-6.4-12.8-12.8-12.8h-22.4c-6.4 0-12.8 6.4-12.8 12.8v134.4c0 6.4 6.4 12.8 12.8 12.8zM496 400H48V80c0-8.84-7.16-16-16-16H16C7.16 64 0 71.16 0 80v336c0 17.67 14.33 32 32 32h464c8.84 0 16-7.16 16-16v-16c0-8.84-7.16-16-16-16zm-387.2-48h22.4c6.4 0 12.8-6.4 12.8-12.8v-70.4c0-6.4-6.4-12.8-12.8-12.8h-22.4c-6.4 0-12.8 6.4-12.8 12.8v70.4c0 6.4 6.4 12.8 12.8 12.8z\" class=\"\"><\/path><\/svg><\/i> <img loading=\"lazy\" decoding=\"async\" width=\"16\" height=\"16\" alt=\"Loading\" src=\"https:\/\/temucotelevision.cl\/web\/wp-content\/plugins\/page-views-count\/ajax-loader-2x.gif\" border=0 \/><\/p><div class=\"pvc_clear\"><\/div>\n<p>En las \u00faltimas horas, personal de la 2\u00aa Comisar\u00eda COP \u201cPailahueque\u201d recuperaron un veh\u00edculo que manten\u00eda encargo por robo con intimidaci\u00f3n con armas de fuego y que pertenece a la familia Lem\u00fan. El procedimiento, se registr\u00f3 la noche de este martes en la localidad de Pidima, comuna de Ercilla.<\/p>\n\n\n\n<p>Lo anterior, luego que el personal COP que daba cumplimiento a una medida de protecci\u00f3n en el sector San Ram\u00f3n escucharan disparos en las inmediaciones, concurriendo r\u00e1pidamente con un despliegue t\u00e1ctico al lugar donde hallaron la camioneta, la que extrajeron con la ayuda de veh\u00edculos blindados bajo las medidas de seguridad correspondientes.<\/p>\n\n\n\n<p>Los hechos fueron informados al fiscal de turno quien dispuso el trabajo especializado por parte de la Secci\u00f3n Encargo y B\u00fasqueda de Veh\u00edculos (Sebv) y la SIP de la 2\u00aa Comisar\u00eda Collipulli.<\/p>\n\n\n\n<p>&#8220;6 sujetos con el rostro cubierto y que portaban armamento de distinto calibre, sustrajeron el veh\u00edculo, por lo que Carabineros de Chile a trav\u00e9s de distinto medios log\u00edsticos logr\u00f3 recuperarla para posteriormente regresarla a sus due\u00f1os&#8221;, resalt\u00f3 el Teniente Coronel Alejandro Alb\u00e1n de la Prefectura Malleco.<\/p>\n\n\n\n<p>Seg\u00fan las primeras diligencias, alrededor de las 17:15 horas de este martes en la ruta R-330 en el sector rural de Lolenco en Angol, uno de los integrantes de la familia Lem\u00fan fue interceptado por encapuchados que utilizando armas de fuego lo intimidaron y obligaron a entregar el veh\u00edculo en que se desplazaba, huyendo en direcci\u00f3n desconocida.<\/p>\n","protected":false},"excerpt":{"rendered":"<div class=\"pvc_clear\"><\/div>\n<p id=\"pvc_stats_36738\" class=\"pvc_stats total_only  \" data-element-id=\"36738\" style=\"\"><i class=\"pvc-stats-icon large\" aria-hidden=\"true\"><svg aria-hidden=\"true\" focusable=\"false\" data-prefix=\"far\" data-icon=\"chart-bar\" role=\"img\" xmlns=\"http:\/\/www.w3.org\/2000\/svg\" viewBox=\"0 0 512 512\" class=\"svg-inline--fa fa-chart-bar fa-w-16 fa-2x\"><path fill=\"currentColor\" d=\"M396.8 352h22.4c6.4 0 12.8-6.4 12.8-12.8V108.8c0-6.4-6.4-12.8-12.8-12.8h-22.4c-6.4 0-12.8 6.4-12.8 12.8v230.4c0 6.4 6.4 12.8 12.8 12.8zm-192 0h22.4c6.4 0 12.8-6.4 12.8-12.8V140.8c0-6.4-6.4-12.8-12.8-12.8h-22.4c-6.4 0-12.8 6.4-12.8 12.8v198.4c0 6.4 6.4 12.8 12.8 12.8zm96 0h22.4c6.4 0 12.8-6.4 12.8-12.8V204.8c0-6.4-6.4-12.8-12.8-12.8h-22.4c-6.4 0-12.8 6.4-12.8 12.8v134.4c0 6.4 6.4 12.8 12.8 12.8zM496 400H48V80c0-8.84-7.16-16-16-16H16C7.16 64 0 71.16 0 80v336c0 17.67 14.33 32 32 32h464c8.84 0 16-7.16 16-16v-16c0-8.84-7.16-16-16-16zm-387.2-48h22.4c6.4 0 12.8-6.4 12.8-12.8v-70.4c0-6.4-6.4-12.8-12.8-12.8h-22.4c-6.4 0-12.8 6.4-12.8 12.8v70.4c0 6.4 6.4 12.8 12.8 12.8z\" class=\"\"><\/path><\/svg><\/i> <img loading=\"lazy\" decoding=\"async\" width=\"16\" height=\"16\" alt=\"Loading\" src=\"https:\/\/temucotelevision.cl\/web\/wp-content\/plugins\/page-views-count\/ajax-loader-2x.gif\" border=0 \/><\/p>\n<div class=\"pvc_clear\"><\/div>\n<p>En las \u00faltimas horas, personal de la 2\u00aa Comisar\u00eda COP \u201cPailahueque\u201d recuperaron un veh\u00edculo que manten\u00eda encargo por robo con<\/p>\n","protected":false},"author":1,"featured_media":36737,"comment_status":"open","ping_status":"open","sticky":false,"template":"","format":"standard","meta":{"colormag_page_container_layout":"default_layout","colormag_page_sidebar_layout":"default_layout","footnotes":""},"categories":[16],"tags":[1135,419,138],"class_list":["post-36738","post","type-post","status-publish","format-standard","has-post-thumbnail","hentry","category-policial","tag-camioneta","tag-familia","tag-robo"],"a3_pvc":{"activated":true,"total_views":56,"today_views":0},"_links":{"self":[{"href":"https:\/\/temucotelevision.cl\/web\/wp-json\/wp\/v2\/posts\/36738","targetHints":{"allow":["GET"]}}],"collection":[{"href":"https:\/\/temucotelevision.cl\/web\/wp-json\/wp\/v2\/posts"}],"about":[{"href":"https:\/\/temucotelevision.cl\/web\/wp-json\/wp\/v2\/types\/post"}],"author":[{"embeddable":true,"href":"https:\/\/temucotelevision.cl\/web\/wp-json\/wp\/v2\/users\/1"}],"replies":[{"embeddable":true,"href":"https:\/\/temucotelevision.cl\/web\/wp-json\/wp\/v2\/comments?post=36738"}],"version-history":[{"count":1,"href":"https:\/\/temucotelevision.cl\/web\/wp-json\/wp\/v2\/posts\/36738\/revisions"}],"predecessor-version":[{"id":36739,"href":"https:\/\/temucotelevision.cl\/web\/wp-json\/wp\/v2\/posts\/36738\/revisions\/36739"}],"wp:featuredmedia":[{"embeddable":true,"href":"https:\/\/temucotelevision.cl\/web\/wp-json\/wp\/v2\/media\/36737"}],"wp:attachment":[{"href":"https:\/\/temucotelevision.cl\/web\/wp-json\/wp\/v2\/media?parent=36738"}],"wp:term":[{"taxonomy":"category","embeddable":true,"href":"https:\/\/temucotelevision.cl\/web\/wp-json\/wp\/v2\/categories?post=36738"},{"taxonomy":"post_tag","embeddable":true,"href":"https:\/\/temucotelevision.cl\/web\/wp-json\/wp\/v2\/tags?post=36738"}],"curies":[{"name":"wp","href":"https:\/\/api.w.org\/{rel}","templated":true}]}}