{"id":36734,"date":"2022-11-16T12:28:27","date_gmt":"2022-11-16T15:28:27","guid":{"rendered":"https:\/\/temucotelevision.cl\/web\/?p=36734"},"modified":"2022-11-16T12:28:27","modified_gmt":"2022-11-16T15:28:27","slug":"gobierno-lanza-nuevo-numero-denuncia-seguro-4242","status":"publish","type":"post","link":"https:\/\/temucotelevision.cl\/web\/2022\/11\/16\/gobierno-lanza-nuevo-numero-denuncia-seguro-4242\/","title":{"rendered":"Gobierno lanza nuevo n\u00famero denuncia seguro *4242"},"content":{"rendered":"<div class=\"pvc_clear\"><\/div><p id=\"pvc_stats_36734\" class=\"pvc_stats total_only  \" data-element-id=\"36734\" style=\"\"><i class=\"pvc-stats-icon large\" aria-hidden=\"true\"><svg aria-hidden=\"true\" focusable=\"false\" data-prefix=\"far\" data-icon=\"chart-bar\" role=\"img\" xmlns=\"http:\/\/www.w3.org\/2000\/svg\" viewBox=\"0 0 512 512\" class=\"svg-inline--fa fa-chart-bar fa-w-16 fa-2x\"><path fill=\"currentColor\" d=\"M396.8 352h22.4c6.4 0 12.8-6.4 12.8-12.8V108.8c0-6.4-6.4-12.8-12.8-12.8h-22.4c-6.4 0-12.8 6.4-12.8 12.8v230.4c0 6.4 6.4 12.8 12.8 12.8zm-192 0h22.4c6.4 0 12.8-6.4 12.8-12.8V140.8c0-6.4-6.4-12.8-12.8-12.8h-22.4c-6.4 0-12.8 6.4-12.8 12.8v198.4c0 6.4 6.4 12.8 12.8 12.8zm96 0h22.4c6.4 0 12.8-6.4 12.8-12.8V204.8c0-6.4-6.4-12.8-12.8-12.8h-22.4c-6.4 0-12.8 6.4-12.8 12.8v134.4c0 6.4 6.4 12.8 12.8 12.8zM496 400H48V80c0-8.84-7.16-16-16-16H16C7.16 64 0 71.16 0 80v336c0 17.67 14.33 32 32 32h464c8.84 0 16-7.16 16-16v-16c0-8.84-7.16-16-16-16zm-387.2-48h22.4c6.4 0 12.8-6.4 12.8-12.8v-70.4c0-6.4-6.4-12.8-12.8-12.8h-22.4c-6.4 0-12.8 6.4-12.8 12.8v70.4c0 6.4 6.4 12.8 12.8 12.8z\" class=\"\"><\/path><\/svg><\/i> <img loading=\"lazy\" decoding=\"async\" width=\"16\" height=\"16\" alt=\"Loading\" src=\"https:\/\/temucotelevision.cl\/web\/wp-content\/plugins\/page-views-count\/ajax-loader-2x.gif\" border=0 \/><\/p><div class=\"pvc_clear\"><\/div>\n<ul class=\"wp-block-list\"><li><em>\u00a0La Subsecretar\u00eda de Prevenci\u00f3n del Delito lanz\u00f3 este martes un nuevo n\u00famero del Programa Denuncia Seguro, esto, en el contexto de la estrategia del Gobierno para enfrentar la delincuencia. Con esta iniciativa se promueve la denuncia an\u00f3nima de delitos no flagrantes.<\/em><\/li><\/ul>\n\n\n\n<p>\u201cDenuncia Seguro\u201d tiene nuevo n\u00famero, antes el n\u00famero era 600 400 0101, ahora es *4242. Las personas podr\u00e1n llamar de manera completamente gratis desde celulares al *4242. Es una denuncia 100% an\u00f3nima y segura.<\/p>\n\n\n\n<p>La llamada es 100% an\u00f3nima, gratuita y segura, quienes denuncien, pueden hacerlo durante las 24 horas del d\u00eda, los 365 d\u00edas del a\u00f1o. Tambi\u00e9n pueden hacerlo de manera an\u00f3nima a trav\u00e9s de la p\u00e1gina&nbsp;<a href=\"http:\/\/www.denunciaseguro.cl\/\">www.denunciaseguro.cl<\/a>.<\/p>\n\n\n\n<p>El Delegado Presidencial de La Araucan\u00eda, Jos\u00e9 Montalva, ha enfatizado en uno de los objetivos, que es la seguridad social, y la importancia de denunciar estos hechos, \u201csi no hay denuncia en el sistema p\u00fablico, en las polic\u00edas o en el Ministerio P\u00fablico, no existe delito, por eso es tan importante que esta se haga, por un lado, para que se investigue, y por otro, para que se recojan estad\u00edsticas de los delitos que se est\u00e1n registrando en cierto territorio\u201d, el Delegado insiste en que esto permite que se logre hacer un uso m\u00e1s eficiente de las capacidades de respuesta del Estado frente a la persecuci\u00f3n penal, la reparaci\u00f3n, y la prevenci\u00f3n.<\/p>\n\n\n\n<p>\u00bfQu\u00e9 tipo de delitos se pueden denunciar? &nbsp; &nbsp;Tenencia, fabricaci\u00f3n y contrabando de armas; tr\u00e1fico de drogas; violencia intrafamiliar; bandas o personas dedicadas al robo; comercio o receptaci\u00f3n de bienes robados; homicidios; pr\u00f3fugos de la justicia; delitos sexuales contra menores; robo de veh\u00edculos; placas patentes adulteradas; trata de personas y tr\u00e1fico de migrantes, entre otros.<\/p>\n\n\n\n<p>Francisco Vega, Coordinador Regional de Seguridad P\u00fablica, se refiere a la tarea que viene de la mano con esta nueva iniciativa, c\u00f3mo difundir con la comunidad lo recientemente implementado, \u201cvamos a estar en cada una de las comunas de la regi\u00f3n, en las instituciones, y principalmente en un trabajo coordinado con la ciudadan\u00eda, con juntas de vigilancia, juntas de vecinos, que son el puntapi\u00e9 inicial en el proceso de denuncia\u201d.<\/p>\n\n\n\n<p>Recalcar que este fono es an\u00f3nimo y seguro. Nadie le solicitar\u00e1 al denunciante sus datos personales ni quedar\u00e1 ning\u00fan registro de la llamada. \u00bfC\u00f3mo funciona? La persona debe entregar en la medida de lo posible, &nbsp;todos los antecedentes del delito que quiere denunciar, cada detalle es clave.&nbsp;<\/p>\n\n\n\n<p>Precisar que este no es un fono de emergencia. La informaci\u00f3n es analizada y derivada al Ministerio P\u00fablico para iniciar una investigaci\u00f3n, pero \u00bfCu\u00e1l es el impacto? La informaci\u00f3n recibida ha permitido a las polic\u00edas detener a narcotraficantes y desbaratar importantes bandas delictuales.<\/p>\n","protected":false},"excerpt":{"rendered":"<div class=\"pvc_clear\"><\/div>\n<p id=\"pvc_stats_36734\" class=\"pvc_stats total_only  \" data-element-id=\"36734\" style=\"\"><i class=\"pvc-stats-icon large\" aria-hidden=\"true\"><svg aria-hidden=\"true\" focusable=\"false\" data-prefix=\"far\" data-icon=\"chart-bar\" role=\"img\" xmlns=\"http:\/\/www.w3.org\/2000\/svg\" viewBox=\"0 0 512 512\" class=\"svg-inline--fa fa-chart-bar fa-w-16 fa-2x\"><path fill=\"currentColor\" d=\"M396.8 352h22.4c6.4 0 12.8-6.4 12.8-12.8V108.8c0-6.4-6.4-12.8-12.8-12.8h-22.4c-6.4 0-12.8 6.4-12.8 12.8v230.4c0 6.4 6.4 12.8 12.8 12.8zm-192 0h22.4c6.4 0 12.8-6.4 12.8-12.8V140.8c0-6.4-6.4-12.8-12.8-12.8h-22.4c-6.4 0-12.8 6.4-12.8 12.8v198.4c0 6.4 6.4 12.8 12.8 12.8zm96 0h22.4c6.4 0 12.8-6.4 12.8-12.8V204.8c0-6.4-6.4-12.8-12.8-12.8h-22.4c-6.4 0-12.8 6.4-12.8 12.8v134.4c0 6.4 6.4 12.8 12.8 12.8zM496 400H48V80c0-8.84-7.16-16-16-16H16C7.16 64 0 71.16 0 80v336c0 17.67 14.33 32 32 32h464c8.84 0 16-7.16 16-16v-16c0-8.84-7.16-16-16-16zm-387.2-48h22.4c6.4 0 12.8-6.4 12.8-12.8v-70.4c0-6.4-6.4-12.8-12.8-12.8h-22.4c-6.4 0-12.8 6.4-12.8 12.8v70.4c0 6.4 6.4 12.8 12.8 12.8z\" class=\"\"><\/path><\/svg><\/i> <img loading=\"lazy\" decoding=\"async\" width=\"16\" height=\"16\" alt=\"Loading\" src=\"https:\/\/temucotelevision.cl\/web\/wp-content\/plugins\/page-views-count\/ajax-loader-2x.gif\" border=0 \/><\/p>\n<div class=\"pvc_clear\"><\/div>\n<p>\u00a0La Subsecretar\u00eda de Prevenci\u00f3n del Delito lanz\u00f3 este martes un nuevo n\u00famero del Programa Denuncia Seguro, esto, en el contexto<\/p>\n","protected":false},"author":1,"featured_media":36735,"comment_status":"open","ping_status":"open","sticky":false,"template":"","format":"standard","meta":{"colormag_page_container_layout":"default_layout","colormag_page_sidebar_layout":"default_layout","footnotes":""},"categories":[15],"tags":[433,2699,206,5959],"class_list":["post-36734","post","type-post","status-publish","format-standard","has-post-thumbnail","hentry","category-la-araucania","tag-denuncia","tag-fono","tag-gobierno","tag-numero"],"a3_pvc":{"activated":true,"total_views":59,"today_views":0},"_links":{"self":[{"href":"https:\/\/temucotelevision.cl\/web\/wp-json\/wp\/v2\/posts\/36734","targetHints":{"allow":["GET"]}}],"collection":[{"href":"https:\/\/temucotelevision.cl\/web\/wp-json\/wp\/v2\/posts"}],"about":[{"href":"https:\/\/temucotelevision.cl\/web\/wp-json\/wp\/v2\/types\/post"}],"author":[{"embeddable":true,"href":"https:\/\/temucotelevision.cl\/web\/wp-json\/wp\/v2\/users\/1"}],"replies":[{"embeddable":true,"href":"https:\/\/temucotelevision.cl\/web\/wp-json\/wp\/v2\/comments?post=36734"}],"version-history":[{"count":1,"href":"https:\/\/temucotelevision.cl\/web\/wp-json\/wp\/v2\/posts\/36734\/revisions"}],"predecessor-version":[{"id":36736,"href":"https:\/\/temucotelevision.cl\/web\/wp-json\/wp\/v2\/posts\/36734\/revisions\/36736"}],"wp:featuredmedia":[{"embeddable":true,"href":"https:\/\/temucotelevision.cl\/web\/wp-json\/wp\/v2\/media\/36735"}],"wp:attachment":[{"href":"https:\/\/temucotelevision.cl\/web\/wp-json\/wp\/v2\/media?parent=36734"}],"wp:term":[{"taxonomy":"category","embeddable":true,"href":"https:\/\/temucotelevision.cl\/web\/wp-json\/wp\/v2\/categories?post=36734"},{"taxonomy":"post_tag","embeddable":true,"href":"https:\/\/temucotelevision.cl\/web\/wp-json\/wp\/v2\/tags?post=36734"}],"curies":[{"name":"wp","href":"https:\/\/api.w.org\/{rel}","templated":true}]}}