{"id":36731,"date":"2022-11-16T12:10:10","date_gmt":"2022-11-16T15:10:10","guid":{"rendered":"https:\/\/temucotelevision.cl\/web\/?p=36731"},"modified":"2022-11-16T12:10:10","modified_gmt":"2022-11-16T15:10:10","slug":"subsecretario-de-redes-asistenciales-visito-avance-de-obras-de-la-nueva-urgencia-del-hospital-dr-hernan-henriquez-aravena-de-temuco","status":"publish","type":"post","link":"https:\/\/temucotelevision.cl\/web\/2022\/11\/16\/subsecretario-de-redes-asistenciales-visito-avance-de-obras-de-la-nueva-urgencia-del-hospital-dr-hernan-henriquez-aravena-de-temuco\/","title":{"rendered":"Subsecretario de Redes Asistenciales visit\u00f3 avance de obras de la nueva Urgencia del Hospital Dr. Hern\u00e1n Henr\u00edquez Aravena de Temuco"},"content":{"rendered":"<div class=\"pvc_clear\"><\/div><p id=\"pvc_stats_36731\" class=\"pvc_stats total_only  \" data-element-id=\"36731\" style=\"\"><i class=\"pvc-stats-icon large\" aria-hidden=\"true\"><svg aria-hidden=\"true\" focusable=\"false\" data-prefix=\"far\" data-icon=\"chart-bar\" role=\"img\" xmlns=\"http:\/\/www.w3.org\/2000\/svg\" viewBox=\"0 0 512 512\" class=\"svg-inline--fa fa-chart-bar fa-w-16 fa-2x\"><path fill=\"currentColor\" d=\"M396.8 352h22.4c6.4 0 12.8-6.4 12.8-12.8V108.8c0-6.4-6.4-12.8-12.8-12.8h-22.4c-6.4 0-12.8 6.4-12.8 12.8v230.4c0 6.4 6.4 12.8 12.8 12.8zm-192 0h22.4c6.4 0 12.8-6.4 12.8-12.8V140.8c0-6.4-6.4-12.8-12.8-12.8h-22.4c-6.4 0-12.8 6.4-12.8 12.8v198.4c0 6.4 6.4 12.8 12.8 12.8zm96 0h22.4c6.4 0 12.8-6.4 12.8-12.8V204.8c0-6.4-6.4-12.8-12.8-12.8h-22.4c-6.4 0-12.8 6.4-12.8 12.8v134.4c0 6.4 6.4 12.8 12.8 12.8zM496 400H48V80c0-8.84-7.16-16-16-16H16C7.16 64 0 71.16 0 80v336c0 17.67 14.33 32 32 32h464c8.84 0 16-7.16 16-16v-16c0-8.84-7.16-16-16-16zm-387.2-48h22.4c6.4 0 12.8-6.4 12.8-12.8v-70.4c0-6.4-6.4-12.8-12.8-12.8h-22.4c-6.4 0-12.8 6.4-12.8 12.8v70.4c0 6.4 6.4 12.8 12.8 12.8z\" class=\"\"><\/path><\/svg><\/i> <img loading=\"lazy\" decoding=\"async\" width=\"16\" height=\"16\" alt=\"Loading\" src=\"https:\/\/temucotelevision.cl\/web\/wp-content\/plugins\/page-views-count\/ajax-loader-2x.gif\" border=0 \/><\/p><div class=\"pvc_clear\"><\/div>\n<p><em>Durante su estad\u00eda, la autoridad de salud se reuni\u00f3 con directivos y gremios de la salud, adem\u00e1s de conocer estrategias de cirug\u00eda ambulatoria y sala de quimioterapia ambulatoria.<\/em><\/p>\n\n\n\n<p>Hasta el establecimiento de salud de alta complejidad de La Araucan\u00eda lleg\u00f3 el subsecretario de Redes Asistenciales, Dr. Fernando Araos junto al director (s) del Servicio de Salud Araucan\u00eda Sur, Freddy Vidal y su respectivo equipo directivo para realizar un recorrido por la obra de la nueva infraestructura del Servicio de Urgencia del Hospital Regional Dr. Hern\u00e1n Henr\u00edquez Aravena de Temuco.<\/p>\n\n\n\n<p>La visita, que estuvo guiada por el director del hospital regional, Heber Rickenberg, contempl\u00f3 los principales espacios del proyecto de emergencia hospitalaria, que abarca una superficie total de 2.518 metros cuadrados, que alberga 3 box de priorizaci\u00f3n, 14 box indiferenciados, 1 box dental, 4 box de procedimiento quir\u00fargico, traumatolog\u00eda, reanimaci\u00f3n, farmacia, entre otros servicios que buscan potenciar la funcionalidad y calidad de la atenci\u00f3n.<\/p>\n\n\n\n<p>Al respecto, la autoridad ministerial destac\u00f3 que \u201cjunto con el director del hospital hemos revisado los proyectos de inversi\u00f3n con el objetivo de poner cuanto antes en marcha la nueva urgencia de este hospital, pero tambi\u00e9n para avanzar el pr\u00f3ximo a\u00f1o en la construcci\u00f3n de 5 pabellones adicionales que ser\u00e1n de mucha importancia para la regi\u00f3n, adem\u00e1s del centro oncol\u00f3gico adulto e infantil tan necesarios para La Araucan\u00eda. Estoy orgulloso del trabajo de los funcionarios de los diferentes equipos cl\u00ednicos que entregan calidad y calidez en cada una de sus atenciones\u201d.<\/p>\n\n\n\n<p><strong>Visita a pabellones de cirug\u00eda ambulatoria<\/strong><\/p>\n\n\n\n<p>En esa misma l\u00ednea, el subsecretario visit\u00f3 los pabellones de cirug\u00eda mayor ambulatoria, que es una de las mayores estrategias de resoluci\u00f3n quir\u00fargica. Adem\u00e1s, visit\u00f3 el servicio de quimioterapia ambulatoria, que mejor\u00f3 la oportunidad de atenci\u00f3n, aumentando de 10 a 25 sillones ubicados en un ambiente c\u00e1lido y acogedor para el paciente donde tambi\u00e9n se encuentra una sala de humanizaci\u00f3n al trato, lugar en el que los especialistas o quien necesite conversar con la familia y\/o paciente puede hacerlo en un lugar apacible, c\u00f3modo e&nbsp;&nbsp;\u00edntimo.&nbsp;<\/p>\n\n\n\n<p>Sobre la visita de la autoridad de Redes Asistenciales, el director (s) del Servicio de Salud Araucan\u00eda Sur, Freddy Vidal, dijo que \u201cestamos muy contentos con la visita de nuestro subsecretario que en terreno a podido constatar el esfuerzo de cada uno de los funcionarios del hospital regional, que pronto contar\u00e1 con una nueva infraestructura de urgencia, adem\u00e1s de evaluar nuevos proyectos que van en directo beneficio de la comunidad, otorgando calidad y confort para los habitantes de nuestra regi\u00f3n\u201d.<\/p>\n\n\n\n<p>Por su parte, el director del Hospital, Heber Rickenberg, se\u00f1al\u00f3 que \u201cconversamos sobre los adelantos y avances que hemos tenido en la lista de espera quir\u00fargica, revisamos algunas acciones y proyectos que estamos haciendo como hospital de alta complejidad\u201d.&nbsp;<\/p>\n\n\n\n<p>A su vez, agreg\u00f3 que el Dr. Araos comprometi\u00f3 su apoyo en la construcci\u00f3n de 5 pabellones para \u201cpoder partir ojal\u00e1 a comienzos del a\u00f1o 2023. Conversamos tambi\u00e9n sobre los beneficios que se est\u00e1n impulsando para los funcionarios y funcionarias como el Centro de Cuidados Infantiles, que se encuentra en la etapa de compra de terreno para luego realizar el dise\u00f1o. Otro de estos proyectos es el casino para los y las trabajadores que ya est\u00e1 en la etapa de dise\u00f1o, por lo que estamos muy satisfechos con su visita\u201d.<\/p>\n\n\n\n<p>Finalmente, destacar que el subsecretario Araos se reuni\u00f3 con representantes de las asociaciones gremiales regionales y locales, para conocer las diferentes demandas que requieren para mejorar las condiciones laborales y de atenci\u00f3n para los funcionarios de la salud.&nbsp;<\/p>\n","protected":false},"excerpt":{"rendered":"<div class=\"pvc_clear\"><\/div>\n<p id=\"pvc_stats_36731\" class=\"pvc_stats total_only  \" data-element-id=\"36731\" style=\"\"><i class=\"pvc-stats-icon large\" aria-hidden=\"true\"><svg aria-hidden=\"true\" focusable=\"false\" data-prefix=\"far\" data-icon=\"chart-bar\" role=\"img\" xmlns=\"http:\/\/www.w3.org\/2000\/svg\" viewBox=\"0 0 512 512\" class=\"svg-inline--fa fa-chart-bar fa-w-16 fa-2x\"><path fill=\"currentColor\" d=\"M396.8 352h22.4c6.4 0 12.8-6.4 12.8-12.8V108.8c0-6.4-6.4-12.8-12.8-12.8h-22.4c-6.4 0-12.8 6.4-12.8 12.8v230.4c0 6.4 6.4 12.8 12.8 12.8zm-192 0h22.4c6.4 0 12.8-6.4 12.8-12.8V140.8c0-6.4-6.4-12.8-12.8-12.8h-22.4c-6.4 0-12.8 6.4-12.8 12.8v198.4c0 6.4 6.4 12.8 12.8 12.8zm96 0h22.4c6.4 0 12.8-6.4 12.8-12.8V204.8c0-6.4-6.4-12.8-12.8-12.8h-22.4c-6.4 0-12.8 6.4-12.8 12.8v134.4c0 6.4 6.4 12.8 12.8 12.8zM496 400H48V80c0-8.84-7.16-16-16-16H16C7.16 64 0 71.16 0 80v336c0 17.67 14.33 32 32 32h464c8.84 0 16-7.16 16-16v-16c0-8.84-7.16-16-16-16zm-387.2-48h22.4c6.4 0 12.8-6.4 12.8-12.8v-70.4c0-6.4-6.4-12.8-12.8-12.8h-22.4c-6.4 0-12.8 6.4-12.8 12.8v70.4c0 6.4 6.4 12.8 12.8 12.8z\" class=\"\"><\/path><\/svg><\/i> <img loading=\"lazy\" decoding=\"async\" width=\"16\" height=\"16\" alt=\"Loading\" src=\"https:\/\/temucotelevision.cl\/web\/wp-content\/plugins\/page-views-count\/ajax-loader-2x.gif\" border=0 \/><\/p>\n<div class=\"pvc_clear\"><\/div>\n<p>Durante su estad\u00eda, la autoridad de salud se reuni\u00f3 con directivos y gremios de la salud, adem\u00e1s de conocer estrategias<\/p>\n","protected":false},"author":1,"featured_media":36732,"comment_status":"open","ping_status":"open","sticky":false,"template":"","format":"standard","meta":{"colormag_page_container_layout":"default_layout","colormag_page_sidebar_layout":"default_layout","footnotes":""},"categories":[14],"tags":[128,333,1533,1426],"class_list":["post-36731","post","type-post","status-publish","format-standard","has-post-thumbnail","hentry","category-temuco","tag-hospital","tag-obras","tag-subsecretario","tag-urgencia"],"a3_pvc":{"activated":true,"total_views":52,"today_views":0},"_links":{"self":[{"href":"https:\/\/temucotelevision.cl\/web\/wp-json\/wp\/v2\/posts\/36731","targetHints":{"allow":["GET"]}}],"collection":[{"href":"https:\/\/temucotelevision.cl\/web\/wp-json\/wp\/v2\/posts"}],"about":[{"href":"https:\/\/temucotelevision.cl\/web\/wp-json\/wp\/v2\/types\/post"}],"author":[{"embeddable":true,"href":"https:\/\/temucotelevision.cl\/web\/wp-json\/wp\/v2\/users\/1"}],"replies":[{"embeddable":true,"href":"https:\/\/temucotelevision.cl\/web\/wp-json\/wp\/v2\/comments?post=36731"}],"version-history":[{"count":1,"href":"https:\/\/temucotelevision.cl\/web\/wp-json\/wp\/v2\/posts\/36731\/revisions"}],"predecessor-version":[{"id":36733,"href":"https:\/\/temucotelevision.cl\/web\/wp-json\/wp\/v2\/posts\/36731\/revisions\/36733"}],"wp:featuredmedia":[{"embeddable":true,"href":"https:\/\/temucotelevision.cl\/web\/wp-json\/wp\/v2\/media\/36732"}],"wp:attachment":[{"href":"https:\/\/temucotelevision.cl\/web\/wp-json\/wp\/v2\/media?parent=36731"}],"wp:term":[{"taxonomy":"category","embeddable":true,"href":"https:\/\/temucotelevision.cl\/web\/wp-json\/wp\/v2\/categories?post=36731"},{"taxonomy":"post_tag","embeddable":true,"href":"https:\/\/temucotelevision.cl\/web\/wp-json\/wp\/v2\/tags?post=36731"}],"curies":[{"name":"wp","href":"https:\/\/api.w.org\/{rel}","templated":true}]}}