{"id":36724,"date":"2022-11-16T12:05:35","date_gmt":"2022-11-16T15:05:35","guid":{"rendered":"https:\/\/temucotelevision.cl\/web\/?p=36724"},"modified":"2022-11-17T22:51:29","modified_gmt":"2022-11-18T01:51:29","slug":"fundacion-cmpc-lanza-libro-te-miro-te-hablo-y-aprendemos-juntos-con-relatos-de-cuidadores-educando-en-pandemia","status":"publish","type":"post","link":"https:\/\/temucotelevision.cl\/web\/2022\/11\/16\/fundacion-cmpc-lanza-libro-te-miro-te-hablo-y-aprendemos-juntos-con-relatos-de-cuidadores-educando-en-pandemia\/","title":{"rendered":"Fundaci\u00f3n CMPC lanza libro \u201cTe Miro, Te hablo y Aprendemos Juntos\u201d con relatos de cuidadores educando en pandemia\u00a0"},"content":{"rendered":"<div class=\"pvc_clear\"><\/div><p id=\"pvc_stats_36724\" class=\"pvc_stats total_only  \" data-element-id=\"36724\" style=\"\"><i class=\"pvc-stats-icon large\" aria-hidden=\"true\"><svg aria-hidden=\"true\" focusable=\"false\" data-prefix=\"far\" data-icon=\"chart-bar\" role=\"img\" xmlns=\"http:\/\/www.w3.org\/2000\/svg\" viewBox=\"0 0 512 512\" class=\"svg-inline--fa fa-chart-bar fa-w-16 fa-2x\"><path fill=\"currentColor\" d=\"M396.8 352h22.4c6.4 0 12.8-6.4 12.8-12.8V108.8c0-6.4-6.4-12.8-12.8-12.8h-22.4c-6.4 0-12.8 6.4-12.8 12.8v230.4c0 6.4 6.4 12.8 12.8 12.8zm-192 0h22.4c6.4 0 12.8-6.4 12.8-12.8V140.8c0-6.4-6.4-12.8-12.8-12.8h-22.4c-6.4 0-12.8 6.4-12.8 12.8v198.4c0 6.4 6.4 12.8 12.8 12.8zm96 0h22.4c6.4 0 12.8-6.4 12.8-12.8V204.8c0-6.4-6.4-12.8-12.8-12.8h-22.4c-6.4 0-12.8 6.4-12.8 12.8v134.4c0 6.4 6.4 12.8 12.8 12.8zM496 400H48V80c0-8.84-7.16-16-16-16H16C7.16 64 0 71.16 0 80v336c0 17.67 14.33 32 32 32h464c8.84 0 16-7.16 16-16v-16c0-8.84-7.16-16-16-16zm-387.2-48h22.4c6.4 0 12.8-6.4 12.8-12.8v-70.4c0-6.4-6.4-12.8-12.8-12.8h-22.4c-6.4 0-12.8 6.4-12.8 12.8v70.4c0 6.4 6.4 12.8 12.8 12.8z\" class=\"\"><\/path><\/svg><\/i> <img loading=\"lazy\" decoding=\"async\" width=\"16\" height=\"16\" alt=\"Loading\" src=\"https:\/\/temucotelevision.cl\/web\/wp-content\/plugins\/page-views-count\/ajax-loader-2x.gif\" border=0 \/><\/p><div class=\"pvc_clear\"><\/div>\n<p><strong><em>Los distintos testimonios coinciden en que los programas de Fundaci\u00f3n CMPC empoderan a las familias como los primeros educadores de sus hijos e hijas.<\/em><\/strong><\/p>\n\n\n\n<iframe loading=\"lazy\" width=\"560\" height=\"315\" src=\"https:\/\/www.youtube.com\/embed\/QLlSHiZIYhs\" title=\"YouTube video player\" frameborder=\"0\" allow=\"accelerometer; autoplay; clipboard-write; encrypted-media; gyroscope; picture-in-picture\" allowfullscreen><\/iframe>\n\n\n\n<p>Conexi\u00f3n, confianza, jugando juntos, acercarse, conocerse, emociones, aprender y compa\u00f1\u00eda, son los conceptos que m\u00e1s destacan los padres, madres y cuidadores tras participar en uno de los tres programas que Fundaci\u00f3n CMPC tiene disponible en siete regiones del pa\u00eds. Son distintas comunas y de grupos familiares diversos, pero alcanzaron un objetivo com\u00fan: convertirse en los primeros educadores de sus ni\u00f1os y ni\u00f1as.<\/p>\n\n\n\n<p>\u00bfC\u00f3mo lo lograron? Participando en los programas HIPPY, Criando y Creciendo (C&amp;C) o Acompa\u00f1amiento a Escuelas (AE), cuyos testimonios quedaron plasmados en el libro \u201cTe Miro, Te Hablo y Aprendemos Juntos\u201d, que Fundaci\u00f3n CMPC lanza hoy en la ciudad de Temuco, regi\u00f3n de La Araucan\u00eda.<\/p>\n\n\n\n<p>\u201cEstamos convencidos de que es primordial que padres, madres y\/o cuidadores se empoderen como los primeros educadores de sus hijos e hijas. Y qu\u00e9 mejor que conocer, en primera persona, sus experiencias, sus frustraciones, sus logros, y por sobre todo, sus aprendizajes\u201d, se\u00f1ala Carolina Andueza, directora ejecutiva Fundaci\u00f3n CMPC.&nbsp; &nbsp;<\/p>\n\n\n\n<p>La literatura destaca que las relaciones c\u00e1lidas entre ni\u00f1os y ni\u00f1as y sus cuidadores, influyen en su desarrollo integral y cognitivo a largo plazo. Es por eso que en gran parte de los 28 testimonios que aparecen en el libro, las familias destacan que conocerse a s\u00ed mismas y a los hijos e hijas es clave para sus futuros aprendizajes, sobre todo cuando se pasa por un periodo tan complejo como fue la pandemia.<\/p>\n\n\n\n<p>Natalia \u00c1lvarez, mam\u00e1 del programa C&amp;C de la comuna de Laja, afirma en el libro que \u201ccada sesi\u00f3n fue un aprendizaje nuevo, fue un aprendizaje en el que me conoc\u00eda m\u00e1s y conoc\u00eda m\u00e1s a mi hijo de c\u00f3mo poder ayudarlo. Porque de repente uno, por m\u00e1s que sea mam\u00e1, no tiene las herramientas o no tiene el conocimiento necesario para poder apoyar a su hijo. Antes de los talleres me sent\u00eda una muy mala mam\u00e1\u201d.<\/p>\n\n\n\n<p>Entendiendo que es fundamental el rol de los cuidadores en el aprendizaje de los ni\u00f1os y ni\u00f1as, Fundaci\u00f3n CMPC ha trabajado con ellos entreg\u00e1ndoles diversas estrategias que tambi\u00e9n est\u00e1n reflejados en los testimonios del libro, como es el caso de la mam\u00e1 HIPPY, Lorena Hern\u00e1ndez, de la comuna de Hualqui: \u201cAntes como que me sent\u00eda \u2018ya, no sabe, no quiere aprender\u2019. \u2018Ya, yo no le ense\u00f1o nada. Si yo no soy profesora, \u00bfc\u00f3mo le voy a ense\u00f1ar?\u2019. As\u00ed. Y ahora con HIPPY he aprendido que hay que tener paciencia, de c\u00f3mo ellos pueden, no al nivel de uno, porque uno ya sabe y ellos est\u00e1n comenzando\u201d.<\/p>\n\n\n\n<p>Mientras que Hayd\u00e9e Tapia, del programa Acompa\u00f1amiento a Escuelas (AE), puntualiza que \u201ca m\u00ed como apoderada me ense\u00f1\u00f3 mucho a la vez para yo ir ense\u00f1\u00e1ndole a mi hijo tambi\u00e9n, (los videos educativos) eran s\u00faper buenos, te explicaban tambi\u00e9n los pasos y todo a seguir, entonces, a m\u00ed me queda s\u00faper c\u00f3modo ense\u00f1arle despu\u00e9s a \u00e9l\u201d.<\/p>\n\n\n\n<p>Otro tema que tambi\u00e9n es parte de la columna vertebral de los testimonios entregados por las familias es c\u00f3mo tomar el juego como una forma que tienen ni\u00f1os y ni\u00f1as para interactuar con el mundo y aprender.&nbsp;<\/p>\n\n\n\n<p>\u201cEn HIPPY buscaban la forma bonita de ense\u00f1arles, que a ellos les quedara. Para mi hija fue harta la diferencia de estudiar y aprender jugando, porque para ella no era el n\u00famero del uno al tres sino vamos a contar los \u00e1rboles del uno al tres\u201d, resalta en el libro Susana Escobar, mam\u00e1 HIPPY.<\/p>\n\n\n\n<p>La investigadora y autora del libro, Cecilia Vald\u00e9s, explica que estos \u201crelatos narran los cambios de vida, en primera persona, vividos por familias que participan de los programas de fundaci\u00f3n, hilados con estudios y literatura que evidencian la importancia de estas tem\u00e1ticas para acortar la brecha en el desarrollo desde los primeros a\u00f1os\u201d.<\/p>\n\n\n\n<p>El programa m\u00e1s antiguo que tiene Fundaci\u00f3n CMPC es Acompa\u00f1amiento a Escuelas, que busca apoyar y dar asesor\u00edas a escuelas de distintas regiones del pa\u00eds desde el a\u00f1o 2000. A trav\u00e9s de un modelo de capacitaci\u00f3n y asesor\u00eda integral desarrollado por fundaci\u00f3n, promueve la instalaci\u00f3n de aprendizajes en el aula, las escuelas, las familias y comunas.&nbsp;<\/p>\n\n\n\n<p>Criando y Creciendo, nace en el a\u00f1o 2016, es un programa de 7 talleres para cuidadores, y centros educativos, cuyo objetivo es promover el desarrollo del lenguaje y socioemocional en ni\u00f1os y ni\u00f1as. Los talleres promueven las interacciones de calidad y el desarrollo de habilidades maparentales.<\/p>\n\n\n\n<p>Finalmente, el programa HIPPY -denominado as\u00ed por su nombre en ingl\u00e9s&nbsp;<em>Home Instruction for Parents of Preschool Youngsters<\/em>&#8211; es un programa de visitas domiciliarias que surgi\u00f3 en Israel hace 50 a\u00f1os y que actualmente tiene presencia en 15 pa\u00edses. Busca empoderar a los padres, madres y\/o cuidadores para que sean los primeros educadores y formadores de sus hijos\/as, promoviendo el desarrollo del lenguaje, motor cognitivo y socioemocional de ni\u00f1os\/as de entre dos y cuatro a\u00f1os.&nbsp;&nbsp;&nbsp;<\/p>\n\n\n\n<p>El libro \u201cTe Miro, Te Hablo y Aprendemos Juntos\u201d est\u00e1 disponible en forma gratuita en la p\u00e1gina web de Fundaci\u00f3n en&nbsp;<a rel=\"noreferrer noopener\" href=\"http:\/\/www.fundacioncmpc.cl\/\" target=\"_blank\">www.fundacioncmpc.cl<\/a><\/p>\n\n\n\n<figure class=\"wp-block-image size-large\"><img loading=\"lazy\" decoding=\"async\" width=\"1024\" height=\"683\" src=\"https:\/\/temucotelevision.cl\/web\/wp-content\/uploads\/2022\/11\/Lanzamiento-Te-Miro-Te-hablo-y-Aprendemos-Juntos-1024x683.jpg\" alt=\"\" class=\"wp-image-36729\" srcset=\"https:\/\/temucotelevision.cl\/web\/wp-content\/uploads\/2022\/11\/Lanzamiento-Te-Miro-Te-hablo-y-Aprendemos-Juntos-1024x683.jpg 1024w, https:\/\/temucotelevision.cl\/web\/wp-content\/uploads\/2022\/11\/Lanzamiento-Te-Miro-Te-hablo-y-Aprendemos-Juntos-768x512.jpg 768w, https:\/\/temucotelevision.cl\/web\/wp-content\/uploads\/2022\/11\/Lanzamiento-Te-Miro-Te-hablo-y-Aprendemos-Juntos-1536x1024.jpg 1536w, https:\/\/temucotelevision.cl\/web\/wp-content\/uploads\/2022\/11\/Lanzamiento-Te-Miro-Te-hablo-y-Aprendemos-Juntos-2048x1365.jpg 2048w\" sizes=\"auto, (max-width: 1024px) 100vw, 1024px\" \/><\/figure>\n\n\n\n<figure class=\"wp-block-image size-large\"><img loading=\"lazy\" decoding=\"async\" width=\"1024\" height=\"683\" src=\"https:\/\/temucotelevision.cl\/web\/wp-content\/uploads\/2022\/11\/Lanzamiento-Te-Miro-Te-hablo-y-Aprendemos-Juntos-3-1024x683.jpg\" alt=\"\" class=\"wp-image-36726\" srcset=\"https:\/\/temucotelevision.cl\/web\/wp-content\/uploads\/2022\/11\/Lanzamiento-Te-Miro-Te-hablo-y-Aprendemos-Juntos-3-1024x683.jpg 1024w, https:\/\/temucotelevision.cl\/web\/wp-content\/uploads\/2022\/11\/Lanzamiento-Te-Miro-Te-hablo-y-Aprendemos-Juntos-3-768x512.jpg 768w, https:\/\/temucotelevision.cl\/web\/wp-content\/uploads\/2022\/11\/Lanzamiento-Te-Miro-Te-hablo-y-Aprendemos-Juntos-3-1536x1024.jpg 1536w, https:\/\/temucotelevision.cl\/web\/wp-content\/uploads\/2022\/11\/Lanzamiento-Te-Miro-Te-hablo-y-Aprendemos-Juntos-3-2048x1365.jpg 2048w\" sizes=\"auto, (max-width: 1024px) 100vw, 1024px\" \/><\/figure>\n","protected":false},"excerpt":{"rendered":"<div class=\"pvc_clear\"><\/div>\n<p id=\"pvc_stats_36724\" class=\"pvc_stats total_only  \" data-element-id=\"36724\" style=\"\"><i class=\"pvc-stats-icon large\" aria-hidden=\"true\"><svg aria-hidden=\"true\" focusable=\"false\" data-prefix=\"far\" data-icon=\"chart-bar\" role=\"img\" xmlns=\"http:\/\/www.w3.org\/2000\/svg\" viewBox=\"0 0 512 512\" class=\"svg-inline--fa fa-chart-bar fa-w-16 fa-2x\"><path fill=\"currentColor\" d=\"M396.8 352h22.4c6.4 0 12.8-6.4 12.8-12.8V108.8c0-6.4-6.4-12.8-12.8-12.8h-22.4c-6.4 0-12.8 6.4-12.8 12.8v230.4c0 6.4 6.4 12.8 12.8 12.8zm-192 0h22.4c6.4 0 12.8-6.4 12.8-12.8V140.8c0-6.4-6.4-12.8-12.8-12.8h-22.4c-6.4 0-12.8 6.4-12.8 12.8v198.4c0 6.4 6.4 12.8 12.8 12.8zm96 0h22.4c6.4 0 12.8-6.4 12.8-12.8V204.8c0-6.4-6.4-12.8-12.8-12.8h-22.4c-6.4 0-12.8 6.4-12.8 12.8v134.4c0 6.4 6.4 12.8 12.8 12.8zM496 400H48V80c0-8.84-7.16-16-16-16H16C7.16 64 0 71.16 0 80v336c0 17.67 14.33 32 32 32h464c8.84 0 16-7.16 16-16v-16c0-8.84-7.16-16-16-16zm-387.2-48h22.4c6.4 0 12.8-6.4 12.8-12.8v-70.4c0-6.4-6.4-12.8-12.8-12.8h-22.4c-6.4 0-12.8 6.4-12.8 12.8v70.4c0 6.4 6.4 12.8 12.8 12.8z\" class=\"\"><\/path><\/svg><\/i> <img loading=\"lazy\" decoding=\"async\" width=\"16\" height=\"16\" alt=\"Loading\" src=\"https:\/\/temucotelevision.cl\/web\/wp-content\/plugins\/page-views-count\/ajax-loader-2x.gif\" border=0 \/><\/p>\n<div class=\"pvc_clear\"><\/div>\n<p>Los distintos testimonios coinciden en que los programas de Fundaci\u00f3n CMPC empoderan a las familias como los primeros educadores de<\/p>\n","protected":false},"author":1,"featured_media":36725,"comment_status":"open","ping_status":"open","sticky":false,"template":"","format":"standard","meta":{"colormag_page_container_layout":"default_layout","colormag_page_sidebar_layout":"default_layout","footnotes":""},"categories":[101],"tags":[2365,1716,1273,2312,3827],"class_list":["post-36724","post","type-post","status-publish","format-standard","has-post-thumbnail","hentry","category-actualidad","tag-cmpc","tag-fundacion","tag-libro","tag-pandemia","tag-relatos"],"a3_pvc":{"activated":true,"total_views":46,"today_views":0},"_links":{"self":[{"href":"https:\/\/temucotelevision.cl\/web\/wp-json\/wp\/v2\/posts\/36724","targetHints":{"allow":["GET"]}}],"collection":[{"href":"https:\/\/temucotelevision.cl\/web\/wp-json\/wp\/v2\/posts"}],"about":[{"href":"https:\/\/temucotelevision.cl\/web\/wp-json\/wp\/v2\/types\/post"}],"author":[{"embeddable":true,"href":"https:\/\/temucotelevision.cl\/web\/wp-json\/wp\/v2\/users\/1"}],"replies":[{"embeddable":true,"href":"https:\/\/temucotelevision.cl\/web\/wp-json\/wp\/v2\/comments?post=36724"}],"version-history":[{"count":3,"href":"https:\/\/temucotelevision.cl\/web\/wp-json\/wp\/v2\/posts\/36724\/revisions"}],"predecessor-version":[{"id":36771,"href":"https:\/\/temucotelevision.cl\/web\/wp-json\/wp\/v2\/posts\/36724\/revisions\/36771"}],"wp:featuredmedia":[{"embeddable":true,"href":"https:\/\/temucotelevision.cl\/web\/wp-json\/wp\/v2\/media\/36725"}],"wp:attachment":[{"href":"https:\/\/temucotelevision.cl\/web\/wp-json\/wp\/v2\/media?parent=36724"}],"wp:term":[{"taxonomy":"category","embeddable":true,"href":"https:\/\/temucotelevision.cl\/web\/wp-json\/wp\/v2\/categories?post=36724"},{"taxonomy":"post_tag","embeddable":true,"href":"https:\/\/temucotelevision.cl\/web\/wp-json\/wp\/v2\/tags?post=36724"}],"curies":[{"name":"wp","href":"https:\/\/api.w.org\/{rel}","templated":true}]}}