{"id":36720,"date":"2022-11-16T11:59:19","date_gmt":"2022-11-16T14:59:19","guid":{"rendered":"https:\/\/temucotelevision.cl\/web\/?p=36720"},"modified":"2022-11-16T11:59:20","modified_gmt":"2022-11-16T14:59:20","slug":"diputada-morales-pide-al-ministerio-de-desarrollo-medidas-en-favor-de-ninos-en-campamentos","status":"publish","type":"post","link":"https:\/\/temucotelevision.cl\/web\/2022\/11\/16\/diputada-morales-pide-al-ministerio-de-desarrollo-medidas-en-favor-de-ninos-en-campamentos\/","title":{"rendered":"Diputada Morales pide al Ministerio de Desarrollo medidas en favor de ni\u00f1os en campamentos"},"content":{"rendered":"<div class=\"pvc_clear\"><\/div><p id=\"pvc_stats_36720\" class=\"pvc_stats total_only  \" data-element-id=\"36720\" style=\"\"><i class=\"pvc-stats-icon large\" aria-hidden=\"true\"><svg aria-hidden=\"true\" focusable=\"false\" data-prefix=\"far\" data-icon=\"chart-bar\" role=\"img\" xmlns=\"http:\/\/www.w3.org\/2000\/svg\" viewBox=\"0 0 512 512\" class=\"svg-inline--fa fa-chart-bar fa-w-16 fa-2x\"><path fill=\"currentColor\" d=\"M396.8 352h22.4c6.4 0 12.8-6.4 12.8-12.8V108.8c0-6.4-6.4-12.8-12.8-12.8h-22.4c-6.4 0-12.8 6.4-12.8 12.8v230.4c0 6.4 6.4 12.8 12.8 12.8zm-192 0h22.4c6.4 0 12.8-6.4 12.8-12.8V140.8c0-6.4-6.4-12.8-12.8-12.8h-22.4c-6.4 0-12.8 6.4-12.8 12.8v198.4c0 6.4 6.4 12.8 12.8 12.8zm96 0h22.4c6.4 0 12.8-6.4 12.8-12.8V204.8c0-6.4-6.4-12.8-12.8-12.8h-22.4c-6.4 0-12.8 6.4-12.8 12.8v134.4c0 6.4 6.4 12.8 12.8 12.8zM496 400H48V80c0-8.84-7.16-16-16-16H16C7.16 64 0 71.16 0 80v336c0 17.67 14.33 32 32 32h464c8.84 0 16-7.16 16-16v-16c0-8.84-7.16-16-16-16zm-387.2-48h22.4c6.4 0 12.8-6.4 12.8-12.8v-70.4c0-6.4-6.4-12.8-12.8-12.8h-22.4c-6.4 0-12.8 6.4-12.8 12.8v70.4c0 6.4 6.4 12.8 12.8 12.8z\" class=\"\"><\/path><\/svg><\/i> <img loading=\"lazy\" decoding=\"async\" width=\"16\" height=\"16\" alt=\"Loading\" src=\"https:\/\/temucotelevision.cl\/web\/wp-content\/plugins\/page-views-count\/ajax-loader-2x.gif\" border=0 \/><\/p><div class=\"pvc_clear\"><\/div>\n<ul class=\"wp-block-list\"><li><em>Busca conocer el trabajo que est\u00e1 realizando esta cartera y las principales cifras que existen a nivel nacional y en la Regi\u00f3n de O&#8217;Higgins.<\/em><\/li><\/ul>\n\n\n\n<p>El Ministerio de Vivienda entreg\u00f3 un catastro con el n\u00famero de campamentos en el pa\u00eds. Existen 1.091 de estos asentamientos que albergan a 71.961 hogares, el 48% de esas viviendas se encuentra bajo la l\u00ednea de la pobreza, y el 25% en la pobreza extrema. Esto supone el aumento de 37% con respecto a a\u00f1os anteriores, no obstante, refleja un incremento exponencial en la falta de condiciones m\u00ednimas para otorgar calidad de vida a muchos vecinos, adolescentes y ni\u00f1os. Seg\u00fan Techo y la Fundaci\u00f3n Vivienda hay 57.384 menores de 14 a\u00f1os que viven en estos lugares, a los cuales no se les garantizan derechos reconocidos a nivel internacional en favor de su protecci\u00f3n y desarrollo.<\/p>\n\n\n\n<p>A ra\u00edz de las preocupantes cifras sobre esta situaci\u00f3n que refleja la vulnerabilidad en que viven miles de menores de edad en Chile, la diputada de la Comisi\u00f3n de Desarrollo Social, Carla Morales, envi\u00f3 un oficio al ministro de Desarrollo Social y Familia, Giorgio Jackson; a la subsecretaria de la cartera, Yolanda Pizarro; y a la seremi de esta secretar\u00eda en la Regi\u00f3n de O&#8217;Higgins, Nayadeth Ahumada, solicitando las acciones que est\u00e1n realizando para ayudar a estos ni\u00f1os, ni\u00f1as y adolescentes.<\/p>\n\n\n\n<p>\u201cEl contexto de vivir en campamentos genera en ni\u00f1os y ni\u00f1as una infancia dif\u00edcil de sobrellevar sometida en la pobreza. Factores como la falta de una vivienda digna, vivir en un espacio reducido que no cumple con dar accesibilidad a servicios b\u00e1sicos m\u00ednimos, falta de transporte adecuado por la mala ubicaci\u00f3n de los asentamientos, din\u00e1micas familiares complejas, delincuencia e incluso la desnutrici\u00f3n, son dolencias que un ni\u00f1o o ni\u00f1a no deber\u00eda experimentar a su corta edad, es por ello que, debemos seguir impulsando pol\u00edticas p\u00fablicas que apunten a mejorar su calidad de vida\u201d, coment\u00f3 la parlamentaria por la Regi\u00f3n de O\u2019Higgins.<\/p>\n\n\n\n<p>En concreto est\u00e1 solicitando a las autoridades informaci\u00f3n como: cu\u00e1les han sido las medidas, planes y programas realizados hasta la fecha que tengan como objetivo la protecci\u00f3n de la ni\u00f1ez y adolescencia en los campamentos en Chile y en la Regi\u00f3n de O\u00b4Higgins. Se\u00f1alando presupuesto ejecutado y la cantidad de beneficiados.&nbsp;&nbsp;Adem\u00e1s, pidi\u00f3 la cantidad de ni\u00f1os, ni\u00f1as y adolescentes que viven bajo la l\u00ednea de la pobreza o extrema pobreza a nivel pa\u00eds y en esa zona.<\/p>\n\n\n\n<p>La representante de RN argument\u00f3 que \u201cvivir en un campamento no solo trae consigo dificultades en las condiciones de la vivienda o su entorno m\u00e1s cercano, sino tambi\u00e9n genera tintes sociales perjudiciales en los menores de edad, tales como exclusi\u00f3n social, discriminaci\u00f3n, estigmas o prejuicios hacia ellos en su vida p\u00fablica, situaci\u00f3n que claramente atenta contra su desarrollo\u201d.<\/p>\n\n\n\n<p>Por \u00faltimo, la congresista resalt\u00f3 que vivir en tal contexto, impide la seguridad jur\u00eddica de la tenencia de un hogar, la disponibilidad de servicios b\u00e1sicos m\u00ednimos, materiales e infraestructura, gastos soportables,&nbsp;&nbsp;habitabilidad, accesibilidad econ\u00f3mica, una localizaci\u00f3n adecuada y por supuesto una adecuaci\u00f3n cultural, par\u00e1metros que la ONU ha establecidos como ejes principales para la vivienda adecuada en el Pacto Internacional de Derechos Econ\u00f3micos, Sociales y Generales, el cual fue ratificado por el Estado de Chile en el a\u00f1o 1972.<\/p>\n","protected":false},"excerpt":{"rendered":"<div class=\"pvc_clear\"><\/div>\n<p id=\"pvc_stats_36720\" class=\"pvc_stats total_only  \" data-element-id=\"36720\" style=\"\"><i class=\"pvc-stats-icon large\" aria-hidden=\"true\"><svg aria-hidden=\"true\" focusable=\"false\" data-prefix=\"far\" data-icon=\"chart-bar\" role=\"img\" xmlns=\"http:\/\/www.w3.org\/2000\/svg\" viewBox=\"0 0 512 512\" class=\"svg-inline--fa fa-chart-bar fa-w-16 fa-2x\"><path fill=\"currentColor\" d=\"M396.8 352h22.4c6.4 0 12.8-6.4 12.8-12.8V108.8c0-6.4-6.4-12.8-12.8-12.8h-22.4c-6.4 0-12.8 6.4-12.8 12.8v230.4c0 6.4 6.4 12.8 12.8 12.8zm-192 0h22.4c6.4 0 12.8-6.4 12.8-12.8V140.8c0-6.4-6.4-12.8-12.8-12.8h-22.4c-6.4 0-12.8 6.4-12.8 12.8v198.4c0 6.4 6.4 12.8 12.8 12.8zm96 0h22.4c6.4 0 12.8-6.4 12.8-12.8V204.8c0-6.4-6.4-12.8-12.8-12.8h-22.4c-6.4 0-12.8 6.4-12.8 12.8v134.4c0 6.4 6.4 12.8 12.8 12.8zM496 400H48V80c0-8.84-7.16-16-16-16H16C7.16 64 0 71.16 0 80v336c0 17.67 14.33 32 32 32h464c8.84 0 16-7.16 16-16v-16c0-8.84-7.16-16-16-16zm-387.2-48h22.4c6.4 0 12.8-6.4 12.8-12.8v-70.4c0-6.4-6.4-12.8-12.8-12.8h-22.4c-6.4 0-12.8 6.4-12.8 12.8v70.4c0 6.4 6.4 12.8 12.8 12.8z\" class=\"\"><\/path><\/svg><\/i> <img loading=\"lazy\" decoding=\"async\" width=\"16\" height=\"16\" alt=\"Loading\" src=\"https:\/\/temucotelevision.cl\/web\/wp-content\/plugins\/page-views-count\/ajax-loader-2x.gif\" border=0 \/><\/p>\n<div class=\"pvc_clear\"><\/div>\n<p>Busca conocer el trabajo que est\u00e1 realizando esta cartera y las principales cifras que existen a nivel nacional y en<\/p>\n","protected":false},"author":1,"featured_media":36722,"comment_status":"open","ping_status":"open","sticky":false,"template":"","format":"standard","meta":{"colormag_page_container_layout":"default_layout","colormag_page_sidebar_layout":"default_layout","footnotes":""},"categories":[84],"tags":[2254,788,620,5958],"class_list":["post-36720","post","type-post","status-publish","format-standard","has-post-thumbnail","hentry","category-politica","tag-campamentos","tag-diputada","tag-medidas","tag-morales"],"a3_pvc":{"activated":true,"total_views":26,"today_views":0},"_links":{"self":[{"href":"https:\/\/temucotelevision.cl\/web\/wp-json\/wp\/v2\/posts\/36720","targetHints":{"allow":["GET"]}}],"collection":[{"href":"https:\/\/temucotelevision.cl\/web\/wp-json\/wp\/v2\/posts"}],"about":[{"href":"https:\/\/temucotelevision.cl\/web\/wp-json\/wp\/v2\/types\/post"}],"author":[{"embeddable":true,"href":"https:\/\/temucotelevision.cl\/web\/wp-json\/wp\/v2\/users\/1"}],"replies":[{"embeddable":true,"href":"https:\/\/temucotelevision.cl\/web\/wp-json\/wp\/v2\/comments?post=36720"}],"version-history":[{"count":1,"href":"https:\/\/temucotelevision.cl\/web\/wp-json\/wp\/v2\/posts\/36720\/revisions"}],"predecessor-version":[{"id":36723,"href":"https:\/\/temucotelevision.cl\/web\/wp-json\/wp\/v2\/posts\/36720\/revisions\/36723"}],"wp:featuredmedia":[{"embeddable":true,"href":"https:\/\/temucotelevision.cl\/web\/wp-json\/wp\/v2\/media\/36722"}],"wp:attachment":[{"href":"https:\/\/temucotelevision.cl\/web\/wp-json\/wp\/v2\/media?parent=36720"}],"wp:term":[{"taxonomy":"category","embeddable":true,"href":"https:\/\/temucotelevision.cl\/web\/wp-json\/wp\/v2\/categories?post=36720"},{"taxonomy":"post_tag","embeddable":true,"href":"https:\/\/temucotelevision.cl\/web\/wp-json\/wp\/v2\/tags?post=36720"}],"curies":[{"name":"wp","href":"https:\/\/api.w.org\/{rel}","templated":true}]}}